{"id":3630,"date":"2019-03-24T18:50:21","date_gmt":"2019-03-24T17:50:21","guid":{"rendered":"http:\/\/asvpnf.com\/?p=3630"},"modified":"2019-04-28T13:34:09","modified_gmt":"2019-04-28T12:34:09","slug":"a-propos-des-funerailles-de-la-grande-dame-de-roz-avel-demeurant-8-rue-bertrand-de-rosmadec-a-quimper","status":"publish","type":"post","link":"https:\/\/asvpnf.com\/index.php\/2019\/03\/24\/a-propos-des-funerailles-de-la-grande-dame-de-roz-avel-demeurant-8-rue-bertrand-de-rosmadec-a-quimper\/","title":{"rendered":"A propos des fun\u00e9railles de la\u00a0 Grande Dame de Roz Avel demeurant 8 rue Bertrand de Rosmadec \u00e0 Quimper"},"content":{"rendered":"<div>Le 3 juillet 1991 l&rsquo;Ecole Normale Primaire d&rsquo;Instituteurs de Quimper, inaugur\u00e9e en 1884 et apr\u00e8s 107 ans de\u00a0 bons et loyaux services au profit de la R\u00e9publique, se voyait contrainte -en tant qu&rsquo;institution d\u00e9volue \u00e0 la formation des ma\u00eetres de l&rsquo;\u00e9cole publique-de mettre un terme \u00e0 sa noble t\u00e2che.<\/div>\n<div>Pour la circonstance et\u00a0 selon les traditions fondatrices de l&rsquo;esprit normalien, les derniers descendants, futurs instituteurs, organis\u00e8rent des c\u00e9r\u00e9monies rest\u00e9es quelque peu in\u00e9dites. Au moyen des archives personnelles d&rsquo;une ancienne normalienne devenue professeur de math\u00e9matiques \u00e0 l&rsquo;ENG, gracieusement mises \u00e0 notre disposition par son ayant droit,\u00a0nous avons pu rassembler quelques uns des souvenirs \u00e9mouvants de cet \u00e9v\u00e8nement.<\/div>\n<div>Les visiteurs int\u00e9ress\u00e9s pourront\u00a0 consulter les fichiers correspondants\u00a0 en cliquant ici:<\/div>\n<div>&#8211; Premier document :<a href=\"http:\/\/asvpnf.com\/wp-content\/uploads\/2019\/03\/Premier-document-.-Invitation-aux-ceremonies-funeraires.doc\" target=\"_blank\" rel=\"noopener noreferrer\">\u00a0Faire&#8211;part de d\u00e9c\u00e8s et invitations aux c\u00e9r\u00e9monies<\/a><\/div>\n<div>&#8211; Deuxi\u00e8me document :\u00a0<a href=\"http:\/\/asvpnf.com\/wp-content\/uploads\/2019\/03\/Deuxieme-document-.-Aux-obseques-de-lENG-le-3-juillet-1991.doc\" target=\"_blank\" rel=\"noopener noreferrer\">Photos souvenirs<\/a><\/div>\n<div>&#8211; Troisi\u00e8me document :\u00a0 <a href=\"http:\/\/asvpnf.com\/wp-content\/uploads\/2019\/03\/Troisieme-document.Le-Tour-de-France-par-deux-enfants.doc\" target=\"_blank\" rel=\"noopener noreferrer\">Le Tour de France par deux enfants. G. Bruno).<\/a><\/div>\n<div>&#8211; Quatri\u00e8me document :\u00a0<a href=\"http:\/\/asvpnf.com\/wp-content\/uploads\/2019\/03\/Quatrie\u0300me-document2-LXXVII-La-cote-de-Provence-extrait-du-Tour-de-La-France-par-deux-enfants-version-de-1904.doc\" target=\"_blank\" rel=\"noopener noreferrer\">\u00ab\u00a0Ayons tous un m\u00eame coeur pour aimer la France\u00a0\u00bb<\/a><\/div>\n","protected":false},"excerpt":{"rendered":"<p>Le 3 juillet 1991 l&rsquo;Ecole Normale Primaire d&rsquo;Instituteurs de Quimper, inaugur\u00e9e en 1884 et apr\u00e8s 107 ans de\u00a0 bons et loyaux services au profit de la R\u00e9publique, se voyait contrainte -en tant qu&rsquo;institution d\u00e9volue \u00e0 la formation des ma\u00eetres de <a class=\"more-link\" href=\"https:\/\/asvpnf.com\/index.php\/2019\/03\/24\/a-propos-des-funerailles-de-la-grande-dame-de-roz-avel-demeurant-8-rue-bertrand-de-rosmadec-a-quimper\/\">En lire plus &#8230;<\/a><\/p>\n","protected":false},"author":4,"featured_media":0,"comment_status":"closed","ping_status":"closed","sticky":false,"template":"","format":"standard","meta":{"spay_email":""},"categories":[16],"tags":[],"jetpack_featured_media_url":"","_links":{"self":[{"href":"https:\/\/asvpnf.com\/index.php\/wp-json\/wp\/v2\/posts\/3630"}],"collection":[{"href":"https:\/\/asvpnf.com\/index.php\/wp-json\/wp\/v2\/posts"}],"about":[{"href":"https:\/\/asvpnf.com\/index.php\/wp-json\/wp\/v2\/types\/post"}],"author":[{"embeddable":true,"href":"https:\/\/asvpnf.com\/index.php\/wp-json\/wp\/v2\/users\/4"}],"replies":[{"embeddable":true,"href":"https:\/\/asvpnf.com\/index.php\/wp-json\/wp\/v2\/comments?post=3630"}],"version-history":[{"count":3,"href":"https:\/\/asvpnf.com\/index.php\/wp-json\/wp\/v2\/posts\/3630\/revisions"}],"predecessor-version":[{"id":3704,"href":"https:\/\/asvpnf.com\/index.php\/wp-json\/wp\/v2\/posts\/3630\/revisions\/3704"}],"wp:attachment":[{"href":"https:\/\/asvpnf.com\/index.php\/wp-json\/wp\/v2\/media?parent=3630"}],"wp:term":[{"taxonomy":"category","embeddable":true,"href":"https:\/\/asvpnf.com\/index.php\/wp-json\/wp\/v2\/categories?post=3630"},{"taxonomy":"post_tag","embeddable":true,"href":"https:\/\/asvpnf.com\/index.php\/wp-json\/wp\/v2\/tags?post=3630"}],"curies":[{"name":"wp","href":"https:\/\/api.w.org\/{rel}","templated":true}]}}