{"id":3870,"date":"2019-07-18T13:05:57","date_gmt":"2019-07-18T12:05:57","guid":{"rendered":"http:\/\/asvpnf.com\/?p=3870"},"modified":"2019-07-18T13:05:57","modified_gmt":"2019-07-18T12:05:57","slug":"quand-a-la-rentree-1938-et-malgre-le-contexte-charge-on-envisage-encore-les-reformes-de-lenseignement-initiees-par-jean-zay-sous-le-front-populaire","status":"publish","type":"post","link":"https:\/\/asvpnf.com\/index.php\/2019\/07\/18\/quand-a-la-rentree-1938-et-malgre-le-contexte-charge-on-envisage-encore-les-reformes-de-lenseignement-initiees-par-jean-zay-sous-le-front-populaire\/","title":{"rendered":"Quand \u00e0 la rentr\u00e9e 1938\u00a0 et malgr\u00e9 le contexte charg\u00e9, on envisage encore les r\u00e9formes de l&rsquo;Enseignement initi\u00e9es par Jean ZAY sous le Front Populaire,"},"content":{"rendered":"<div dir=\"ltr\" style=\"text-align: justify;\">le journal catholique et royaliste La R\u00e9sistance\u00a0appelle <em>a priori<\/em> \u00e0 la d\u00e9sob\u00e9issance civique et \u00e0 la guerre scolaire.<\/div>\n<div dir=\"ltr\" style=\"text-align: justify;\" data-setdir=\"false\">Les visiteurs int\u00e9ress\u00e9s pourront consulter \u00e0 ce sujet <a href=\"http:\/\/asvpnf.com\/wp-content\/uploads\/2019\/07\/Document-1-Jean-Zay-ou-le-destin-brise-du-Front-populaire.pdf\" target=\"_blank\" rel=\"noopener noreferrer\">en cliquant ici<\/a>\u00a0un document relatif \u00e0 Jean ZAY <a href=\"http:\/\/asvpnf.com\/wp-content\/uploads\/2019\/07\/Document-2-La-reforme-de-lenseignement-1er-octobre-1938.pdf\" target=\"_blank\" rel=\"noopener noreferrer\">et ici<\/a>\u00a0un document 2\u00a0 reproduisant l&rsquo;article paru dans <em>La R\u00e9sistance<\/em>, le 1er octobre 1938.<\/div>\n","protected":false},"excerpt":{"rendered":"<p>le journal catholique et royaliste La R\u00e9sistance\u00a0appelle a priori \u00e0 la d\u00e9sob\u00e9issance civique et \u00e0 la guerre scolaire. Les visiteurs int\u00e9ress\u00e9s pourront consulter \u00e0 ce sujet en cliquant ici\u00a0un document relatif \u00e0 Jean ZAY et ici\u00a0un document 2\u00a0 reproduisant l&rsquo;article <a class=\"more-link\" href=\"https:\/\/asvpnf.com\/index.php\/2019\/07\/18\/quand-a-la-rentree-1938-et-malgre-le-contexte-charge-on-envisage-encore-les-reformes-de-lenseignement-initiees-par-jean-zay-sous-le-front-populaire\/\">En lire plus &#8230;<\/a><\/p>\n","protected":false},"author":4,"featured_media":0,"comment_status":"closed","ping_status":"closed","sticky":false,"template":"","format":"standard","meta":{"spay_email":""},"categories":[10],"tags":[],"jetpack_featured_media_url":"","_links":{"self":[{"href":"https:\/\/asvpnf.com\/index.php\/wp-json\/wp\/v2\/posts\/3870"}],"collection":[{"href":"https:\/\/asvpnf.com\/index.php\/wp-json\/wp\/v2\/posts"}],"about":[{"href":"https:\/\/asvpnf.com\/index.php\/wp-json\/wp\/v2\/types\/post"}],"author":[{"embeddable":true,"href":"https:\/\/asvpnf.com\/index.php\/wp-json\/wp\/v2\/users\/4"}],"replies":[{"embeddable":true,"href":"https:\/\/asvpnf.com\/index.php\/wp-json\/wp\/v2\/comments?post=3870"}],"version-history":[{"count":1,"href":"https:\/\/asvpnf.com\/index.php\/wp-json\/wp\/v2\/posts\/3870\/revisions"}],"predecessor-version":[{"id":3873,"href":"https:\/\/asvpnf.com\/index.php\/wp-json\/wp\/v2\/posts\/3870\/revisions\/3873"}],"wp:attachment":[{"href":"https:\/\/asvpnf.com\/index.php\/wp-json\/wp\/v2\/media?parent=3870"}],"wp:term":[{"taxonomy":"category","embeddable":true,"href":"https:\/\/asvpnf.com\/index.php\/wp-json\/wp\/v2\/categories?post=3870"},{"taxonomy":"post_tag","embeddable":true,"href":"https:\/\/asvpnf.com\/index.php\/wp-json\/wp\/v2\/tags?post=3870"}],"curies":[{"name":"wp","href":"https:\/\/api.w.org\/{rel}","templated":true}]}}