{"id":4004,"date":"2019-09-29T15:09:54","date_gmt":"2019-09-29T14:09:54","guid":{"rendered":"http:\/\/asvpnf.com\/?p=4004"},"modified":"2019-09-29T15:44:24","modified_gmt":"2019-09-29T14:44:24","slug":"les-oeuvres-inedites-de-pierre-jakez-helias-revelees-a-loccasion-du-vingt-quatrieme-anniversaire-de-son-deces","status":"publish","type":"post","link":"https:\/\/asvpnf.com\/index.php\/2019\/09\/29\/les-oeuvres-inedites-de-pierre-jakez-helias-revelees-a-loccasion-du-vingt-quatrieme-anniversaire-de-son-deces\/","title":{"rendered":"Les\u00a0oeuvres\u00a0\u00a0in\u00e9dites de Pierre Jakez H\u00e9lias r\u00e9v\u00e9l\u00e9es \u00e0 l&rsquo;occasion du vingt quatri\u00e8me anniversaire de son d\u00e9c\u00e8s"},"content":{"rendered":"<div>\n<div>\n<div dir=\"ltr\" style=\"text-align: justify;\" data-setdir=\"false\">Les visiteurs int\u00e9ress\u00e9s pourront consulter \u00e0 ce propos, <a href=\"http:\/\/asvpnf.com\/wp-content\/uploads\/2019\/09\/P-J-HELIAS-OF-13-aou\u0302t-2019.pdf\" target=\"_blank\" rel=\"noopener noreferrer\">en cliquant ici<\/a>, un article paru dans Ouest-France du 13 ao\u00fbt 2019\u00a0 faisant \u00e9tat de la mise \u00e0 jour r\u00e9cente de po\u00e8mes \u00e9crits,dans la derni\u00e8re partie de sa vie, par notre ancien Professeur de Fran\u00e7ais \u00e0 l&rsquo;ENG de Quimper\u00a0(de 1946 \u00e0 1975).<\/div>\n<div dir=\"ltr\" data-setdir=\"false\">\n<div dir=\"ltr\">Ils pourront \u00e9galement retrouver, <a href=\"http:\/\/asvpnf.com\/wp-content\/uploads\/2019\/09\/Document-2-P-J-Helias-OF-aout-2019.pdf\" target=\"_blank\" rel=\"noopener noreferrer\">en cliquant ici<\/a>, une br\u00e8ve biographie de P-J. H\u00e9lias et quelques uns de ses po\u00e8mes in\u00e9dits transcrits dans le m\u00eame num\u00e9ro de Ouest-France.<\/div>\n<div dir=\"ltr\"><\/div>\n<div dir=\"ltr\">Que Flora Chauveau, journaliste \u00e0 Ouest-France\u00a0qui nous a accord\u00e9 l&rsquo;autorisation de reproduire son article, et sa coll\u00e8gue\u00a0 Emma Deunf\u00a0 soient chaleureusement remerci\u00e9es pour leur contribution.<\/div>\n<\/div>\n<\/div>\n<\/div>\n","protected":false},"excerpt":{"rendered":"<p>Les visiteurs int\u00e9ress\u00e9s pourront consulter \u00e0 ce propos, en cliquant ici, un article paru dans Ouest-France du 13 ao\u00fbt 2019\u00a0 faisant \u00e9tat de la mise \u00e0 jour r\u00e9cente de po\u00e8mes \u00e9crits,dans la derni\u00e8re partie de sa vie, par notre ancien <a class=\"more-link\" href=\"https:\/\/asvpnf.com\/index.php\/2019\/09\/29\/les-oeuvres-inedites-de-pierre-jakez-helias-revelees-a-loccasion-du-vingt-quatrieme-anniversaire-de-son-deces\/\">En lire plus &#8230;<\/a><\/p>\n","protected":false},"author":4,"featured_media":0,"comment_status":"closed","ping_status":"closed","sticky":false,"template":"","format":"standard","meta":{"spay_email":""},"categories":[11],"tags":[],"jetpack_featured_media_url":"","_links":{"self":[{"href":"https:\/\/asvpnf.com\/index.php\/wp-json\/wp\/v2\/posts\/4004"}],"collection":[{"href":"https:\/\/asvpnf.com\/index.php\/wp-json\/wp\/v2\/posts"}],"about":[{"href":"https:\/\/asvpnf.com\/index.php\/wp-json\/wp\/v2\/types\/post"}],"author":[{"embeddable":true,"href":"https:\/\/asvpnf.com\/index.php\/wp-json\/wp\/v2\/users\/4"}],"replies":[{"embeddable":true,"href":"https:\/\/asvpnf.com\/index.php\/wp-json\/wp\/v2\/comments?post=4004"}],"version-history":[{"count":3,"href":"https:\/\/asvpnf.com\/index.php\/wp-json\/wp\/v2\/posts\/4004\/revisions"}],"predecessor-version":[{"id":4013,"href":"https:\/\/asvpnf.com\/index.php\/wp-json\/wp\/v2\/posts\/4004\/revisions\/4013"}],"wp:attachment":[{"href":"https:\/\/asvpnf.com\/index.php\/wp-json\/wp\/v2\/media?parent=4004"}],"wp:term":[{"taxonomy":"category","embeddable":true,"href":"https:\/\/asvpnf.com\/index.php\/wp-json\/wp\/v2\/categories?post=4004"},{"taxonomy":"post_tag","embeddable":true,"href":"https:\/\/asvpnf.com\/index.php\/wp-json\/wp\/v2\/tags?post=4004"}],"curies":[{"name":"wp","href":"https:\/\/api.w.org\/{rel}","templated":true}]}}