{"id":4007,"date":"2019-09-29T15:12:44","date_gmt":"2019-09-29T14:12:44","guid":{"rendered":"http:\/\/asvpnf.com\/?p=4007"},"modified":"2019-09-29T15:13:20","modified_gmt":"2019-09-29T14:13:20","slug":"au-coeur-de-la-crise-catholique-resilience-pragmatisme-et-reference-a-la-laicite-auront-ils-raison-des-exces-du-clericalisme","status":"publish","type":"post","link":"https:\/\/asvpnf.com\/index.php\/2019\/09\/29\/au-coeur-de-la-crise-catholique-resilience-pragmatisme-et-reference-a-la-laicite-auront-ils-raison-des-exces-du-clericalisme\/","title":{"rendered":"Au coeur de la \u00ab\u00a0crise catholique\u00a0\u00bb;  r\u00e9silience, pragmatisme et r\u00e9f\u00e9rence \u00e0 la la\u00efcit\u00e9  auront-ils raison des exc\u00e8s du cl\u00e9ricalisme ?"},"content":{"rendered":"<div style=\"text-align: justify;\">Les visiteurs int\u00e9ress\u00e9s par ce combat pourront consulter, <a href=\"https:\/\/www.golias-editions.fr\/2019\/09\/17\/au-coeur-de-la-crise-catholique\/\" target=\"_blank\" rel=\"noopener noreferrer\">en cliquant ici<\/a>, un article paru dans\u00a0 Golias News (Editions Golias) du 17 septembre 2019.<\/div>\n<div style=\"text-align: justify;\">Ils ne manqueront pas de s&rsquo;\u00e9tonner d&rsquo;y voir invoqu\u00e9 enfin\u00a0 un \u00ab\u00a0troisi\u00e8me\u00a0 homme\u00a0\u00bb (op.cit. Fran\u00e7ois Roustang) : celui qui est lui-m\u00eame capable d&rsquo;une pens\u00e9e fond\u00e9e\u00a0 sur \u00a0\u00bb l&rsquo;ind\u00e9pendance de la Raison et les Lumi\u00e8res\u00a0\u00bb&#8230;<\/div>\n","protected":false},"excerpt":{"rendered":"<p>Les visiteurs int\u00e9ress\u00e9s par ce combat pourront consulter, en cliquant ici, un article paru dans\u00a0 Golias News (Editions Golias) du 17 septembre 2019. Ils ne manqueront pas de s&rsquo;\u00e9tonner d&rsquo;y voir invoqu\u00e9 enfin\u00a0 un \u00ab\u00a0troisi\u00e8me\u00a0 homme\u00a0\u00bb (op.cit. Fran\u00e7ois Roustang) : <a class=\"more-link\" href=\"https:\/\/asvpnf.com\/index.php\/2019\/09\/29\/au-coeur-de-la-crise-catholique-resilience-pragmatisme-et-reference-a-la-laicite-auront-ils-raison-des-exces-du-clericalisme\/\">En lire plus &#8230;<\/a><\/p>\n","protected":false},"author":4,"featured_media":0,"comment_status":"closed","ping_status":"closed","sticky":false,"template":"","format":"standard","meta":{"spay_email":""},"categories":[10],"tags":[],"jetpack_featured_media_url":"","_links":{"self":[{"href":"https:\/\/asvpnf.com\/index.php\/wp-json\/wp\/v2\/posts\/4007"}],"collection":[{"href":"https:\/\/asvpnf.com\/index.php\/wp-json\/wp\/v2\/posts"}],"about":[{"href":"https:\/\/asvpnf.com\/index.php\/wp-json\/wp\/v2\/types\/post"}],"author":[{"embeddable":true,"href":"https:\/\/asvpnf.com\/index.php\/wp-json\/wp\/v2\/users\/4"}],"replies":[{"embeddable":true,"href":"https:\/\/asvpnf.com\/index.php\/wp-json\/wp\/v2\/comments?post=4007"}],"version-history":[{"count":2,"href":"https:\/\/asvpnf.com\/index.php\/wp-json\/wp\/v2\/posts\/4007\/revisions"}],"predecessor-version":[{"id":4009,"href":"https:\/\/asvpnf.com\/index.php\/wp-json\/wp\/v2\/posts\/4007\/revisions\/4009"}],"wp:attachment":[{"href":"https:\/\/asvpnf.com\/index.php\/wp-json\/wp\/v2\/media?parent=4007"}],"wp:term":[{"taxonomy":"category","embeddable":true,"href":"https:\/\/asvpnf.com\/index.php\/wp-json\/wp\/v2\/categories?post=4007"},{"taxonomy":"post_tag","embeddable":true,"href":"https:\/\/asvpnf.com\/index.php\/wp-json\/wp\/v2\/tags?post=4007"}],"curies":[{"name":"wp","href":"https:\/\/api.w.org\/{rel}","templated":true}]}}