{"id":4699,"date":"2020-05-21T18:17:32","date_gmt":"2020-05-21T17:17:32","guid":{"rendered":"http:\/\/asvpnf.com\/?p=4699"},"modified":"2020-05-21T18:17:32","modified_gmt":"2020-05-21T17:17:32","slug":"la-104e-commemoration-du-genocide-des-armeniens-la-pandemie-de-covid-19-en-cours-ne-doit-laisser-place-a-aucune-forme-de-negationnisme","status":"publish","type":"post","link":"https:\/\/asvpnf.com\/index.php\/2020\/05\/21\/la-104e-commemoration-du-genocide-des-armeniens-la-pandemie-de-covid-19-en-cours-ne-doit-laisser-place-a-aucune-forme-de-negationnisme\/","title":{"rendered":"La 104\u00e8 comm\u00e9moration du g\u00e9nocide des Arm\u00e9niens :\u00a0la pand\u00e9mie de Covid 19 en cours ne doit\u00a0 laisser place \u00e0 aucune forme de n\u00e9gationnisme"},"content":{"rendered":"<div class=\"ydp1b10da45yiv8147181265ydpf364c434yiv4454255961ydp284029feyiv2030047590ydp8ddaade3yiv3602772145ydpf7f06e60signature\">\n<div>\n<div dir=\"ltr\" style=\"text-align: justify;\" data-setdir=\"false\">C&rsquo;est le 24 avril 1915\u00a0que commenc\u00e8rent les arrestations arbitraires d&rsquo;intellectuels arm\u00e9niens \u00e0 Constantinople.<\/div>\n<div dir=\"ltr\" style=\"text-align: justify;\" data-setdir=\"false\">Malgr\u00e9 la pand\u00e9mie, la comm\u00e9moration du 24 avril 2020 a eu cours \u00e0 Erdevan. Le pr\u00e9sident de la R\u00e9publique arm\u00e9nienne,\u00a0<em>Armen\u00a0 Sarkissian<\/em>,\u00a0y a rappel\u00e9 avec force:<\/div>\n<div dir=\"ltr\" style=\"text-align: justify;\"><em>\u00a0\u00bb\u00a0Il est fondamental d\u2019avoir la m\u00e9moire des \u00e9preuves pass\u00e9es ; la\u00a0n\u00e9gation des crimes perp\u00e9tr\u00e9s entre 1915 et 1923 cr\u00e9e un espace pour la x\u00e9nophobie, la discrimination et l&rsquo;intol\u00e9rance\u00a0\u00bb.<\/em><\/div>\n<div dir=\"ltr\" style=\"text-align: justify;\"><\/div>\n<div dir=\"ltr\" style=\"text-align: justify;\">Les visiteurs pourront consulter \u00e0 ce propos, en\u00a0cliquant sur les liens ci-dessous\u00a0:<\/div>\n<div dir=\"ltr\" style=\"text-align: justify;\"><\/div>\n<div dir=\"ltr\" style=\"text-align: justify;\">Document 1 : <a href=\"http:\/\/asvpnf.com\/wp-content\/uploads\/2020\/05\/Document-1-Loi-de-reconnaissance-du-genocide-des-armeniens-par-la-France.pdf\" target=\"_blank\" rel=\"noopener noreferrer\">\u00a0Loi de la R\u00e9publique fran\u00e7aise du 18 janvier 2001.<\/a><\/div>\n<div dir=\"ltr\" style=\"text-align: justify;\"><\/div>\n<div dir=\"ltr\" style=\"text-align: justify;\">Document 2 :\u00a0 <a href=\"http:\/\/asvpnf.com\/wp-content\/uploads\/2020\/05\/Document-2-Commemoration-du-genocide-des-Armeniens-24-avril-2020.pdf\" target=\"_blank\" rel=\"noopener noreferrer\">Copie d&rsquo;article\u00a0 du Journal du dimanche du 24 avril 2020 faisant \u00e9tat de la singularit\u00e9 de la comm\u00e9moration en raison de la crise sanitaire en cours.<\/a><\/div>\n<\/div>\n<\/div>\n","protected":false},"excerpt":{"rendered":"<p>C&rsquo;est le 24 avril 1915\u00a0que commenc\u00e8rent les arrestations arbitraires d&rsquo;intellectuels arm\u00e9niens \u00e0 Constantinople. Malgr\u00e9 la pand\u00e9mie, la comm\u00e9moration du 24 avril 2020 a eu cours \u00e0 Erdevan. Le pr\u00e9sident de la R\u00e9publique arm\u00e9nienne,\u00a0Armen\u00a0 Sarkissian,\u00a0y a rappel\u00e9 avec force: \u00a0\u00bb\u00a0Il est <a class=\"more-link\" href=\"https:\/\/asvpnf.com\/index.php\/2020\/05\/21\/la-104e-commemoration-du-genocide-des-armeniens-la-pandemie-de-covid-19-en-cours-ne-doit-laisser-place-a-aucune-forme-de-negationnisme\/\">En lire plus &#8230;<\/a><\/p>\n","protected":false},"author":4,"featured_media":0,"comment_status":"closed","ping_status":"closed","sticky":false,"template":"","format":"standard","meta":{"spay_email":""},"categories":[11],"tags":[],"jetpack_featured_media_url":"","_links":{"self":[{"href":"https:\/\/asvpnf.com\/index.php\/wp-json\/wp\/v2\/posts\/4699"}],"collection":[{"href":"https:\/\/asvpnf.com\/index.php\/wp-json\/wp\/v2\/posts"}],"about":[{"href":"https:\/\/asvpnf.com\/index.php\/wp-json\/wp\/v2\/types\/post"}],"author":[{"embeddable":true,"href":"https:\/\/asvpnf.com\/index.php\/wp-json\/wp\/v2\/users\/4"}],"replies":[{"embeddable":true,"href":"https:\/\/asvpnf.com\/index.php\/wp-json\/wp\/v2\/comments?post=4699"}],"version-history":[{"count":1,"href":"https:\/\/asvpnf.com\/index.php\/wp-json\/wp\/v2\/posts\/4699\/revisions"}],"predecessor-version":[{"id":4702,"href":"https:\/\/asvpnf.com\/index.php\/wp-json\/wp\/v2\/posts\/4699\/revisions\/4702"}],"wp:attachment":[{"href":"https:\/\/asvpnf.com\/index.php\/wp-json\/wp\/v2\/media?parent=4699"}],"wp:term":[{"taxonomy":"category","embeddable":true,"href":"https:\/\/asvpnf.com\/index.php\/wp-json\/wp\/v2\/categories?post=4699"},{"taxonomy":"post_tag","embeddable":true,"href":"https:\/\/asvpnf.com\/index.php\/wp-json\/wp\/v2\/tags?post=4699"}],"curies":[{"name":"wp","href":"https:\/\/api.w.org\/{rel}","templated":true}]}}