{"id":4852,"date":"2020-06-09T21:01:11","date_gmt":"2020-06-09T20:01:11","guid":{"rendered":"http:\/\/asvpnf.com\/?p=4852"},"modified":"2020-06-09T21:01:11","modified_gmt":"2020-06-09T20:01:11","slug":"avancer-masque-en-se-demasquant-quelles-lecons-tirer-de-la-pandemie-due-au-coronavirus-sars-cov-2","status":"publish","type":"post","link":"https:\/\/asvpnf.com\/index.php\/2020\/06\/09\/avancer-masque-en-se-demasquant-quelles-lecons-tirer-de-la-pandemie-due-au-coronavirus-sars-cov-2\/","title":{"rendered":"Avancer masqu\u00e9 en se d\u00e9masquant.\u00a0Quelles\u00a0 le\u00e7ons tirer de la pand\u00e9mie\u00a0due au coronavirus SARS-CoV-2 ?\u00a0"},"content":{"rendered":"<p style=\"text-align: justify;\">Outre ses aspects sanitaires et mortif\u00e8res qui nous incitent \u00e0 mesurer \u00a0\u00bb les limites de notre savoir et de notre pouvoir\u00a0\u00bb\u00a0 la pand\u00e9mie en cours,\u00a0 prolong\u00e9e et amplifi\u00e9e\u00a0 par\u00a0 des crises sociale, \u00e9conomique et politique\u00a0 \u00a0r\u00e9v\u00e8le\u00a0 \u00a0des dysfonctionnements majeurs\u00a0 \u00a0de notre soci\u00e9t\u00e9 . Celle-ci\u00a0 se projetait\u00a0 \u00a0sans vergogne\u00a0 vers\u00a0 la mondialisation heureuse&#8230; On parle\u00a0 d\u00e9sormais d&rsquo;un retour \u00e0 l&rsquo;\u00e9tat-nation et de \u00ab\u00a0d\u00e9mondialisation\u00a0\u00bb\u00a0 \u00a0ce qui permettrait ,avec de l&rsquo;imagination cr\u00e9atrice, de retrouver les fondamentaux du bien commun.<\/p>\n<p style=\"text-align: justify;\">Mais si la pand\u00e9mie\u00a0 et ses effets d\u00e9vastateurs sont de nature\u00a0 \u00e0 nous faire \u00ab\u00a0comprendre par l&rsquo;\u00e9preuve\u00a0\u00bb,\u00a0 \u00a0elle peut aussi \u00eatre\u00a0 propice au retour sur soi-m\u00eame, \u00e0 la \u00ab\u00a0remise en cause de ses certitudes,\u00a0 \u00e0 la reconnaissance de ses errements\u00a0\u00bb\u00a0 et peut-\u00eatre \u00e0 l&rsquo;\u00e9mergence de nouveaux concepts g\u00e9n\u00e9rateurs de\u00a0 progr\u00e8s.<\/p>\n<p style=\"text-align: justify;\">On peut se f\u00e9liciter qu&rsquo;\u00e0 ce niveau d&rsquo;appr\u00e9hension de la crise, la r\u00e9flexion\u00a0 men\u00e9e par les politiques, les sociologues, les psychologues&#8230; puisse trouver\u00a0 des pr\u00e9mices fondatrices chez les philosophes . On pourra\u00a0 en\u00a0 prendre connaissance sur ce site via les trois contributions suscit\u00e9es\u00a0 sur cette probl\u00e9matique par\u00a0Catherine KINTZLER\u00a0et publi\u00e9es r\u00e9cemment sur son Blog revue Mezetulle. Nous la remercions vivement\u00a0 de son soutien.<\/p>\n<p style=\"text-align: justify;\">Ces contributions r\u00e9v\u00e8lent notamment\u00a0 que dans le contexte, le combat\u00a0 intellectuel \u00e0 mener ne consiste pas seulement \u00e0 stigmatiser les \u00e9preuves r\u00e9demptrices\u00a0 d&rsquo;un autre temps mises en avant par certains mais aussi et surtout \u00e0 oeuvrer pour que la recherche de la v\u00e9rit\u00e9\u00a0 et la culture\u00a0 de la connaissance restent des t\u00e2ches collectives prioritaires.<\/p>\n<p style=\"text-align: justify;\">Les visiteurs int\u00e9ress\u00e9s pourront prendre connaissance\u00a0 des\u00a0 trois articles en question en cliquant sur leurs intitul\u00e9s :<\/p>\n<p style=\"text-align: justify;\" align=\"LEFT\">1 &#8211;<a href=\"https:\/\/www.mezetulle.fr\/dune-epidemie-a-lautre-parallele-entre-le-cholera-de-1832-et-le-covid-19-de-2020-par-mlv\/\" target=\"_blank\" rel=\"noopener noreferrer\"> D\u2019une \u00e9pid\u00e9mie \u00e0 l\u2019autre\u00a0: parall\u00e8le entre le Chol\u00e9ra de 1832 et le Covid-19 de 2020 (par Matthieu Le Verge)<\/a><\/p>\n<p style=\"text-align: justify;\">2 &#8211;<a href=\"https:\/\/www.mezetulle.fr\/des-virus-et-des-vertus-par-laurent-jaffro\/\" target=\"_blank\" rel=\"noopener noreferrer\">Des virus et des vertus (par Laurent Jaffro)<\/a><\/p>\n<p style=\"text-align: justify;\">3 &#8211;\u00a0<a href=\"https:\/\/www.mezetulle.fr\/homme-ou-est-ta-victoire\/\" target=\"_blank\" rel=\"noopener noreferrer\">Homme, o\u00f9 est ta victoire ? par Anne Baudart<\/a><\/p>\n","protected":false},"excerpt":{"rendered":"<p>Outre ses aspects sanitaires et mortif\u00e8res qui nous incitent \u00e0 mesurer \u00a0\u00bb les limites de notre savoir et de notre pouvoir\u00a0\u00bb\u00a0 la pand\u00e9mie en cours,\u00a0 prolong\u00e9e et amplifi\u00e9e\u00a0 par\u00a0 des crises sociale, \u00e9conomique et politique\u00a0 \u00a0r\u00e9v\u00e8le\u00a0 \u00a0des dysfonctionnements majeurs\u00a0 \u00a0de <a class=\"more-link\" href=\"https:\/\/asvpnf.com\/index.php\/2020\/06\/09\/avancer-masque-en-se-demasquant-quelles-lecons-tirer-de-la-pandemie-due-au-coronavirus-sars-cov-2\/\">En lire plus &#8230;<\/a><\/p>\n","protected":false},"author":4,"featured_media":0,"comment_status":"closed","ping_status":"closed","sticky":false,"template":"","format":"standard","meta":{"spay_email":""},"categories":[10],"tags":[],"jetpack_featured_media_url":"","_links":{"self":[{"href":"https:\/\/asvpnf.com\/index.php\/wp-json\/wp\/v2\/posts\/4852"}],"collection":[{"href":"https:\/\/asvpnf.com\/index.php\/wp-json\/wp\/v2\/posts"}],"about":[{"href":"https:\/\/asvpnf.com\/index.php\/wp-json\/wp\/v2\/types\/post"}],"author":[{"embeddable":true,"href":"https:\/\/asvpnf.com\/index.php\/wp-json\/wp\/v2\/users\/4"}],"replies":[{"embeddable":true,"href":"https:\/\/asvpnf.com\/index.php\/wp-json\/wp\/v2\/comments?post=4852"}],"version-history":[{"count":1,"href":"https:\/\/asvpnf.com\/index.php\/wp-json\/wp\/v2\/posts\/4852\/revisions"}],"predecessor-version":[{"id":4853,"href":"https:\/\/asvpnf.com\/index.php\/wp-json\/wp\/v2\/posts\/4852\/revisions\/4853"}],"wp:attachment":[{"href":"https:\/\/asvpnf.com\/index.php\/wp-json\/wp\/v2\/media?parent=4852"}],"wp:term":[{"taxonomy":"category","embeddable":true,"href":"https:\/\/asvpnf.com\/index.php\/wp-json\/wp\/v2\/categories?post=4852"},{"taxonomy":"post_tag","embeddable":true,"href":"https:\/\/asvpnf.com\/index.php\/wp-json\/wp\/v2\/tags?post=4852"}],"curies":[{"name":"wp","href":"https:\/\/api.w.org\/{rel}","templated":true}]}}