{"id":4888,"date":"2020-06-09T21:48:03","date_gmt":"2020-06-09T20:48:03","guid":{"rendered":"http:\/\/asvpnf.com\/?p=4888"},"modified":"2020-06-09T21:56:19","modified_gmt":"2020-06-09T20:56:19","slug":"ecclesial-ou-clerical-en-realite-bonnet-blanc-nest-pas-blanc-bonnet","status":"publish","type":"post","link":"https:\/\/asvpnf.com\/index.php\/2020\/06\/09\/ecclesial-ou-clerical-en-realite-bonnet-blanc-nest-pas-blanc-bonnet\/","title":{"rendered":"Eccl\u00e9sial ou cl\u00e9rical !\u00a0En r\u00e9alit\u00e9 bonnet blanc n&rsquo;est pas blanc bonnet\u00a0"},"content":{"rendered":"<div style=\"text-align: justify;\">Le cl\u00e9ricalisme, ses maladresses et son opposition v\u00e9h\u00e9mente aux institutions\u00a0 r\u00e9publicaines furent\u00a0 stigmatis\u00e9s et combattus\u00a0 farouchement par les r\u00e9publicains . Ils le furent aussi par certains pr\u00e9lats\u00a0 demandant haut et fort de\u00a0 se cantonner au\u00a0 domaine\u00a0 d&rsquo;intervention\u00a0 eccl\u00e9sial : celui de l&rsquo;\u00e9glise catholique en tant que\u00a0 communaut\u00e9 dans le foi anim\u00e9e par \u00ab\u00a0l&rsquo;esprit saint\u00a0\u00bb. Ils ne pr\u00f4naient pas la pr\u00e9dominance des id\u00e9es religieuses du clerg\u00e9 dans\u00a0 l&rsquo;organisation et la vie publique et politique . Quoi qu&rsquo;il en fut , il est n\u00e9cessaire de rappeler qu&rsquo;en 1885, il reste encore\u00a0 vingt ans de combats \u00e0 mener avant de parvenir en\u00a0 1905\u00a0 \u00e0 la\u00a0 loi de\u00a0 S\u00e9paration des \u00e9glises et de l&rsquo;Etat .<\/div>\n<div style=\"text-align: justify;\"><\/div>\n<div style=\"text-align: justify;\">Les visiteurs\u00a0 int\u00e9ress\u00e9s par les modalit\u00e9s de l&rsquo;\u00e9mergence de nos fondamentaux r\u00e9publicains pourront consulter <a href=\"http:\/\/asvpnf.com\/wp-content\/uploads\/2020\/06\/Cle\u0301rical-vs-Eccle\u0301sial-Bonnet-blanc-nest-pas-Blanc-bonnet.pdf\" target=\"_blank\" rel=\"noopener noreferrer\">en cliquant ici<\/a>, deux articles parus dans Le Finist\u00e8re de 1885 \u00e9tablissant une sorte d&rsquo;\u00e9tat des lieux\u00a0 du cl\u00e9ricalisme ambiant (et de l&rsquo;anticl\u00e9ricalisme)\u00a0 tels qu&rsquo;ils\u00a0 s&rsquo;exprimaient \u00e0 l&rsquo;\u00e9poque, dans la presse locale.<\/div>\n","protected":false},"excerpt":{"rendered":"<p>Le cl\u00e9ricalisme, ses maladresses et son opposition v\u00e9h\u00e9mente aux institutions\u00a0 r\u00e9publicaines furent\u00a0 stigmatis\u00e9s et combattus\u00a0 farouchement par les r\u00e9publicains . Ils le furent aussi par certains pr\u00e9lats\u00a0 demandant haut et fort de\u00a0 se cantonner au\u00a0 domaine\u00a0 d&rsquo;intervention\u00a0 eccl\u00e9sial : celui <a class=\"more-link\" href=\"https:\/\/asvpnf.com\/index.php\/2020\/06\/09\/ecclesial-ou-clerical-en-realite-bonnet-blanc-nest-pas-blanc-bonnet\/\">En lire plus &#8230;<\/a><\/p>\n","protected":false},"author":4,"featured_media":0,"comment_status":"closed","ping_status":"closed","sticky":false,"template":"","format":"standard","meta":{"spay_email":""},"categories":[40],"tags":[],"jetpack_featured_media_url":"","_links":{"self":[{"href":"https:\/\/asvpnf.com\/index.php\/wp-json\/wp\/v2\/posts\/4888"}],"collection":[{"href":"https:\/\/asvpnf.com\/index.php\/wp-json\/wp\/v2\/posts"}],"about":[{"href":"https:\/\/asvpnf.com\/index.php\/wp-json\/wp\/v2\/types\/post"}],"author":[{"embeddable":true,"href":"https:\/\/asvpnf.com\/index.php\/wp-json\/wp\/v2\/users\/4"}],"replies":[{"embeddable":true,"href":"https:\/\/asvpnf.com\/index.php\/wp-json\/wp\/v2\/comments?post=4888"}],"version-history":[{"count":4,"href":"https:\/\/asvpnf.com\/index.php\/wp-json\/wp\/v2\/posts\/4888\/revisions"}],"predecessor-version":[{"id":4893,"href":"https:\/\/asvpnf.com\/index.php\/wp-json\/wp\/v2\/posts\/4888\/revisions\/4893"}],"wp:attachment":[{"href":"https:\/\/asvpnf.com\/index.php\/wp-json\/wp\/v2\/media?parent=4888"}],"wp:term":[{"taxonomy":"category","embeddable":true,"href":"https:\/\/asvpnf.com\/index.php\/wp-json\/wp\/v2\/categories?post=4888"},{"taxonomy":"post_tag","embeddable":true,"href":"https:\/\/asvpnf.com\/index.php\/wp-json\/wp\/v2\/tags?post=4888"}],"curies":[{"name":"wp","href":"https:\/\/api.w.org\/{rel}","templated":true}]}}