{"id":5107,"date":"2020-07-08T14:33:23","date_gmt":"2020-07-08T13:33:23","guid":{"rendered":"http:\/\/asvpnf.com\/?p=5107"},"modified":"2020-07-08T14:33:23","modified_gmt":"2020-07-08T13:33:23","slug":"violences-a-dijon-faits-rapportes-dans-la-presse-et-lecons-pour-la-consolidation-de-nos-institutions-republicaines","status":"publish","type":"post","link":"https:\/\/asvpnf.com\/index.php\/2020\/07\/08\/violences-a-dijon-faits-rapportes-dans-la-presse-et-lecons-pour-la-consolidation-de-nos-institutions-republicaines\/","title":{"rendered":"Violences \u00e0 Dijon &#8211;\u00a0Faits rapport\u00e9s dans la presse et\u00a0 le\u00e7ons pour la consolidation de nos institutions r\u00e9publicaines"},"content":{"rendered":"<div style=\"text-align: justify;\">Les violents\u00a0 affrontements entre communaut\u00e9s tch\u00e9tch\u00e8nes et \u00ab\u00a0maghr\u00e9bines\u00a0\u00bb\u00a0 qui ont eu cours \u00e0 DIJON du 12 au 15 juin 2020 ont largement interpell\u00e9 les pouvoirs publics, les media et l&rsquo;opinion publique. Ils ont donn\u00e9 lieu\u00a0 \u00e0 de nombreux articles\u00a0 et \u00a0les trois\u00a0 titres reproduits \u00a0ci-dessous sont suffisamment explicites pour justifier l&rsquo;indignation produite :<\/div>\n<div style=\"text-align: justify;\"><\/div>\n<div dir=\"ltr\" style=\"text-align: justify;\">\u00a0 \u00a0 &#8211;\u00a0 Dijon, la paisible, chamboul\u00e9e par quatre jours de violences.<\/div>\n<div dir=\"ltr\" style=\"text-align: justify;\">\u00a0 \u00a0 &#8211;\u00a0\u00a0Dijon : les violences de la \u00ab\u00a0horde sauvage\u00a0\u00bb ne resteront pas impunies.<\/div>\n<div dir=\"ltr\" style=\"text-align: justify;\">\u00a0 \u00a0 &#8211;\u00a0\u00a0Violences \u00e0 Dijon: les interpellations se poursuivent, des armes saisies.<\/div>\n<div dir=\"ltr\" style=\"text-align: justify;\"><\/div>\n<div dir=\"ltr\" style=\"text-align: justify;\">La presse a \u00e9galement fait \u00e9tat de l&rsquo;appr\u00e9ciation port\u00e9e sur ces \u00e9v\u00e8nements par le dirigeant de la\u00a0Tch\u00e9tch\u00e9nie,\u00a0Ramzan Kadyrov : pour ce dernier les actes de sa communaut\u00e9 en France avaient \u00e9t\u00e9 corrects, les autorit\u00e9s locales n&rsquo;ayant pu y\u00a0 mettre de l&rsquo;ordre.<\/div>\n<div dir=\"ltr\" style=\"text-align: justify;\"><\/div>\n<div dir=\"ltr\" style=\"text-align: justify;\">C&rsquo;est dans ce contexte et en gardant toute la mesure et le recul n\u00e9cessaires\u00a0 que les visiteurs du site sont invit\u00e9s \u00e0 consulter, en cliquant ici, un article \u00e0 ce sujet \u00e9crit par Catherine Kintzler\u00a0et publi\u00e9 dans son Blog revue\u00a0 Mezetulle le 26 juin 2020. Il est\u00a0 intitul\u00e9 :<\/div>\n<div dir=\"ltr\" style=\"text-align: justify;\"><\/div>\n<div dir=\"ltr\" style=\"text-align: justify;\">\n<p align=\"center\"><a href=\"https:\/\/www.mezetulle.fr\/violences-a-dijon-vous-avez-dit-decentralisation-et-contractualisation\/\" target=\"_blank\" rel=\"noopener noreferrer\">Violences \u00e0 Dijon\u00a0: vous avez dit\u00a0\u00ab\u00a0d\u00e9centralisation\u00a0\u00bb et \u00ab\u00a0contractualisation\u00a0\u00bb\u00a0?<\/a><\/p>\n<\/div>\n<div dir=\"ltr\" style=\"text-align: justify;\"><\/div>\n<div dir=\"ltr\" style=\"text-align: justify;\"><\/div>\n<div dir=\"ltr\" style=\"text-align: justify;\"><\/div>\n","protected":false},"excerpt":{"rendered":"<p>Les violents\u00a0 affrontements entre communaut\u00e9s tch\u00e9tch\u00e8nes et \u00ab\u00a0maghr\u00e9bines\u00a0\u00bb\u00a0 qui ont eu cours \u00e0 DIJON du 12 au 15 juin 2020 ont largement interpell\u00e9 les pouvoirs publics, les media et l&rsquo;opinion publique. Ils ont donn\u00e9 lieu\u00a0 \u00e0 de nombreux articles\u00a0 et <a class=\"more-link\" href=\"https:\/\/asvpnf.com\/index.php\/2020\/07\/08\/violences-a-dijon-faits-rapportes-dans-la-presse-et-lecons-pour-la-consolidation-de-nos-institutions-republicaines\/\">En lire plus &#8230;<\/a><\/p>\n","protected":false},"author":4,"featured_media":0,"comment_status":"closed","ping_status":"closed","sticky":false,"template":"","format":"standard","meta":{"spay_email":""},"categories":[10],"tags":[],"jetpack_featured_media_url":"","_links":{"self":[{"href":"https:\/\/asvpnf.com\/index.php\/wp-json\/wp\/v2\/posts\/5107"}],"collection":[{"href":"https:\/\/asvpnf.com\/index.php\/wp-json\/wp\/v2\/posts"}],"about":[{"href":"https:\/\/asvpnf.com\/index.php\/wp-json\/wp\/v2\/types\/post"}],"author":[{"embeddable":true,"href":"https:\/\/asvpnf.com\/index.php\/wp-json\/wp\/v2\/users\/4"}],"replies":[{"embeddable":true,"href":"https:\/\/asvpnf.com\/index.php\/wp-json\/wp\/v2\/comments?post=5107"}],"version-history":[{"count":1,"href":"https:\/\/asvpnf.com\/index.php\/wp-json\/wp\/v2\/posts\/5107\/revisions"}],"predecessor-version":[{"id":5108,"href":"https:\/\/asvpnf.com\/index.php\/wp-json\/wp\/v2\/posts\/5107\/revisions\/5108"}],"wp:attachment":[{"href":"https:\/\/asvpnf.com\/index.php\/wp-json\/wp\/v2\/media?parent=5107"}],"wp:term":[{"taxonomy":"category","embeddable":true,"href":"https:\/\/asvpnf.com\/index.php\/wp-json\/wp\/v2\/categories?post=5107"},{"taxonomy":"post_tag","embeddable":true,"href":"https:\/\/asvpnf.com\/index.php\/wp-json\/wp\/v2\/tags?post=5107"}],"curies":[{"name":"wp","href":"https:\/\/api.w.org\/{rel}","templated":true}]}}