{"id":5353,"date":"2020-09-25T18:52:39","date_gmt":"2020-09-25T17:52:39","guid":{"rendered":"http:\/\/asvpnf.com\/?p=5353"},"modified":"2020-09-25T18:52:39","modified_gmt":"2020-09-25T17:52:39","slug":"normaliens-en-blouse-grise-et-ecoliers-en-blouse-noire","status":"publish","type":"post","link":"https:\/\/asvpnf.com\/index.php\/2020\/09\/25\/normaliens-en-blouse-grise-et-ecoliers-en-blouse-noire\/","title":{"rendered":"Normaliens en blouse grise et \u00e9coliers en blouse noire !"},"content":{"rendered":"<div dir=\"ltr\"><span style=\"font-family: Helvetica Neue, Helvetica, Arial, sans-serif\"><span style=\"font-size: x-large\"><b>Un bin\u00f4me d&rsquo;\u00e9l\u00e8ves-ma\u00eetres des ann\u00e9es 50\u00a0 (munis de la cravate de rigueur), en stage\u00a0 \u00e0 l&rsquo;Ecole Jules Ferry,\u00a0 se fait photographier\u00a0 avec leurs petits \u00e9coliers quimp\u00e9rois .<\/b><\/span><\/span><\/div>\n<div dir=\"ltr\"><span style=\"font-family: Helvetica Neue, Helvetica, Arial, sans-serif;font-size: x-large\"><b>\u00a0<\/b><\/span><\/div>\n<div dir=\"ltr\"><span style=\"font-family: Helvetica Neue, Helvetica, Arial, sans-serif;font-size: x-large\"><b>\u00a0 \u00a0 \u00a0 \u00a0 \u00a0 Les visiteurs int\u00e9ress\u00e9s pourront consulter la photo-souvenir\u00a0<a href=\"http:\/\/asvpnf.com\/wp-content\/uploads\/2020\/09\/Normaliens-en-formation-professionnelle-en-1957.pdf\" target=\"_blank\" rel=\"noopener noreferrer\">en cliquant ici<\/a> et \u00e9ventuellement reconna\u00eetre les protagonistes normaliens. Ceux-ci\u00a0 nous ont accord\u00e9 l&rsquo;autorisation de la reproduire et de l&rsquo;ins\u00e9rer sur ce site.<\/b><\/span><\/div>\n","protected":false},"excerpt":{"rendered":"<p>Un bin\u00f4me d&rsquo;\u00e9l\u00e8ves-ma\u00eetres des ann\u00e9es 50\u00a0 (munis de la cravate de rigueur), en stage\u00a0 \u00e0 l&rsquo;Ecole Jules Ferry,\u00a0 se fait photographier\u00a0 avec leurs petits \u00e9coliers quimp\u00e9rois . \u00a0 \u00a0 \u00a0 \u00a0 \u00a0 \u00a0 Les visiteurs int\u00e9ress\u00e9s pourront consulter la photo-souvenir\u00a0en <a class=\"more-link\" href=\"https:\/\/asvpnf.com\/index.php\/2020\/09\/25\/normaliens-en-blouse-grise-et-ecoliers-en-blouse-noire\/\">En lire plus &#8230;<\/a><\/p>\n","protected":false},"author":9,"featured_media":0,"comment_status":"closed","ping_status":"closed","sticky":false,"template":"","format":"standard","meta":{"spay_email":""},"categories":[16,39],"tags":[],"jetpack_featured_media_url":"","_links":{"self":[{"href":"https:\/\/asvpnf.com\/index.php\/wp-json\/wp\/v2\/posts\/5353"}],"collection":[{"href":"https:\/\/asvpnf.com\/index.php\/wp-json\/wp\/v2\/posts"}],"about":[{"href":"https:\/\/asvpnf.com\/index.php\/wp-json\/wp\/v2\/types\/post"}],"author":[{"embeddable":true,"href":"https:\/\/asvpnf.com\/index.php\/wp-json\/wp\/v2\/users\/9"}],"replies":[{"embeddable":true,"href":"https:\/\/asvpnf.com\/index.php\/wp-json\/wp\/v2\/comments?post=5353"}],"version-history":[{"count":1,"href":"https:\/\/asvpnf.com\/index.php\/wp-json\/wp\/v2\/posts\/5353\/revisions"}],"predecessor-version":[{"id":5355,"href":"https:\/\/asvpnf.com\/index.php\/wp-json\/wp\/v2\/posts\/5353\/revisions\/5355"}],"wp:attachment":[{"href":"https:\/\/asvpnf.com\/index.php\/wp-json\/wp\/v2\/media?parent=5353"}],"wp:term":[{"taxonomy":"category","embeddable":true,"href":"https:\/\/asvpnf.com\/index.php\/wp-json\/wp\/v2\/categories?post=5353"},{"taxonomy":"post_tag","embeddable":true,"href":"https:\/\/asvpnf.com\/index.php\/wp-json\/wp\/v2\/tags?post=5353"}],"curies":[{"name":"wp","href":"https:\/\/api.w.org\/{rel}","templated":true}]}}