{"id":5729,"date":"2021-02-21T19:18:09","date_gmt":"2021-02-21T18:18:09","guid":{"rendered":"http:\/\/asvpnf.com\/?p=5729"},"modified":"2021-02-21T19:18:09","modified_gmt":"2021-02-21T18:18:09","slug":"les-eleves-maitres-en-formation-professionnelle-a-lecole-dapplication-jules-ferry-de-quimper-etaient-affubles-du-surnom-de-ptits-boucs-par-les-ecoliers-de-la-jules","status":"publish","type":"post","link":"https:\/\/asvpnf.com\/index.php\/2021\/02\/21\/les-eleves-maitres-en-formation-professionnelle-a-lecole-dapplication-jules-ferry-de-quimper-etaient-affubles-du-surnom-de-ptits-boucs-par-les-ecoliers-de-la-jules\/","title":{"rendered":"Les \u00e9l\u00e8ves-ma\u00eetres  en formation professionnelle \u00e0 l&rsquo;\u00e9cole d&rsquo;application Jules Ferry de Quimper \u00e9taient affubl\u00e9s du surnom de  \u00ab\u00a0P&rsquo;tits boucs\u00a0\u00bb par les \u00e9coliers de \u00ab\u00a0La Jules\u00a0\u00bb!"},"content":{"rendered":"<div dir=\"ltr\"><span style=\"font-family: verdana, helvetica, sans-serif;font-size: medium\"><b>La fermeture de cette \u00e9cole , d\u00e9cid\u00e9e par le conseil municipal de la Ville de Quimper en 2017, provoqua une vive \u00e9motion tant chez les parents des derniers \u00e9l\u00e8ves que chez les anciens \u00e9l\u00e8ves de cet \u00e9tablissement\u00a0 embl\u00e9matique de la cit\u00e9. La presse locale s&rsquo;en fit largement l&rsquo;\u00e9cho tout en rapportant sur\u00a0 le devenir de l&rsquo;ensemble immobilier lib\u00e9r\u00e9.\u00a0<\/b><\/span><\/div>\n<div dir=\"ltr\"><span style=\"font-family: verdana, helvetica, sans-serif;font-size: medium\"><b>\u00a0<\/b><\/span><\/div>\n<div dir=\"ltr\"><span style=\"font-family: verdana, helvetica, sans-serif;font-size: medium\"><b>\u00a0 \u00a0 \u00a0 \u00a0 \u00a0 C&rsquo;est en glanant dans cette presse qu&rsquo;un adh\u00e9rent-qui a souhait\u00e9 garder l&rsquo;anonymat- a d\u00e9couvert des photos de classe d&rsquo;application r\u00e9alis\u00e9es dans cet \u00e9tablissement au milieu du 20\u00e8 si\u00e8cle o\u00f9 les \u00e9coliers de \u00ab\u00a0La Jules\u00a0\u00bb \u00e9taient encadr\u00e9s par des bin\u00f4mes normaliens en \u00ab\u00a0blouse grise et cravate \u00ab\u00a0.\u00a0 Par ailleurs le t\u00e9moignage de l&rsquo;un de ces ex-\u00e9coliers, aujourd&rsquo;hui retrait\u00e9, a r\u00e9v\u00e9l\u00e9 que\u00a0 les normaliens\u00a0 en apprentissage \u00e9taient surnomm\u00e9s les\u00a0<i> \u00ab\u00a0P&rsquo;tits Boucs\u00a0\u00bb<\/i>\u00a0 car souvent, ils se laissaient\u00a0 porter une \u00ab\u00a0petite barbe au menton\u00a0\u00bb\u00a0 sans doute pour assoir leur autorit\u00e9 aupr\u00e8s de leurs jeunes auditoires .<\/b><\/span><\/div>\n<div dir=\"ltr\"><span style=\"font-family: verdana, helvetica, sans-serif;font-size: medium\"><b>\u00a0<\/b><\/span><\/div>\n<div dir=\"ltr\"><span style=\"font-family: verdana, helvetica, sans-serif\"><b><span style=\"font-size: medium\">\u00a0 \u00a0 \u00a0 \u00a0 \u00a0Les visiteurs int\u00e9ress\u00e9s pourront consulter\u00a0<\/span><span style=\"font-size: 14pt\"><a href=\"http:\/\/asvpnf.com\/wp-content\/uploads\/2021\/02\/Eleves-maitres-en-formation-professionnelle-a-la-Jules-en-1957.pdf\" target=\"_blank\" rel=\"noopener\">en cliquant ici<\/a><\/span><span style=\"font-size: medium\">\u00a0 3 photos-souvenirs\u00a0 prises en octobre 1957 dans la cour de r\u00e9cr\u00e9ation de \u00ab\u00a0La Jules\u00a0\u00bb .<\/span><\/b><\/span><\/div>\n","protected":false},"excerpt":{"rendered":"<p>La fermeture de cette \u00e9cole , d\u00e9cid\u00e9e par le conseil municipal de la Ville de Quimper en 2017, provoqua une vive \u00e9motion tant chez les parents des derniers \u00e9l\u00e8ves que chez les anciens \u00e9l\u00e8ves de cet \u00e9tablissement\u00a0 embl\u00e9matique de la <a class=\"more-link\" href=\"https:\/\/asvpnf.com\/index.php\/2021\/02\/21\/les-eleves-maitres-en-formation-professionnelle-a-lecole-dapplication-jules-ferry-de-quimper-etaient-affubles-du-surnom-de-ptits-boucs-par-les-ecoliers-de-la-jules\/\">En lire plus &#8230;<\/a><\/p>\n","protected":false},"author":9,"featured_media":0,"comment_status":"closed","ping_status":"closed","sticky":false,"template":"","format":"standard","meta":{"spay_email":""},"categories":[16,39],"tags":[],"jetpack_featured_media_url":"","_links":{"self":[{"href":"https:\/\/asvpnf.com\/index.php\/wp-json\/wp\/v2\/posts\/5729"}],"collection":[{"href":"https:\/\/asvpnf.com\/index.php\/wp-json\/wp\/v2\/posts"}],"about":[{"href":"https:\/\/asvpnf.com\/index.php\/wp-json\/wp\/v2\/types\/post"}],"author":[{"embeddable":true,"href":"https:\/\/asvpnf.com\/index.php\/wp-json\/wp\/v2\/users\/9"}],"replies":[{"embeddable":true,"href":"https:\/\/asvpnf.com\/index.php\/wp-json\/wp\/v2\/comments?post=5729"}],"version-history":[{"count":1,"href":"https:\/\/asvpnf.com\/index.php\/wp-json\/wp\/v2\/posts\/5729\/revisions"}],"predecessor-version":[{"id":5731,"href":"https:\/\/asvpnf.com\/index.php\/wp-json\/wp\/v2\/posts\/5729\/revisions\/5731"}],"wp:attachment":[{"href":"https:\/\/asvpnf.com\/index.php\/wp-json\/wp\/v2\/media?parent=5729"}],"wp:term":[{"taxonomy":"category","embeddable":true,"href":"https:\/\/asvpnf.com\/index.php\/wp-json\/wp\/v2\/categories?post=5729"},{"taxonomy":"post_tag","embeddable":true,"href":"https:\/\/asvpnf.com\/index.php\/wp-json\/wp\/v2\/tags?post=5729"}],"curies":[{"name":"wp","href":"https:\/\/api.w.org\/{rel}","templated":true}]}}