{"id":5771,"date":"2021-03-13T16:19:38","date_gmt":"2021-03-13T15:19:38","guid":{"rendered":"http:\/\/asvpnf.com\/?p=5771"},"modified":"2021-03-13T16:19:38","modified_gmt":"2021-03-13T15:19:38","slug":"francois-menez-professeur-de-lettres-et-poete-a-lecole-normale-dinstituteurs-de-quimper","status":"publish","type":"post","link":"https:\/\/asvpnf.com\/index.php\/2021\/03\/13\/francois-menez-professeur-de-lettres-et-poete-a-lecole-normale-dinstituteurs-de-quimper\/","title":{"rendered":"Francois M\u00e9nez, professeur  de lettres et po\u00e8te  \u00e0             l&rsquo;Ecole normale d&rsquo;instituteurs de Quimper ."},"content":{"rendered":"<div class=\"x_ydp7bd88c06yiv6971071577ydp924bc66ayiv4681132176ydpf0dbce5fyahoo-style-wrap\">\n<div>\n<div><span style=\"font-family: verdana, helvetica, sans-serif;font-size: medium\"><b><i> F. M\u00e9nez<\/i> \u00e9tait, selon\u00a0 un article du <i>Citoyen<\/i> de\u00a0 septembre 1927 sign\u00e9\u00a0 par <i>G. Le Bail\u00a0<\/i> d\u00e9j\u00e0 mentionn\u00e9 sur ce site,\u00a0 \u00a0\u00ab\u00a0le vagabond qui s&rsquo;en va droit comme une fl\u00e8che au milieu des solitudes, poursuivi par le cri des grillons et le cantique des alouettes\u00a0\u00bb &#8230; Cette appr\u00e9ciation r\u00e9sultait de\u00a0 \u00a0l&rsquo;analyse de son ouvrage\u00a0 intitul\u00e9 : \u00a0\u00bb <i>Aux chants enchant\u00e9s de Cornouaille<\/i>\u00a0\u00bb paru en 1927.\u00a0 En 1923 , <i>F. M\u00e9nez<\/i>\u00a0 \u00a0fit para\u00eetre chez Plon\u00a0 \u00a0\u00bb\u00a0 <i>L&rsquo;Envo\u00fbt\u00e9\u00a0<\/i>\u00a0\u00bb , cet ouvrage ayant donn\u00e9 lieu \u00e0 un long article paru dans\u00a0 <i>L&rsquo;Union Agricole et Maritime<\/i>, l&rsquo;hebdomadaire de Quimperl\u00e9.<\/b><\/span><\/div>\n<div><span style=\"font-family: verdana, helvetica, sans-serif;font-size: medium\"><b>\u00a0<\/b><\/span><\/div>\n<div><span style=\"font-family: verdana, helvetica, sans-serif;font-size: medium\"><b>\u00a0 \u00a0 \u00a0 Mais cet auteur prolifique \u00e9tait professeur \u00e0 l&rsquo;Ecole normale de gar\u00e7ons de Quimper ce qui justifie sans ambage\u00a0 cette insertion sur le site asvpnf.com.\u00a0 Les visiteurs int\u00e9ress\u00e9s pourront se documenter \u00e0 ce propos\u00a0 en cliquant successivement sur les 4 items en bleu qui suivent :<\/b><\/span><\/div>\n<div><span style=\"font-family: verdana, helvetica, sans-serif;font-size: medium\"><b>\u00a0<\/b><\/span><\/div>\n<div><span style=\"font-family: verdana, helvetica, sans-serif;font-size: medium\"><b>\u00a0 \u00a0 \u00a0 \u00a0 \u00a0 \u00a0 <a href=\"http:\/\/asvpnf.com\/wp-content\/uploads\/2021\/03\/Document-1.Francois-Menez-biographie-wikipedia.pdf\" target=\"_blank\" rel=\"noopener\">Document 1.<\/a>\u00a0 \u00a0 Quelques \u00e9l\u00e9ments de biographie\u00a0 de <i>F. M\u00e9nez<\/i>.\u00a0<\/b><\/span><\/div>\n<div><span style=\"font-family: verdana, helvetica, sans-serif;font-size: medium\"><b>\u00a0<\/b><\/span><\/div>\n<div><span style=\"font-family: verdana, helvetica, sans-serif;font-size: medium\"><b>\u00a0 \u00a0 \u00a0 \u00a0 \u00a0 \u00a0 <span style=\"color: #4c76a2\"><a href=\"http:\/\/asvpnf.com\/wp-content\/uploads\/2021\/03\/Document-2-Lenvoute-de-Francois-Menez.pdf\" target=\"_blank\" rel=\"noopener\">Document 2 <\/a>.<\/span>\u00a0 \u00a0 L&rsquo;analyse d&rsquo;ouvrage relative \u00e0\u00a0<i> L&rsquo;Envo\u00fbt\u00e9<\/i> ( 1923).<\/b><\/span><\/div>\n<div><span style=\"font-family: verdana, helvetica, sans-serif;font-size: medium\"><b>\u00a0 \u00a0 \u00a0<\/b><\/span><\/div>\n<div><span style=\"font-family: verdana, helvetica, sans-serif;font-size: medium\"><b>\u00a0 \u00a0\u00a0\u00a0 \u00a0 \u00a0\u00a0 \u00a0<a href=\"http:\/\/asvpnf.com\/wp-content\/uploads\/2021\/03\/Document-3-.Francois-Menez-article-dans-le-Citoyen-29-janvier-1925-Copie-def.pdf\" target=\"_blank\" rel=\"noopener\">Document 3 .<\/a>\u00a0 \u00a0 L&rsquo;article d\u00e9di\u00e9 \u00e0 <i>F. M\u00e9nez<\/i> paru dans <i>Le<\/i> <i>Citoyen<\/i> du 29 janvier 1925.<\/b><\/span><\/div>\n<\/div>\n<\/div>\n<div class=\"x_ydp7bd88c06yiv6971071577ydp924bc66ayiv4681132176ydpf0dbce5fyahoo-style-wrap\">\n<div>\n<div><span style=\"font-family: verdana, helvetica, sans-serif;font-size: medium\"><b>\u00a0<\/b><\/span><\/div>\n<div><span style=\"font-family: verdana, helvetica, sans-serif;font-size: medium\"><b>\u00a0 \u00a0 \u00a0 \u00a0 \u00a0 \u00a0 <a href=\"http:\/\/asvpnf.com\/wp-content\/uploads\/2021\/03\/Document-4.-Francois-Menez-poeme-LOdetde-Corentin.pdf\" target=\"_blank\" rel=\"noopener\">Document 4. <\/a>.\u00a0 \u00a0 Le\u00a0 po\u00e8me in\u00e9dit de <i>Corentin<\/i>\u00a0 publi\u00e9 le\u00a0 21 mai 1925\u00a0 dans <i>Le Citoyen <\/i>et d\u00e9di\u00e9 \u00e0<i> F. M\u00e9nez<\/i> .\u00a0<\/b><\/span><\/div>\n<\/div>\n<\/div>\n","protected":false},"excerpt":{"rendered":"<p>F. M\u00e9nez \u00e9tait, selon\u00a0 un article du Citoyen de\u00a0 septembre 1927 sign\u00e9\u00a0 par G. Le Bail\u00a0 d\u00e9j\u00e0 mentionn\u00e9 sur ce site,\u00a0 \u00a0\u00ab\u00a0le vagabond qui s&rsquo;en va droit comme une fl\u00e8che au milieu des solitudes, poursuivi par le cri des grillons <a class=\"more-link\" href=\"https:\/\/asvpnf.com\/index.php\/2021\/03\/13\/francois-menez-professeur-de-lettres-et-poete-a-lecole-normale-dinstituteurs-de-quimper\/\">En lire plus &#8230;<\/a><\/p>\n","protected":false},"author":9,"featured_media":0,"comment_status":"closed","ping_status":"closed","sticky":false,"template":"","format":"standard","meta":{"spay_email":""},"categories":[16,39],"tags":[],"jetpack_featured_media_url":"","_links":{"self":[{"href":"https:\/\/asvpnf.com\/index.php\/wp-json\/wp\/v2\/posts\/5771"}],"collection":[{"href":"https:\/\/asvpnf.com\/index.php\/wp-json\/wp\/v2\/posts"}],"about":[{"href":"https:\/\/asvpnf.com\/index.php\/wp-json\/wp\/v2\/types\/post"}],"author":[{"embeddable":true,"href":"https:\/\/asvpnf.com\/index.php\/wp-json\/wp\/v2\/users\/9"}],"replies":[{"embeddable":true,"href":"https:\/\/asvpnf.com\/index.php\/wp-json\/wp\/v2\/comments?post=5771"}],"version-history":[{"count":4,"href":"https:\/\/asvpnf.com\/index.php\/wp-json\/wp\/v2\/posts\/5771\/revisions"}],"predecessor-version":[{"id":5779,"href":"https:\/\/asvpnf.com\/index.php\/wp-json\/wp\/v2\/posts\/5771\/revisions\/5779"}],"wp:attachment":[{"href":"https:\/\/asvpnf.com\/index.php\/wp-json\/wp\/v2\/media?parent=5771"}],"wp:term":[{"taxonomy":"category","embeddable":true,"href":"https:\/\/asvpnf.com\/index.php\/wp-json\/wp\/v2\/categories?post=5771"},{"taxonomy":"post_tag","embeddable":true,"href":"https:\/\/asvpnf.com\/index.php\/wp-json\/wp\/v2\/tags?post=5771"}],"curies":[{"name":"wp","href":"https:\/\/api.w.org\/{rel}","templated":true}]}}