{"id":5785,"date":"2021-03-16T19:23:36","date_gmt":"2021-03-16T18:23:36","guid":{"rendered":"http:\/\/asvpnf.com\/?p=5785"},"modified":"2021-03-16T19:23:36","modified_gmt":"2021-03-16T18:23:36","slug":"le-150e-anniversaire-de-la-commune-de-paris-18-mars-1871-28-mai-1871","status":"publish","type":"post","link":"https:\/\/asvpnf.com\/index.php\/2021\/03\/16\/le-150e-anniversaire-de-la-commune-de-paris-18-mars-1871-28-mai-1871\/","title":{"rendered":"Le 150\u00e8 anniversaire  de la Commune de Paris                      (18 mars 1871-28 mai 1871)"},"content":{"rendered":"<p class=\"x_ydpe4f57b1bMsoNormal\">\u00a0<span style=\"font-family: verdana, helvetica, sans-serif;font-size: medium\"><b>Il s&rsquo;agit de c\u00e9l\u00e9brer cet \u00e9v\u00e8nement r\u00e9volutionnaire fondateur, le gouvernement insurrectionnel qui en r\u00e9sulta\u00a0 et ses acquis \u00e9mancipateurs ainsi que\u00a0 la m\u00e9moire\u00a0 des 27000 communards massacr\u00e9s par l&rsquo;arm\u00e9e versaillaise dite de l&rsquo;ordre.\u00a0<\/b><\/span><\/p>\n<p class=\"x_ydpe4f57b1bMsoNormal\"><span style=\"font-family: verdana, helvetica, sans-serif;font-size: medium\"><b>\u00a0 \u00a0 \u00a0 \u00a0On trouvera\u00a0 ici des \u00e9l\u00e9ments\u00a0 concernant\u00a0 son d\u00e9roulement et\u00a0 sa fin tragique en guerre civile\u00a0 associ\u00e9s \u00e0\u00a0 ceux ayant trait\u00a0 \u00e0 la fin d&rsquo;une\u00a0 guerre imp\u00e9riale perdue face aux Prussiens, \u00e0 la chute\u00a0 du\u00a0 second empire et \u00e0\u00a0 la proclamation de la\u00a0 3\u00e8 R\u00e9publique.\u00a0\u00a0<\/b><\/span><\/p>\n<p class=\"x_ydpe4f57b1bMsoNormal\"><span style=\"font-family: verdana, helvetica, sans-serif;font-size: medium\"><b>\u00a0 \u00a0 \u00a0\u00a0<\/b><\/span><b>Il s&rsquo;agit aussi, puisqu&rsquo;il est av\u00e9r\u00e9 que l&rsquo;Ecole est, et se fait, \u00e0 l&rsquo;image de la soci\u00e9t\u00e9 qui la porte, de mentionner quelques unes des contributions de la Commune \u00e0 cet \u00e9gard\u00a0 et notamment\u00a0 en mati\u00e8re de la\u00efcit\u00e9.\u00a0<\/b><\/p>\n<p class=\"x_ydpe4f57b1bMsoNormal\"><span style=\"font-family: verdana, helvetica, sans-serif;font-size: medium\"><b>\u00a0 \u00a0 \u00a0\u00a0<\/b><\/span><b>Comment ne pas rappeler en effet que, d\u00e8s le \u00ab\u00a0<i>\u00a02 avril 1871, soit moins d\u2019une semaine apr\u00e8s la proclamation de la Commune, alors que des combats font rage \u00e0 Courbevoie et Neuilly, est promulgu\u00e9 un d\u00e9cret portant sur la s\u00e9paration de l\u2019Eglise et de l\u2019Etat. Le d\u00e9cret vot\u00e9 \u00e0 l\u2019unanimit\u00e9 stipule :\u00a0 <\/i>Article 1<i> : L\u2019Eglise est s\u00e9par\u00e9e de l\u2019Etat. <\/i>Article 2 : Le budget des cultes est supprim\u00e9. Article 3 : Les biens dits de mainmorte, appart<i>enant aux congr\u00e9gations religieuses, sont d\u00e9clar\u00e9s propri\u00e9t\u00e9 nationale. <\/i>Article 4<i> : Une enqu\u00eate sera faite imm\u00e9diatement pour en constater la nature et les mettre \u00e0 la disposition de la nation \u00bb.<\/i><\/b><\/p>\n<p class=\"x_ydpe4f57b1bMsoNormal\"><b>\u00a0 \u00a0 \u00a0Par ailleurs\u00a0 il sera pr\u00e9sent\u00e9 un certain nombre de donn\u00e9es extraites de la presse de l&rsquo;\u00e9poque r\u00e9v\u00e9lant\u00a0 les nouvelles, d\u00e9p\u00eaches et correspondances relatives \u00e0 l&rsquo;Insurrection telles\u00a0 qu&rsquo;elles parvenaient \u00e0 l&rsquo;\u00e9poque au fin fond du d\u00e9partement du Finist\u00e8re, empreintes \u00e0 l&rsquo;\u00e9vidence\u00a0 des choix politiques du journal \u00a0lui-m\u00eame et de son\u00a0 correspondant parisien.\u00a0<\/b><b>S&rsquo;agissant de la presse ancienne num\u00e9ris\u00e9e seul un trihebdomadaire\u00a0 \u00ab\u00a0couvrait\u00a0\u00bb les \u00e9v\u00e8nements ce qui en restreint la port\u00e9e &#8230; Il a cependant le m\u00e9rite d&rsquo;exister, d&rsquo;\u00eatre accessible et de r\u00e9v\u00e9ler, 150 ans apr\u00e8s la Commune,\u00a0 le contenu et le sens de l&rsquo;information\u00a0 rendue disponible \u00e0 l&rsquo;\u00e9poque dans des circonstances exceptionnelles telle qu&rsquo;elle pouvait fa\u00e7onner\u00a0 l&rsquo;opinion publique et pour commencer celle de ses lecteurs&#8230;<\/b><\/p>\n<p class=\"x_ydpe4f57b1bMsoNormal\"><span style=\"font-family: verdana, helvetica, sans-serif;font-size: medium\"><b>\u00a0 \u00a0 <\/b><\/span><b>Cependant les lecteurs auront aussi acc\u00e8s \u00e0 des informations du temps pr\u00e9sent notamment\u00a0 concernant la pr\u00e9sentation\u00a0 \u00e9tonnante en 2020\u00a0 de\u00a0 la m\u00e9moire\u00a0 du sacrifice des communards\u00a0 via le<i> classement<\/i> d&rsquo;un monument parisien d\u00e9di\u00e9\u00a0 aux partisans de l&rsquo;ordre et autres cl\u00e9ricaux versaillais\u2026<\/b><\/p>\n<p class=\"x_ydpe4f57b1bMsoNormal\"><b>\u00a0 \u00a0 \u00a0 Au total, les visiteurs de ce site pourront consulter, \u00e0 ce propos,\u00a0 six documents list\u00e9s ci-dessous\u00a0 (en cliquant sur les annonces\u00a0 en bleu des documents) :<\/b><span style=\"font-family: verdana, helvetica, sans-serif;font-size: medium\"><b><br \/>\n<\/b><\/span><\/p>\n<p class=\"x_ydpe4f57b1bMsoNormal\"><span style=\"font-family: verdana, helvetica, sans-serif;font-size: medium\"><b><\/p>\n<p><\/b><\/span><\/p>\n<p class=\"x_ydpe4f57b1bMsoNormal\"><span style=\"font-family: verdana, helvetica, sans-serif;font-size: medium\"><b>\u00a0 \u00a0 \u00a0 \u00a0 \u00a0\u00a0 <a href=\"http:\/\/asvpnf.com\/wp-content\/uploads\/2021\/03\/Document-1-La-Grande-Histoire-de-la-Commune-introduction.pdf\" target=\"_blank\" rel=\"noopener\">Document 1<\/a>. Extrait de\u00a0 la pr\u00e9sentation du Centenaire de la Commune de 1871.<\/b><\/span><\/p>\n<p class=\"x_ydpe4f57b1bMsoNormal\"><span style=\"font-family: verdana, helvetica, sans-serif;font-size: medium\"><b><\/p>\n<p><\/b><\/span><\/p>\n<p class=\"x_ydpe4f57b1bMsoNormal\"><span style=\"font-family: verdana, helvetica, sans-serif;font-size: medium\"><b>\u00a0 \u00a0 \u00a0 \u00a0 \u00a0\u00a0 <a href=\"http:\/\/asvpnf.com\/wp-content\/uploads\/2021\/03\/Document-2-Avant-pendant-et-apres-la-Commune-de-Paris.pdf\" target=\"_blank\" rel=\"noopener\">Document 2 <\/a>. El\u00e9ments d&rsquo;histoire de la Commune .<\/b><\/span><\/p>\n<p class=\"x_ydpe4f57b1bMsoNormal\"><span style=\"font-family: verdana, helvetica, sans-serif;font-size: medium\"><b><\/p>\n<p><\/b><\/span><\/p>\n<p class=\"x_ydpe4f57b1bMsoNormal\"><span style=\"font-family: verdana, helvetica, sans-serif;font-size: medium\"><b>\u00a0 \u00a0 \u00a0 \u00a0 \u00a0\u00a0 <a href=\"http:\/\/asvpnf.com\/wp-content\/uploads\/2021\/03\/Document-3-La-Commune-de-Paris-et-lecole.pdf\" target=\"_blank\" rel=\"noopener\">Document 3 <\/a>. La Commune et l&rsquo;Ecole.<\/b><\/span><\/p>\n<p class=\"x_ydpe4f57b1bMsoNormal\"><span style=\"font-family: verdana, helvetica, sans-serif;font-size: medium\"><b><a href=\"http:\/\/asvpnf.com\/wp-content\/uploads\/2021\/03\/Document-4-La-Commune-de-Paris-et-Le-Sacre-Coeur-de-la-Honte.pdf\" target=\"_blank\" rel=\"noopener\">\u00a0\u00a0\u00a0\u00a0\u00a0\u00a0\u00a0\u00a0\u00a0\u00a0 Document 4 <\/a>. Le Sacr\u00e9-Coeur de la honte class\u00e9 \u00ab\u00a0monument historique \u00ab\u00a0.<\/b><\/span><\/p>\n<p class=\"x_ydpe4f57b1bMsoNormal\"><span style=\"font-family: verdana, helvetica, sans-serif;font-size: medium\"><b><\/p>\n<p><\/b><\/span><\/p>\n<p class=\"x_ydpe4f57b1bMsoNormal\"><span style=\"font-family: verdana, helvetica, sans-serif;font-size: medium\"><b>\u00a0 \u00a0 \u00a0 \u00a0 \u00a0\u00a0 <a href=\"http:\/\/asvpnf.com\/wp-content\/uploads\/2021\/03\/Document-5-Echos-de-la-Commune-de-Paris-dans-la-presse-ancienne-finisterienne-numerisee.pdf\" target=\"_blank\" rel=\"noopener\">Document 5 <\/a>.\u00a0 Echos de la Commune dans\u00a0 la presse ancienne du Finist\u00e8re.<\/b><\/span><\/p>\n<p class=\"x_ydpe4f57b1bMsoNormal\"><span style=\"font-family: verdana, helvetica, sans-serif;font-size: medium\"><b><\/p>\n<p><\/b><\/span><\/p>\n<p class=\"x_ydpe4f57b1bMsoNormal\"><span style=\"font-family: verdana, helvetica, sans-serif;font-size: medium\"><b>\u00a0 \u00a0 \u00a0 \u00a0 \u00a0\u00a0 <a href=\"http:\/\/asvpnf.com\/wp-content\/uploads\/2021\/03\/Document-6-Croquis-revolutionnaires-de-Pilotell.pdf\" target=\"_blank\" rel=\"noopener\">Document 6<\/a>.\u00a0 Caricatures de <i>Pilotell<\/i>\u00a0relatives \u00e0 la Commune .<\/b><\/span><\/p>\n","protected":false},"excerpt":{"rendered":"<p>\u00a0Il s&rsquo;agit de c\u00e9l\u00e9brer cet \u00e9v\u00e8nement r\u00e9volutionnaire fondateur, le gouvernement insurrectionnel qui en r\u00e9sulta\u00a0 et ses acquis \u00e9mancipateurs ainsi que\u00a0 la m\u00e9moire\u00a0 des 27000 communards massacr\u00e9s par l&rsquo;arm\u00e9e versaillaise dite de l&rsquo;ordre.\u00a0 \u00a0 \u00a0 \u00a0 \u00a0On trouvera\u00a0 ici des \u00e9l\u00e9ments\u00a0 <a class=\"more-link\" href=\"https:\/\/asvpnf.com\/index.php\/2021\/03\/16\/le-150e-anniversaire-de-la-commune-de-paris-18-mars-1871-28-mai-1871\/\">En lire plus &#8230;<\/a><\/p>\n","protected":false},"author":9,"featured_media":0,"comment_status":"closed","ping_status":"closed","sticky":false,"template":"","format":"standard","meta":{"spay_email":""},"categories":[10],"tags":[47],"jetpack_featured_media_url":"","_links":{"self":[{"href":"https:\/\/asvpnf.com\/index.php\/wp-json\/wp\/v2\/posts\/5785"}],"collection":[{"href":"https:\/\/asvpnf.com\/index.php\/wp-json\/wp\/v2\/posts"}],"about":[{"href":"https:\/\/asvpnf.com\/index.php\/wp-json\/wp\/v2\/types\/post"}],"author":[{"embeddable":true,"href":"https:\/\/asvpnf.com\/index.php\/wp-json\/wp\/v2\/users\/9"}],"replies":[{"embeddable":true,"href":"https:\/\/asvpnf.com\/index.php\/wp-json\/wp\/v2\/comments?post=5785"}],"version-history":[{"count":2,"href":"https:\/\/asvpnf.com\/index.php\/wp-json\/wp\/v2\/posts\/5785\/revisions"}],"predecessor-version":[{"id":5793,"href":"https:\/\/asvpnf.com\/index.php\/wp-json\/wp\/v2\/posts\/5785\/revisions\/5793"}],"wp:attachment":[{"href":"https:\/\/asvpnf.com\/index.php\/wp-json\/wp\/v2\/media?parent=5785"}],"wp:term":[{"taxonomy":"category","embeddable":true,"href":"https:\/\/asvpnf.com\/index.php\/wp-json\/wp\/v2\/categories?post=5785"},{"taxonomy":"post_tag","embeddable":true,"href":"https:\/\/asvpnf.com\/index.php\/wp-json\/wp\/v2\/tags?post=5785"}],"curies":[{"name":"wp","href":"https:\/\/api.w.org\/{rel}","templated":true}]}}