{"id":5794,"date":"2021-03-17T19:48:23","date_gmt":"2021-03-17T18:48:23","guid":{"rendered":"http:\/\/asvpnf.com\/?p=5794"},"modified":"2021-03-17T19:48:23","modified_gmt":"2021-03-17T18:48:23","slug":"modernite-des-combats-emancipateurs-de-nathalie-le-mel-communarde-deportee-en-nouvelle-caledonie","status":"publish","type":"post","link":"https:\/\/asvpnf.com\/index.php\/2021\/03\/17\/modernite-des-combats-emancipateurs-de-nathalie-le-mel-communarde-deportee-en-nouvelle-caledonie\/","title":{"rendered":"Modernit\u00e9 des combats \u00e9mancipateurs de Nathalie Le Mel,                 Communarde d\u00e9port\u00e9e en Nouvelle Cal\u00e9donie."},"content":{"rendered":"<p class=\"x_ydp2d053281yiv0613190387ydpa9e129c8yiv5870122616ydpaf550d22MsoNormal\"><span lang=\"EN-US\"><span style=\"font-family: verdana, helvetica, sans-serif;font-size: medium\"><b>\u00ab\u00a0Malgr\u00e9 la pand\u00e9mie, le cent cinquanti\u00e8me anniversaire de la Commune ne manquera pas d\u2019initiatives qui montreront une fois de plus que, loin d\u2019\u00eatre morte, la Commune reste une source merveilleuse d\u2019inspiration et de confiance pour toutes celles et tous ceux qui se r\u00e9clament encore des valeurs de la \u00a0R\u00e9publique d\u00e9mocratique et sociale\u00a0\u00bb.\u00a0 Les visiteurs pourront s&rsquo;en convaincre en suivant les liens suivants :<\/b><\/span><\/span><\/p>\n<p class=\"x_ydp2d053281yiv0613190387ydpa9e129c8yiv5870122616ydpaf550d22MsoNormal\"><span lang=\"EN-US\"><span style=\"font-family: verdana, helvetica, sans-serif;font-size: medium\"><b>\u00a0\u00a0\u00a0\u00a0\u00a0\u00a0\u00a0<a href=\"https:\/\/www.commune1871.org\/la-commune-de-paris\/histoire-de-la-commune\/commune-1871-ephemeride\/1166-commune-1871-ephemeride-17-mars-les-canons-de-la-commune\" target=\"_blank\" rel=\"nofollow noopener noreferrer\" data-auth=\"NotApplicable\">https:\/\/www.commune1871.org\/la-commune-de-paris\/histoire-de-la-commune\/commune-1871-ephemeride\/1166-commune-1871-ephemeride-17-mars-les-canons-de-la-commune<\/a><\/b><\/span><\/span><\/p>\n<p class=\"x_ydp2d053281yiv0613190387ydpa9e129c8yiv5870122616ydpaf550d22MsoNormal\"><span lang=\"EN-US\"><span style=\"font-family: verdana, helvetica, sans-serif;font-size: medium\"><b>\u00a0\u00a0\u00a0\u00a0\u00a0\u00a0\u00a0\u00a0\u00a0 <a href=\"https:\/\/www.commune1871.org\/nos-actualites\/actualites\/1140-150eme-anniversaire-de-la-commune-un-elan-populaire-pour-monter-au-mur\" target=\"_blank\" rel=\"nofollow noopener noreferrer\" data-auth=\"NotApplicable\">https:\/\/www.commune1871.org\/nos-actualites\/actualites\/1140-150eme-anniversaire-de-la-commune-un-elan-populaire-pour-monter-au-mur<\/a><\/b><\/span><\/span><\/p>\n<div><span lang=\"EN-US\"><span style=\"font-family: verdana, helvetica, sans-serif;font-size: medium\"><b>\u00a0\u00a0\u00a0\u00a0\u00a0\u00a0\u00a0\u00a0 Nous revenons ici sur\u00a0 des \u00e9l\u00e9ments relatifs \u00e0 l&rsquo;histoire singuli\u00e8re de<i>\u00a0 Nathalie Le Mel<\/i>\u00a0&#8211; \u00ab\u00a0p\u00e9troleuse\u00a0\u00bb finist\u00e9rienne- pr\u00e9sum\u00e9e coupable avant d&rsquo;avoir \u00e9t\u00e9 jug\u00e9e. Ils furent pr\u00e9sent\u00e9s par\u00a0<i>Yvonne Rainero<\/i>\u00a0dans un discours qu&rsquo;elle pronon\u00e7a\u00a0 le 6 f\u00e9vrier 2021 \u00e0 Quimper\u00a0 lors de la c\u00e9l\u00e9bration du 150\u00e8 anniversaire du d\u00e9but de l&rsquo;insurrection .<\/b><\/span><\/span><\/div>\n<p class=\"x_ydp2d053281yiv0613190387ydpa9e129c8yiv5870122616ydpaf550d22MsoNormal\"><span lang=\"EN-US\"><span style=\"font-family: verdana, helvetica, sans-serif;font-size: medium\"><b>\u00a0 \u00a0 \u00a0 \u00a0<\/b><\/span><\/span><b>On rappellera\u00a0 que\u00a0\u00a0<i>Nathalie Le Mel<\/i> \u00e9tait ouvri\u00e8re relieuse et qu&rsquo;en\u00a0septembre 1864, une gr\u00e8ve des ouvri\u00e8res et des ouvriers relieurs \u00e9clata \u00e0 Paris sur la\u00a0r\u00e9duction du temps de travail et l&rsquo;augmentation des\u00a0salaires.\u00a0<i>Eug\u00e8ne Varlin<\/i>\u00a0et\u00a0<i>Nathalie Le Mel<\/i>\u00a0y jou\u00e8rent un r\u00f4le dirigeant et cette gr\u00e8ve, la premi\u00e8re apr\u00e8s la\u00a0Loi\u00a0sur les coalitions du 25 mai 1864, fut victorieuse. Mais les acquis\u00a0 ne tard\u00e8rent pas \u00e0 \u00eatre remis en cause par les patrons&#8230;<\/b><\/p>\n<p class=\"x_ydp2d053281yiv0613190387ydpa9e129c8yiv5870122616ydpaf550d22MsoNormal\"><span lang=\"EN-US\"><span style=\"font-family: verdana, helvetica, sans-serif;font-size: medium\"><b>\u00a0\u00a0\u00a0\u00a0\u00a0Les visiteurs pourront consulter le discours prononc\u00e9 par <i>Yvonne Rainero<\/i> en <a href=\"http:\/\/asvpnf.com\/wp-content\/uploads\/2021\/03\/Hommage-a-Nathalie-Le-Mel-Quimper-6-mars-2021.pdf\" target=\"_blank\" rel=\"noopener\"><span style=\"font-size: 14pt\">cliquant ici<\/span><\/a>.\u00a0\u00a0\u00a0\u00a0 <\/b><\/span><\/span><\/p>\n<div><span lang=\"EN-US\"><span style=\"font-family: verdana, helvetica, sans-serif;font-size: medium\"><b>\u00a0 \u00a0 \u00a0\u00a0Que\u00a0<i>Yvonne Rainero<\/i>\u00a0soit cordialement remerci\u00e9e de nous avoir autoris\u00e9 \u00e0 reproduire le texte de son discours afin de le repr\u00e9senter sur ce site.\u00a0<\/b><\/span><\/span><\/div>\n","protected":false},"excerpt":{"rendered":"<p>\u00ab\u00a0Malgr\u00e9 la pand\u00e9mie, le cent cinquanti\u00e8me anniversaire de la Commune ne manquera pas d\u2019initiatives qui montreront une fois de plus que, loin d\u2019\u00eatre morte, la Commune reste une source merveilleuse d\u2019inspiration et de confiance pour toutes celles et tous ceux <a class=\"more-link\" href=\"https:\/\/asvpnf.com\/index.php\/2021\/03\/17\/modernite-des-combats-emancipateurs-de-nathalie-le-mel-communarde-deportee-en-nouvelle-caledonie\/\">En lire plus &#8230;<\/a><\/p>\n","protected":false},"author":9,"featured_media":0,"comment_status":"closed","ping_status":"closed","sticky":false,"template":"","format":"standard","meta":{"spay_email":""},"categories":[10],"tags":[47],"jetpack_featured_media_url":"","_links":{"self":[{"href":"https:\/\/asvpnf.com\/index.php\/wp-json\/wp\/v2\/posts\/5794"}],"collection":[{"href":"https:\/\/asvpnf.com\/index.php\/wp-json\/wp\/v2\/posts"}],"about":[{"href":"https:\/\/asvpnf.com\/index.php\/wp-json\/wp\/v2\/types\/post"}],"author":[{"embeddable":true,"href":"https:\/\/asvpnf.com\/index.php\/wp-json\/wp\/v2\/users\/9"}],"replies":[{"embeddable":true,"href":"https:\/\/asvpnf.com\/index.php\/wp-json\/wp\/v2\/comments?post=5794"}],"version-history":[{"count":1,"href":"https:\/\/asvpnf.com\/index.php\/wp-json\/wp\/v2\/posts\/5794\/revisions"}],"predecessor-version":[{"id":5796,"href":"https:\/\/asvpnf.com\/index.php\/wp-json\/wp\/v2\/posts\/5794\/revisions\/5796"}],"wp:attachment":[{"href":"https:\/\/asvpnf.com\/index.php\/wp-json\/wp\/v2\/media?parent=5794"}],"wp:term":[{"taxonomy":"category","embeddable":true,"href":"https:\/\/asvpnf.com\/index.php\/wp-json\/wp\/v2\/categories?post=5794"},{"taxonomy":"post_tag","embeddable":true,"href":"https:\/\/asvpnf.com\/index.php\/wp-json\/wp\/v2\/tags?post=5794"}],"curies":[{"name":"wp","href":"https:\/\/api.w.org\/{rel}","templated":true}]}}