{"id":5806,"date":"2021-03-23T14:29:03","date_gmt":"2021-03-23T13:29:03","guid":{"rendered":"http:\/\/asvpnf.com\/?p=5806"},"modified":"2021-03-23T14:29:03","modified_gmt":"2021-03-23T13:29:03","slug":"resister-a-lintimidation-des-nouveaux-inquisiteurs","status":"publish","type":"post","link":"https:\/\/asvpnf.com\/index.php\/2021\/03\/23\/resister-a-lintimidation-des-nouveaux-inquisiteurs\/","title":{"rendered":"R\u00e9sister \u00e0 l&rsquo;intimidation des nouveaux inquisiteurs  !"},"content":{"rendered":"<h1 class=\"x_ydp9e5f750byiv1718397828ydp5b4981b1yiv8872024274ydpbde69ae4yiv0207572613ydp8db0b11eentry-title\"><span style=\"font-size: x-large\"><i>\u00ab\u00a0IEP Grenoble. \u00c0 quoi sert le mot \u00ab\u00a0islamophobie\u00a0\u00bb\u00a0? Halte \u00e0 l\u2019intimidation\u00a0!\u00a0\u00bb; un nouvel article de <\/i>Catherine Kintzler\u00a0<\/span><\/h1>\n<div dir=\"ltr\"><span><i>\u00a0\u00a0<\/i><\/span><\/p>\n<div>\n<p class=\"x_ydp9e5f750byiv1718397828ydp552faceaMsoNormal\"><span lang=\"EN-US\"><span style=\"font-family: Comic Sans MS\">\u00a0<\/span>\u00a0\u00a0\u00a0\u00a0\u00a0 <span style=\"font-family: verdana, helvetica, sans-serif;font-size: medium\"><b>\u00a0\u00a0<\/b><\/span><\/span><span lang=\"EN-US\"><span style=\"font-family: verdana, helvetica, sans-serif;font-size: medium\"><b>Pour r\u00e9sister et \u00e9viter le pi\u00e8ge de la peur et de \u00a0l\u2019autocensure, il s&rsquo;agit de rester inform\u00e9\u00a0 sur la nature des manoeuvres engag\u00e9es et sur leur signification notamment en milieu universitaire&#8230;<\/b><\/span><\/span><\/p>\n<p class=\"x_ydp9e5f750byiv1718397828ydp552faceaMsoNormal\"><span lang=\"EN-US\"><span style=\"font-family: verdana, helvetica, sans-serif;font-size: medium\"><b>\u00a0 \u00a0\u00a0\u00a0\u00a0Les visiteurs indign\u00e9s, et ceux qui le sont moins, pourront consulter \u00e0 ce sujet la mise au point \u00a0de <i>Catherine Kintzler<\/i>\u00a0 parue le 7 mars 2021\u00a0 dans son Blog revue. Pour y acc\u00e9der, il leur est propos\u00e9 de suivre le lien suivant :<\/b><\/span><\/span><\/p>\n<p class=\"x_ydp9e5f750byiv1718397828ydp552faceaMsoNormal\"><span lang=\"EN-US\"><span style=\"font-family: verdana, helvetica, sans-serif;font-size: medium\"><b>\u00a0<\/b><\/span><\/span><\/p>\n<p class=\"x_ydp9e5f750byiv1718397828ydp552faceaMsoNormal\"><span lang=\"EN-US\"><span style=\"font-family: verdana, helvetica, sans-serif;font-size: medium\"><b>\u00a0 \u00a0\u00a0<\/b><\/span><\/span><\/p>\n<p class=\"x_ydp9e5f750byiv1718397828ydp552faceaMsoNormal\"><span style=\"font-family: verdana, helvetica, sans-serif;font-size: medium\"><b><span lang=\"EN-US\">URL <\/span><span lang=\"EN-US\">: https:\/\/www.mezetulle.fr\/iep-grenoble-a-quoi-sert-le-mot-islamophobie-halte-a-lintimidation\/<\/span><\/b><\/span><\/p>\n<p class=\"x_ydp9e5f750byiv1718397828ydp552faceaMsoNormal\"><span lang=\"EN-US\"><span style=\"font-family: verdana, helvetica, sans-serif;font-size: medium\"><b>\u00a0<\/b><\/span><\/span><\/p>\n<p class=\"x_ydp9e5f750byiv1718397828ydp552faceaMsoNormal\"><span lang=\"EN-US\"><span style=\"font-family: verdana, helvetica, sans-serif;font-size: medium\"><b>\u00a0 \u00a0 \u00a0Ils \u00a0pourront ainsi se rendre compte que\u00a0 \u00a0\u00bb\u00a0\u00c0 nouveau, l\u2019accusation d\u2019islamophobie frappe. <i>Charb <\/i>en faisait d\u00e9j\u00e0 l\u2019analyse dans son livre posthume\u00a0<i>Lettre aux escrocs de l\u2019islamophobie<\/i>. <\/b><\/span><\/span><\/p>\n<p class=\"x_ydp9e5f750byiv1718397828ydp552faceaMsoNormal\"><span lang=\"EN-US\"><span style=\"font-family: verdana, helvetica, sans-serif;font-size: medium\"><b>\u00a0\u00a0\u00a0\u00a0\u00a0\u00a0 Deux professeurs ont vu, ces derniers jours, leurs noms placard\u00e9s sur les murs de l\u2019IEP de Grenoble sous ce grief qui se veut infamant et par lequel un groupuscule tente, toute honte bue, de d\u00e9clencher un mouvement qui s\u2019apparente \u00e0 un lynchage. <\/b><\/span><\/span><\/p>\n<p class=\"x_ydp9e5f750byiv1718397828ydp552faceaMsoNormal\"><span lang=\"EN-US\"><span style=\"font-family: verdana, helvetica, sans-serif;font-size: medium\"><b>\u00a0 \u00a0 Allons-nous encore longtemps laisser les lieux acad\u00e9miques livr\u00e9s \u00e0 de telles intimidations ? Comme l\u2019\u00e9crit l\u2019historien <i>Eric Anceau <\/i>dans un tweet : \u00ab <i>tout universitaire qui se respecte, et ce quelles que soient ses id\u00e9es, devrait se sentir solidaire et soutenir ces deux coll\u00e8gues que je ne connais pas\u00a0\u00bb.<\/i><\/b><\/span><\/span><\/p>\n<p class=\"x_ydp9e5f750byiv1718397828ydp552faceaMsoNormal\"><span lang=\"EN-US\"><span style=\"font-family: verdana, helvetica, sans-serif;font-size: medium\"><b>\u00a0<\/b><\/span><\/span><\/p>\n<div><span lang=\"EN-US\"><span style=\"font-family: verdana, helvetica, sans-serif;font-size: medium\"><b>\u00a0 \u00a0 \u00a0Nous remercions <i>Catherine Kintzler<\/i> de nous autoriser \u00e0 repr\u00e9senter sur ce site sa nouvelle contribution appelant au soutien des coll\u00e8gues menac\u00e9s !<\/b><\/span><\/span><\/div>\n<\/div>\n<\/div>\n","protected":false},"excerpt":{"rendered":"<p>\u00ab\u00a0IEP Grenoble. \u00c0 quoi sert le mot \u00ab\u00a0islamophobie\u00a0\u00bb\u00a0? Halte \u00e0 l\u2019intimidation\u00a0!\u00a0\u00bb; un nouvel article de Catherine Kintzler\u00a0 \u00a0\u00a0 \u00a0\u00a0\u00a0\u00a0\u00a0\u00a0 \u00a0\u00a0Pour r\u00e9sister et \u00e9viter le pi\u00e8ge de la peur et de \u00a0l\u2019autocensure, il s&rsquo;agit de rester inform\u00e9\u00a0 sur la nature des <a class=\"more-link\" href=\"https:\/\/asvpnf.com\/index.php\/2021\/03\/23\/resister-a-lintimidation-des-nouveaux-inquisiteurs\/\">En lire plus &#8230;<\/a><\/p>\n","protected":false},"author":9,"featured_media":0,"comment_status":"closed","ping_status":"closed","sticky":false,"template":"","format":"standard","meta":{"spay_email":""},"categories":[11],"tags":[],"jetpack_featured_media_url":"","_links":{"self":[{"href":"https:\/\/asvpnf.com\/index.php\/wp-json\/wp\/v2\/posts\/5806"}],"collection":[{"href":"https:\/\/asvpnf.com\/index.php\/wp-json\/wp\/v2\/posts"}],"about":[{"href":"https:\/\/asvpnf.com\/index.php\/wp-json\/wp\/v2\/types\/post"}],"author":[{"embeddable":true,"href":"https:\/\/asvpnf.com\/index.php\/wp-json\/wp\/v2\/users\/9"}],"replies":[{"embeddable":true,"href":"https:\/\/asvpnf.com\/index.php\/wp-json\/wp\/v2\/comments?post=5806"}],"version-history":[{"count":1,"href":"https:\/\/asvpnf.com\/index.php\/wp-json\/wp\/v2\/posts\/5806\/revisions"}],"predecessor-version":[{"id":5807,"href":"https:\/\/asvpnf.com\/index.php\/wp-json\/wp\/v2\/posts\/5806\/revisions\/5807"}],"wp:attachment":[{"href":"https:\/\/asvpnf.com\/index.php\/wp-json\/wp\/v2\/media?parent=5806"}],"wp:term":[{"taxonomy":"category","embeddable":true,"href":"https:\/\/asvpnf.com\/index.php\/wp-json\/wp\/v2\/categories?post=5806"},{"taxonomy":"post_tag","embeddable":true,"href":"https:\/\/asvpnf.com\/index.php\/wp-json\/wp\/v2\/tags?post=5806"}],"curies":[{"name":"wp","href":"https:\/\/api.w.org\/{rel}","templated":true}]}}