{"id":5810,"date":"2021-03-30T19:14:28","date_gmt":"2021-03-30T18:14:28","guid":{"rendered":"http:\/\/asvpnf.com\/?p=5810"},"modified":"2021-03-30T19:14:28","modified_gmt":"2021-03-30T18:14:28","slug":"la-presse-locale-et-la-commune-de-paris-mars-mai1871","status":"publish","type":"post","link":"https:\/\/asvpnf.com\/index.php\/2021\/03\/30\/la-presse-locale-et-la-commune-de-paris-mars-mai1871\/","title":{"rendered":"La presse locale et la Commune de Paris  (mars-mai,1871)"},"content":{"rendered":"<div dir=\"ltr\"><span lang=\"EN-US\"><span style=\"font-family: verdana, helvetica, sans-serif;font-size: x-large\"><b>Petite chronique de la guerre civile entre arm\u00e9e communaliste et arm\u00e9e r\u00e9publicaine<\/b><\/span><\/span><\/div>\n<div dir=\"ltr\"><span lang=\"EN-US\"><span style=\"font-family: verdana, helvetica, sans-serif;font-size: x-large\"><b>\u00a0<\/b><\/span><\/span><\/div>\n<div dir=\"ltr\"><span lang=\"EN-US\"><span style=\"font-family: verdana, helvetica, sans-serif;font-size: x-large\"><b>\u00a0<\/b><\/span><\/span><\/div>\n<div>\n<div>\n<p class=\"x_ydpb08c4d25MsoNormal\"><span lang=\"EN-US\"><br \/>\n<\/span><span lang=\"EN-US\">\u00a0\u00a0\u00a0\u00a0\u00a0Les \u00e9l\u00e9ments rapport\u00e9s dans cet article\u00a0 n&rsquo;ont pas pour objet de tenter de rendre compte de l&rsquo;ensemble des \u00e9v\u00e8nements insurrectionnels (et de leur r\u00e9pression) qui eurent cours du 18 mars au 28 mai 1871. Les cinq tomes de la Grande Histoire de la Commune\u00a0 de\u00a0<i>Georges Soria<\/i>\u00a0 y suffisent \u00e0 peine !&#8230;\u00a0<\/span><\/p>\n<p class=\"x_ydpb08c4d25MsoNormal\"><span lang=\"EN-US\">\u00a0<\/span><\/p>\n<p class=\"x_ydpb08c4d25MsoNormal\"><span lang=\"EN-US\">\u00a0 \u00a0 Ils ont vocation \u00e0 en\u00a0\u00a0illustrer quelques points particuliers au moyen d&rsquo;articles et de\u00a0 br\u00e8ves d\u2019un journal finist\u00e9rien de l&rsquo;\u00e9poque ayant \u201ccouvert\u201d l&rsquo;\u00e9v\u00e8nement \u00a0(avec ses choix politiques et philosophiques), journal accessible sous une forme num\u00e9ris\u00e9e aux Archives d\u00e9partementales du Finist\u00e8re.<\/span><\/p>\n<p class=\"x_ydpb08c4d25MsoNormal\"><span lang=\"EN-US\">\u00a0<\/span><\/p>\n<p class=\"x_ydpb08c4d25MsoNormal\"><span lang=\"EN-US\">\u00a0 \u00a0 \u00a0Les r\u00e9cits propos\u00e9s au lecteur, cibl\u00e9s au d\u00e9but\u00a0 (25 mars 1871), \u00e0 la\u00a0 mi-parcours (25 avril 1871) et \u00e0 la fin (30 mai 1871) de l&rsquo;insurrection\u00a0 ne\u00a0 permettent\u00a0 qu\u2019une repr\u00e9sentation tr\u00e8s partielle\u00a0 de cette p\u00e9riode fondatrice de notre histoire. Celle-ci, il faut en convenir est trop largement occult\u00e9e du d\u00e9bat et des ouvrages. Il serait tentant d&rsquo;\u00e9lucider les raisons de cette situation et d\u2019en \u00e9valuer les cons\u00e9quences.<\/span><\/p>\n<p class=\"x_ydpb08c4d25MsoNormal\"><span lang=\"EN-US\">\u00a0<\/span><\/p>\n<p class=\"x_ydpb08c4d25MsoNormal\"><span lang=\"EN-US\">\u00a0\u00a0\u00a0 Il est entendu \u00a0que la Commune de Paris, malgr\u00e9 son contexte particulier et la violence des faits concern\u00e9s, reste une des cl\u00e9s de notre histoire contemporaine.\u00a0 Ainsi elle appara\u00eet comme la digue \u00e0 l&rsquo;\u00e9lan monarchiste, la source d&rsquo;options nouvelles pour la R\u00e9publique, la porte ouverte au marxisme et au radicalisme, le fondement de l&rsquo;enthousiasme de 1914 et des barricades de 1944,\u00a0 la source d&rsquo;enseignements\u00a0 pour L\u00e9nine et Trotsky, et pour d&rsquo;autres r\u00e9volutions\u00a0 modernes (cf.<i>Georges Duveau<\/i>,1961;\u00a0 <i>Histoire du Peuple Fran\u00e7ais de 1848 \u00e0 nos<\/i> <i>jours<\/i>,\u00a0 Livre deuxi\u00e8me, I, 5,319-321). On a d\u00e9j\u00e0 soulign\u00e9 ici la contribution\u00a0 des exp\u00e9riences de la Commune aux fondements\u00a0 de notre \u00e9cole publique r\u00e9publicaine.\u00a0 Nous y reviendrons prochainement.<\/span><\/p>\n<p class=\"x_ydpb08c4d25MsoNormal\"><span lang=\"EN-US\">\u00a0<\/span><\/p>\n<div><span lang=\"EN-US\">\u00a0 \u00a0 \u00a0Les visiteurs pourront consulter <strong><span style=\"font-size: 14pt\"><a href=\"http:\/\/asvpnf.com\/wp-content\/uploads\/2021\/03\/Chronique-de-la-guerre-civile-entre-armee-communaliste-et-armee-republicaine.pdf\" target=\"_blank\" rel=\"noopener\">en cliquant ici<\/a><\/span><\/strong> un ensemble de documents transcrits de la presse ancienne finist\u00e9rienne de l&rsquo;\u00e9poque\u00a0 s\u00e9lectionn\u00e9s pour aider \u00e0 reconstituer quelques aspects de\u00a0 l&rsquo;histoire de la vie des Parisiens pendant cette p\u00e9riode sombre et mal connue de notre pays.<\/span><\/div>\n<div><\/div>\n<\/div>\n<\/div>\n","protected":false},"excerpt":{"rendered":"<p>Petite chronique de la guerre civile entre arm\u00e9e communaliste et arm\u00e9e r\u00e9publicaine \u00a0 \u00a0 \u00a0\u00a0\u00a0\u00a0\u00a0Les \u00e9l\u00e9ments rapport\u00e9s dans cet article\u00a0 n&rsquo;ont pas pour objet de tenter de rendre compte de l&rsquo;ensemble des \u00e9v\u00e8nements insurrectionnels (et de leur r\u00e9pression) qui eurent <a class=\"more-link\" href=\"https:\/\/asvpnf.com\/index.php\/2021\/03\/30\/la-presse-locale-et-la-commune-de-paris-mars-mai1871\/\">En lire plus &#8230;<\/a><\/p>\n","protected":false},"author":9,"featured_media":0,"comment_status":"closed","ping_status":"closed","sticky":false,"template":"","format":"standard","meta":{"spay_email":""},"categories":[10],"tags":[47],"jetpack_featured_media_url":"","_links":{"self":[{"href":"https:\/\/asvpnf.com\/index.php\/wp-json\/wp\/v2\/posts\/5810"}],"collection":[{"href":"https:\/\/asvpnf.com\/index.php\/wp-json\/wp\/v2\/posts"}],"about":[{"href":"https:\/\/asvpnf.com\/index.php\/wp-json\/wp\/v2\/types\/post"}],"author":[{"embeddable":true,"href":"https:\/\/asvpnf.com\/index.php\/wp-json\/wp\/v2\/users\/9"}],"replies":[{"embeddable":true,"href":"https:\/\/asvpnf.com\/index.php\/wp-json\/wp\/v2\/comments?post=5810"}],"version-history":[{"count":2,"href":"https:\/\/asvpnf.com\/index.php\/wp-json\/wp\/v2\/posts\/5810\/revisions"}],"predecessor-version":[{"id":5813,"href":"https:\/\/asvpnf.com\/index.php\/wp-json\/wp\/v2\/posts\/5810\/revisions\/5813"}],"wp:attachment":[{"href":"https:\/\/asvpnf.com\/index.php\/wp-json\/wp\/v2\/media?parent=5810"}],"wp:term":[{"taxonomy":"category","embeddable":true,"href":"https:\/\/asvpnf.com\/index.php\/wp-json\/wp\/v2\/categories?post=5810"},{"taxonomy":"post_tag","embeddable":true,"href":"https:\/\/asvpnf.com\/index.php\/wp-json\/wp\/v2\/tags?post=5810"}],"curies":[{"name":"wp","href":"https:\/\/api.w.org\/{rel}","templated":true}]}}