{"id":5865,"date":"2021-04-21T18:14:34","date_gmt":"2021-04-21T17:14:34","guid":{"rendered":"https:\/\/asvpnf.com\/?p=5865"},"modified":"2021-04-22T18:29:21","modified_gmt":"2021-04-22T17:29:21","slug":"dans-la-serie-andre-le-goff-raconte-deux-nouvelles-illustrees-pour-soutenir-le-moral-en-pleine-pandemie-de-coronavirus-2020-2021","status":"publish","type":"post","link":"https:\/\/asvpnf.com\/index.php\/2021\/04\/21\/dans-la-serie-andre-le-goff-raconte-deux-nouvelles-illustrees-pour-soutenir-le-moral-en-pleine-pandemie-de-coronavirus-2020-2021\/","title":{"rendered":"Dans la s\u00e9rie  Andr\u00e9 Le Goff raconte ;   deux  nouvelles illustr\u00e9es pour soutenir le moral,  en pleine  pand\u00e9mie  de coronavirus (2020-2021)."},"content":{"rendered":"<p class=\"x_ydpa108c177yiv7814328428ydpcd1910f1MsoNormal\"><b><span lang=\"EN-US\">Pour r\u00e9sister au pr\u00e9sent et se projeter dans l&rsquo;avenir\u00a0, dans les circonstances critiques que nous traversons, rien ne vaut un\u00a0 travail de m\u00e9moire sur son propre pass\u00e9 &#8230;\u00a0 C&rsquo;est la d\u00e9marche que nous propose\u00a0 notre ami\u00a0<i>Andr\u00e9 Le<\/i> <i>Goff<\/i>\u00a0via deux nouveaux\u00a0 r\u00e9cits illustr\u00e9s , un genre dont il a le secret.<\/span><\/b><\/p>\n<p class=\"x_ydpa108c177yiv7814328428ydpcd1910f1MsoNormal\"><b><span lang=\"EN-US\">Les visiteurs int\u00e9ress\u00e9s pourront consulter,\u00a0\u00a0en cliquant\u00a0sur les items not\u00e9s en bleu :<\/span><\/b><\/p>\n<p class=\"x_ydpa108c177yiv7814328428ydpcd1910f1MsoNormal\"><b><span lang=\"EN-US\">\u00a0\u00a0\u00a0\u00a0\u00a0\u00a0\u00a0\u00a0\u00a0\u00a01.<span style=\"font-size: 14pt\"><a href=\"http:\/\/asvpnf.com\/wp-content\/uploads\/2021\/04\/Document-1-La-procession-ALG.pdf\" target=\"_blank\" rel=\"noopener\">Document 1 <\/a><\/span> .\u00a0 \u00a0\u00ab\u00a0<\/span><\/b><b><i><span lang=\"EN-US\">La\u00a0 procession<\/span><\/i><\/b><b><span lang=\"EN-US\">\u00ab\u00a0, l&rsquo;\u00e9v\u00e8nement\u00a0 \u00e9tait, pour l&rsquo;auteur, un v\u00e9ritable \u00ab\u00a0tralala\u00a0\u00bb en son nouveau pays de Rosporden (F-29140) aux traditions religieuses et\u00a0 cornouaillaises\u00a0 bien ancr\u00e9es. Jusque la R\u00e9volution, Rosporden \u00e9tait une tr\u00e8ve de la Paroisse d&rsquo;Elliant, une \u00ab\u00a0petite ville relevant du Roi\u00a0\u00bb&#8230;On pourra s&rsquo;impr\u00e9gner de l&rsquo;ambiance locale en suivant le lien :\u00a0\u00a0<a id=\"LPlnk251511\" class=\"x_ydpa108c177yiv7814328428\" href=\"http:\/\/www.bretagneweb.com\/photos-29\/29-rosporden.htm\" target=\"_blank\" rel=\"nofollow noopener noreferrer\" data-auth=\"NotApplicable\" data-linkindex=\"0\">http:\/\/www.bretagneweb.com\/photos-29\/29-rosporden.htm<\/a><\/span><\/b><\/p>\n<div id=\"LPBorder_GTaHR0cDovL3d3dy5icmV0YWduZXdlYi5jb20vcGhvdG9zLTI5LzI5LXJvc3BvcmRlbi5odG0.\" class=\"LPBorder348380\">\n<table id=\"LPContainer348380\" style=\"width: 100%;height: 147px\" role=\"presentation\">\n<tbody>\n<tr style=\"height: 147px\" valign=\"top\">\n<td style=\"height: 147px\">\n<div id=\"LPImageContainer348380\"><a id=\"LPImageAnchor348380\" href=\"http:\/\/www.bretagneweb.com\/photos-29\/29-rosporden.htm\" target=\"_blank\" rel=\"noopener\"><img loading=\"lazy\" id=\"LPThumbnailImageId348380\" src=\"http:\/\/www.bretagneweb.com\/photos-29\/images3\/29-rosporden-stele-du-moustoir-1l.jpg\" alt=\"\" width=\"120\" height=\"160\" \/><\/a><\/div>\n<\/td>\n<td style=\"height: 147px\">\n<div id=\"LPTitle348380\"><a id=\"LPUrlAnchor348380\" href=\"http:\/\/www.bretagneweb.com\/photos-29\/29-rosporden.htm\" target=\"_blank\" rel=\"noopener\">rosporden &#8211; photos patrimoine histoire &#8211; bretagneweb.com<\/a><\/div>\n<div id=\"LPDescription348380\">clocher, abside et portail de l&rsquo;\u00c9glise &#8211; class\u00c9 le 12 ao\u00dbt 1914 &#8211; cimeti\u00c8re entourant l&rsquo;\u00c9glise, avec son mur de cl\u00d4ture et le calvaire incorpor\u00c9 \u00c0 ce mur &#8211; class\u00c9 le 20 mars 1940<\/div>\n<div id=\"LPMetadata348380\">www.bretagneweb.com<\/div>\n<\/td>\n<\/tr>\n<\/tbody>\n<\/table>\n<\/div>\n<div><b>\u00a0<\/b><\/div>\n<div><b><span lang=\"EN-US\">\u00a0 \u00a0 \u00a0 \u00a0 \u00a0 \u00a0 \u00a0 2. <span style=\"font-size: 14pt\"><a href=\"http:\/\/asvpnf.com\/wp-content\/uploads\/2021\/04\/Document-2-.Un-Heros-la-valise-a-Turenne-ALG.pdf\" target=\"_blank\" rel=\"noopener\">Document 2 .<\/a><\/span> . \u00a0\u00a0\u00a0\u00bb <\/span><i><span lang=\"EN-US\"><span style=\"font-size: 14pt\">\u00a0<span style=\"font-family: symbol\">\u03c0<\/span><\/span> r k<\/span><\/i><span lang=\"EN-US\">\u00a0\u00a0\u00bb\u00a0\u00a0: cet intitul\u00e9\u00a0 ne sera intelligible qu&rsquo;\u00e0 certains visiteurs, anciens \u00e9l\u00e8ves-ma\u00eetres de l&rsquo;Ecole normale d&rsquo;Instituteurs de Quimper. Cet acronyme singulier correspond, en langage normalien, au surnom\u00a0 d&rsquo;un \u00e9minent professeur d&rsquo;histoire-g\u00e9ographie du milieu du 20\u00e8 si\u00e8cle, c\u00e9l\u00e8bre par l&rsquo;\u00e9nigme qu&rsquo;il propagea autour de la &lsquo;valise de Turenne\u00a0\u00bb.\u00a0 L&rsquo;\u00e9nigme\u00a0 trouva une solution d\u2019attente lors \u00a0d\u2019un \u00ab\u00a0d\u00e9gagement\u00a0\u00bb implacable imagin\u00e9 par\u00a0 des \u00e9l\u00e8ves\u00a0sans complexe et \u00a0 tel que racont\u00e9 par\u00a0<i>A. Le Goff<\/i>.\u00a0Aux derni\u00e8res nouvelles,\u00a0 ni la valise ni sa cl\u00e9 n&rsquo;ont \u00e9t\u00e9 retrouv\u00e9es \u00e0 ce jour !<\/span><br \/>\n<\/b><\/div>\n<p>&nbsp;<\/p>\n<p class=\"x_ydpa108c177yiv7814328428ydpcd1910f1MsoNormal\"><b><span lang=\"EN-US\">\u00a0<\/span><\/b><\/p>\n<p class=\"x_ydpa108c177yiv7814328428ydpcd1910f1MsoNormal\"><b><span lang=\"EN-US\">\u00a0Que notre ami\u00a0<i>A. Le Goff<\/i>\u00a0soit chaleureusement remerci\u00e9 de nous avoir autoris\u00e9 \u00e0 reproduire et repr\u00e9senter ses deux derni\u00e8res contributions .<\/span><\/b><\/p>\n","protected":false},"excerpt":{"rendered":"<p>Pour r\u00e9sister au pr\u00e9sent et se projeter dans l&rsquo;avenir\u00a0, dans les circonstances critiques que nous traversons, rien ne vaut un\u00a0 travail de m\u00e9moire sur son propre pass\u00e9 &#8230;\u00a0 C&rsquo;est la d\u00e9marche que nous propose\u00a0 notre ami\u00a0Andr\u00e9 Le Goff\u00a0via deux nouveaux\u00a0 <a class=\"more-link\" href=\"https:\/\/asvpnf.com\/index.php\/2021\/04\/21\/dans-la-serie-andre-le-goff-raconte-deux-nouvelles-illustrees-pour-soutenir-le-moral-en-pleine-pandemie-de-coronavirus-2020-2021\/\">En lire plus &#8230;<\/a><\/p>\n","protected":false},"author":9,"featured_media":0,"comment_status":"closed","ping_status":"closed","sticky":false,"template":"","format":"standard","meta":{"spay_email":""},"categories":[16,39],"tags":[],"jetpack_featured_media_url":"","_links":{"self":[{"href":"https:\/\/asvpnf.com\/index.php\/wp-json\/wp\/v2\/posts\/5865"}],"collection":[{"href":"https:\/\/asvpnf.com\/index.php\/wp-json\/wp\/v2\/posts"}],"about":[{"href":"https:\/\/asvpnf.com\/index.php\/wp-json\/wp\/v2\/types\/post"}],"author":[{"embeddable":true,"href":"https:\/\/asvpnf.com\/index.php\/wp-json\/wp\/v2\/users\/9"}],"replies":[{"embeddable":true,"href":"https:\/\/asvpnf.com\/index.php\/wp-json\/wp\/v2\/comments?post=5865"}],"version-history":[{"count":4,"href":"https:\/\/asvpnf.com\/index.php\/wp-json\/wp\/v2\/posts\/5865\/revisions"}],"predecessor-version":[{"id":5872,"href":"https:\/\/asvpnf.com\/index.php\/wp-json\/wp\/v2\/posts\/5865\/revisions\/5872"}],"wp:attachment":[{"href":"https:\/\/asvpnf.com\/index.php\/wp-json\/wp\/v2\/media?parent=5865"}],"wp:term":[{"taxonomy":"category","embeddable":true,"href":"https:\/\/asvpnf.com\/index.php\/wp-json\/wp\/v2\/categories?post=5865"},{"taxonomy":"post_tag","embeddable":true,"href":"https:\/\/asvpnf.com\/index.php\/wp-json\/wp\/v2\/tags?post=5865"}],"curies":[{"name":"wp","href":"https:\/\/api.w.org\/{rel}","templated":true}]}}