{"id":6021,"date":"2021-07-11T16:39:38","date_gmt":"2021-07-11T15:39:38","guid":{"rendered":"https:\/\/asvpnf.com\/?p=6021"},"modified":"2021-07-11T16:39:38","modified_gmt":"2021-07-11T15:39:38","slug":"aux-difficultes-de-lecole-publique-laique-fallait-il-ajouter-celles-de-de-la-fcpe-les-cinq-polemiques","status":"publish","type":"post","link":"https:\/\/asvpnf.com\/index.php\/2021\/07\/11\/aux-difficultes-de-lecole-publique-laique-fallait-il-ajouter-celles-de-de-la-fcpe-les-cinq-polemiques\/","title":{"rendered":"Aux  difficult\u00e9s de l&rsquo;Ecole publique la\u00efque fallait-il ajouter celles de   de la FCPE :  Les cinq pol\u00e9miques"},"content":{"rendered":"<div><b><span lang=\"EN-US\">Selon <i>Marianne<\/i> :\u201dUn tweet relayant des propos de la copr\u00e9sidente de la FCPE\u00a0sur le lien entre l\u2019assassinat de Samuel Paty et l\u2019enseignement de la la\u00efcit\u00e9 \u00e0 l\u2019\u00e9cole a fait pol\u00e9mique ce week-end. Mais\u00a0ce n\u2019est pas la premi\u00e8re fois\u00a0que l\u2019association de parents d\u2019\u00e9l\u00e8ves est critiqu\u00e9e pour sa vision de la la\u00efcit\u00e9. \u00ab\u00a0La FCPE, cr\u00e9\u00e9e pour d\u00e9fendre la la\u00efcit\u00e9.\u00a0\u00bb La formule s\u2019affiche sur le site de la F\u00e9d\u00e9ration des conseils de parents d&rsquo;\u00e9l\u00e8ves (FCPE) \u00e0 l\u2019ouverture de la rubrique consacr\u00e9e \u00e0 son historique. Mais c\u2019est aussi pr\u00e9cis\u00e9ment sur ce th\u00e8me que depuis quelques mois, l\u2019association de parents d\u2019\u00e9l\u00e8ves fond\u00e9e en 1947 fait l\u2019objet de\u00a0critiques de la part de militants la\u00efques. Ce week-end, c\u2019est un tweet relayant les propos de la copr\u00e9sidente Carla Dugault au sujet de l\u2019assassinat de Samuel Paty qui a suscit\u00e9 la controverse<i>.\u00a0Marianne<\/i>\u00a0revient sur cinq\u00a0moments o\u00f9 le rapport de la FCPE \u00e0 la la\u00efcit\u00e9 s\u2019est invit\u00e9 dans le d\u00e9bat \u201c.<\/span><\/b><\/div>\n<div><b><span lang=\"EN-US\">\u00a0<\/span><\/b><\/div>\n<div><b><span lang=\"EN-US\">\u00a0Quels sont donc ces cinq moments ?<\/span><\/b><\/div>\n<p class=\"x_ydpbfd2d161MsoIntenseQuote\"><strong>1.SEPTEMBRE\u00a02019 : L\u2019AFFICHE DE LA DISCORDE<\/strong><\/p>\n<p class=\"x_ydpbfd2d161MsoIntenseQuote\"><strong>2.D\u00c9CEMBRE\u00a02020 : SAMUEL PATY<\/strong><\/p>\n<p class=\"x_ydpbfd2d161MsoIntenseQuote\"><strong>3.\u00a0JANVIER\u00a02021 : JEAN-PIERRE OBIN AU TRIBUNAL<\/strong><\/p>\n<p class=\"x_ydpbfd2d161MsoIntenseQuote\"><strong>4.L\u2019APPEL DU 2\u00a0AVRIL<\/strong><\/p>\n<p class=\"x_ydpbfd2d161MsoIntenseQuote\"><strong>5.JUILLET\u00a02021 : LE CONGR\u00c8S<\/strong><\/p>\n<p class=\"x_ydpbfd2d161MsoQuote\"><b>Les visiteurs de ce site, indign\u00e9s par ces p\u00e9rip\u00e9ties pr\u00e9judiciables \u00e0 l\u2019institution scolaire r\u00e9publicaine et la\u00efque, pourront consulter \u00e0 ce propos l\u2019article de\u00a0<i> <\/i><\/b><b><i>Hadrien Brachet<\/i><\/b><b> paru dans la Lettre d\u2019actualit\u00e9 de <\/b><b>MARIANNE<\/b><b>\u00a0 du 6 juillet 2021\u00a0 en allant \u00e0 l\u2019adresse:<\/b><\/p>\n<p class=\"x_ydpbfd2d161MsoQuote\"><b>MARIANNE.NET\/SOCIETE\/EDUCATION\/SAMUEL-PATY-PROCES-AFFICHE-DE-CAMPAGNE-5-POLEMIQUES-SUR-LA-LAICITE-AUTOUR-DE-LA-FCPE?UTM_SOURCE=NL_QUOTIDIENNE&amp;UTM_MEDIUM=EMAIL&amp;UTM_CAMPAIGN=20210706&amp;XTOR=EPR-1&amp;_OPE=EYJNDWLKIJOIYZA1MWI3ZGI3YJNLNDU1YZVIYJZMMJA0YZK2MDEYZWMIFQ<\/b><b>%3D%3D<\/b><\/p>\n<p class=\"x_ydpbfd2d161MsoNormal\"><b>\u00a0<\/b><\/p>\n<p class=\"x_ydpbfd2d161MsoNormal\"><b><span lang=\"EN-US\">Ils sont \u00e9galement invit\u00e9s \u00e0 prendre connaissance de deux autres coupures de presse ayant jalonn\u00e9 ladite p\u00e9riode en se rendant \u00a0aux URL \u00a0suivantes : <\/span><\/b><\/p>\n<p class=\"x_ydpbfd2d161MsoNormal\"><b><span lang=\"EN-US\">1. \u00a0<a id=\"LPlnk532721\" class=\"\" href=\"https:\/\/www.lci.fr\/societe\/assassinat-de-samuel-paty-polemique-autour-des-propos-de-la-fcpe-2190660.html\" target=\"_blank\" rel=\"nofollow noopener noreferrer\" data-auth=\"NotApplicable\" data-linkindex=\"0\">https:\/\/www.lci.fr\/societe\/assassinat-de-samuel-paty-polemique-autour-des-propos-de-la-fcpe-2190660.html<\/a><\/span><\/b><\/p>\n<div id=\"LPBorder_GTaHR0cHM6Ly93d3cubGNpLmZyL3NvY2lldGUvYXNzYXNzaW5hdC1kZS1zYW11ZWwtcGF0eS1wb2xlbWlxdWUtYXV0b3VyLWRlcy1wcm9wb3MtZGUtbGEtZmNwZS0yMTkwNjYwLmh0bWw.\" class=\"LPBorder833576\">\n<table id=\"LPContainer833576\" role=\"presentation\">\n<tbody>\n<tr valign=\"top\">\n<td>\n<div id=\"LPImageContainer833576\"><a id=\"LPImageAnchor833576\" href=\"https:\/\/www.lci.fr\/societe\/assassinat-de-samuel-paty-polemique-autour-des-propos-de-la-fcpe-2190660.html\" target=\"_blank\" rel=\"noopener\"><img loading=\"lazy\" id=\"LPThumbnailImageId833576\" src=\"https:\/\/photos.lci.fr\/images\/1280\/720\/manifestation-en-hommage-a-samuel-paty-a-paris-le-18-octobre-2020-52d107-1@1x.jpeg\" alt=\"\" width=\"240\" height=\"135\" \/><\/a><\/div>\n<\/td>\n<td>\n<div id=\"LPTitle833576\"><a id=\"LPUrlAnchor833576\" href=\"https:\/\/www.lci.fr\/societe\/assassinat-de-samuel-paty-polemique-autour-des-propos-de-la-fcpe-2190660.html\" target=\"_blank\" rel=\"noopener\">Assassinat de Samuel Paty : pol\u00e9mique autour des propos de la FCPE | LCI<\/a><\/div>\n<div id=\"LPDescription833576\">POL\u00c9MIQUE &#8211; Lors du congr\u00e8s annuel du syndicat de parents d\u2019\u00e9l\u00e8ves ce week-end, la co-pr\u00e9sidente a sugg\u00e9r\u00e9 un lien entre l\u2019assassinat de Samuel Paty et les conditions d\u2019enseignement &#8230;<\/div>\n<div id=\"LPMetadata833576\">www.lci.fr<\/div>\n<\/td>\n<\/tr>\n<\/tbody>\n<\/table>\n<\/div>\n<div><b>\u00a0<\/b><\/div>\n<div><b><span lang=\"EN-US\">2. https:\/\/www.lepoint.fr\/societe\/crise-a-la-fcpe-des-parents-reclament-un-congres-exceptionnel-17-12-2020-2406369_23.php<\/span><\/b><\/div>\n","protected":false},"excerpt":{"rendered":"<p>Selon Marianne :\u201dUn tweet relayant des propos de la copr\u00e9sidente de la FCPE\u00a0sur le lien entre l\u2019assassinat de Samuel Paty et l\u2019enseignement de la la\u00efcit\u00e9 \u00e0 l\u2019\u00e9cole a fait pol\u00e9mique ce week-end. Mais\u00a0ce n\u2019est pas la premi\u00e8re fois\u00a0que l\u2019association de <a class=\"more-link\" href=\"https:\/\/asvpnf.com\/index.php\/2021\/07\/11\/aux-difficultes-de-lecole-publique-laique-fallait-il-ajouter-celles-de-de-la-fcpe-les-cinq-polemiques\/\">En lire plus &#8230;<\/a><\/p>\n","protected":false},"author":9,"featured_media":0,"comment_status":"closed","ping_status":"closed","sticky":false,"template":"","format":"standard","meta":{"spay_email":""},"categories":[11],"tags":[],"jetpack_featured_media_url":"","_links":{"self":[{"href":"https:\/\/asvpnf.com\/index.php\/wp-json\/wp\/v2\/posts\/6021"}],"collection":[{"href":"https:\/\/asvpnf.com\/index.php\/wp-json\/wp\/v2\/posts"}],"about":[{"href":"https:\/\/asvpnf.com\/index.php\/wp-json\/wp\/v2\/types\/post"}],"author":[{"embeddable":true,"href":"https:\/\/asvpnf.com\/index.php\/wp-json\/wp\/v2\/users\/9"}],"replies":[{"embeddable":true,"href":"https:\/\/asvpnf.com\/index.php\/wp-json\/wp\/v2\/comments?post=6021"}],"version-history":[{"count":1,"href":"https:\/\/asvpnf.com\/index.php\/wp-json\/wp\/v2\/posts\/6021\/revisions"}],"predecessor-version":[{"id":6022,"href":"https:\/\/asvpnf.com\/index.php\/wp-json\/wp\/v2\/posts\/6021\/revisions\/6022"}],"wp:attachment":[{"href":"https:\/\/asvpnf.com\/index.php\/wp-json\/wp\/v2\/media?parent=6021"}],"wp:term":[{"taxonomy":"category","embeddable":true,"href":"https:\/\/asvpnf.com\/index.php\/wp-json\/wp\/v2\/categories?post=6021"},{"taxonomy":"post_tag","embeddable":true,"href":"https:\/\/asvpnf.com\/index.php\/wp-json\/wp\/v2\/tags?post=6021"}],"curies":[{"name":"wp","href":"https:\/\/api.w.org\/{rel}","templated":true}]}}