{"id":6047,"date":"2021-07-20T18:49:31","date_gmt":"2021-07-20T17:49:31","guid":{"rendered":"https:\/\/asvpnf.com\/?p=6047"},"modified":"2021-07-20T18:49:31","modified_gmt":"2021-07-20T17:49:31","slug":"apres-le-cent-cinquantenaire-de-la-commune-de-paris-le-mot-communard-camarades","status":"publish","type":"post","link":"https:\/\/asvpnf.com\/index.php\/2021\/07\/20\/apres-le-cent-cinquantenaire-de-la-commune-de-paris-le-mot-communard-camarades\/","title":{"rendered":"Apr\u00e8s le cent cinquantenaire de la Commune de Paris : \u00ab\u00a0Le mot communard, camarades  !\u00a0\u00bb"},"content":{"rendered":"<p class=\"x_ydpb2d7060cMsoNormal\"><b><span lang=\"EN-US\">\u00a0\u00ab\u00a0Un\u00a0communard\u00a0(ou\u00a0communeux) ou\u00a0communaliste\u00a0est une personne ayant particip\u00e9 aux \u00e9v\u00e9nements de la Commune de Paris en 1871\u00a0\u00a0ou par extension \u00e0 une des autres communes insurrectionnelles de France\u00a0lors de la guerre civile\u00a0qui les opposaient au\u00a0 gouvernement de Versailles. La plupart exercent des professions lib\u00e9rales, sont petits commer\u00e7ants, ouvriers, employ\u00e9s ou artistes (en tant que tels repr\u00e9sent\u00e9s au\u00a0 Conseil de la Commune), et ont pour points communs d&rsquo;\u00eatre r\u00e9publicains\u00a0partisans de la d\u00e9mocratie directe\u00a0et oppos\u00e9s \u00e0 la capitulation\u00a0lors de la guerre franco-prussienne de 1870-1871. Les profils politiques pr\u00e9cis des communards sont vari\u00e9s mais une part importante se rattache au socialisme(tendances historiques de l&rsquo;\u00e9poque), \u00e0 l&rsquo;anarchisme\u00a0ou \u00e0 d&rsquo;autre mouvements se revendiquant de l&rsquo;autogestion.\u00a0\u00bb D&rsquo;apr\u00e8s\u00a0 \u00a0<i>Wikip\u00e9dia\u00a0<\/i><\/span><\/b><\/p>\n<p class=\"x_ydpb2d7060cMsoNormal\"><b><span lang=\"EN-US\"><a href=\"https:\/\/fr.wikipedia.org\/wiki\/Communard\" target=\"_blank\" rel=\"nofollow noopener noreferrer\" data-auth=\"NotApplicable\" data-linkindex=\"0\">https:\/\/fr.wikipedia.org\/wiki\/Communard<\/a><\/span><\/b><\/p>\n<p class=\"x_ydpb2d7060cMsoNormal\"><b><span lang=\"EN-US\">\u00a0<\/span><\/b><\/p>\n<p class=\"x_ydpb2d7060cMsoNormal\"><b><span lang=\"EN-US\">\u00a0Mais qu&rsquo;en est-il donc des\u00a0Communardes\u00a0?<\/span><\/b><\/p>\n<p class=\"x_ydpb2d7060cMsoNormal\"><b><span lang=\"EN-US\">\u00a0<\/span><\/b><\/p>\n<p class=\"x_ydpb2d7060cMsoNormal\"><b><span lang=\"EN-US\">\u00a0 Les visiteurs pourront se documenter sur cette question\u00a0 de vocabulaire, attach\u00e9e le plus souvent \u00e0 la d\u00e9signation\u00a0 sur un\u00a0 mode populaire voire p\u00e9joratif d&rsquo;un citoyen se r\u00e9clamant du communisme,\u00a0 en consultant le fichier joint en\u00a0cliquant ici.\u00a0Ils\u00a0 s&rsquo;apercevront, entre autres, et \u00e0 la suite de son<i> <\/i>auteure<i>\u00a0 Mich\u00e8le Audin<\/i>, que le mot \u00ab\u00a0communeux\u00a0\u00bb est utilis\u00e9 par la presse parisienne d\u00e8s le 12 octobre 1870, gr\u00e2ce au <i>Figaro<\/i>,\u00a0qui nous explique que\u00a0\u00a0Jules Richard appelle les partisans de la commune de Paris les communeux, pour les distinguer des communistes&#8230;<\/span><\/b><\/p>\n<p class=\"x_ydpb2d7060cMsoNormal\"><b><span lang=\"EN-US\">L&rsquo;article original se trouve accessible sur le\u00a0 Blog de <i>Mich\u00e8le Audin<\/i> ([https:\/\/macommunedeparis.com%29%0D\/]https:\/\/macommunedeparis.com)<\/span><\/b><\/p>\n<p class=\"x_ydpb2d7060cMsoNormal\"><b><span lang=\"EN-US\">\u00a0plus pr\u00e9cis\u00e9ment \u00e0 l&rsquo;URL\u00a0:<a href=\"https:\/\/macommunedeparis.com\/2021\/07\/02\/le-mot-communard-camarades\/\" target=\"_blank\" rel=\"nofollow noopener noreferrer\" data-auth=\"NotApplicable\" data-linkindex=\"1\">https:\/\/macommunedeparis.com\/2021\/07\/02\/le-mot-communard-camarades\/<\/a><\/span><\/b><\/p>\n<p class=\"x_ydpb2d7060cMsoNormal\"><b><span lang=\"EN-US\">Que <i>Mich\u00e8le Audin<\/i> soit cordialement remerci\u00e9e de nous avoir autoris\u00e9 \u00e0 reproduire cet article de fa\u00e7on \u00e0 le repr\u00e9senter sur ce site<\/span><\/b><\/p>\n","protected":false},"excerpt":{"rendered":"<p>\u00a0\u00ab\u00a0Un\u00a0communard\u00a0(ou\u00a0communeux) ou\u00a0communaliste\u00a0est une personne ayant particip\u00e9 aux \u00e9v\u00e9nements de la Commune de Paris en 1871\u00a0\u00a0ou par extension \u00e0 une des autres communes insurrectionnelles de France\u00a0lors de la guerre civile\u00a0qui les opposaient au\u00a0 gouvernement de Versailles. La plupart exercent des professions <a class=\"more-link\" href=\"https:\/\/asvpnf.com\/index.php\/2021\/07\/20\/apres-le-cent-cinquantenaire-de-la-commune-de-paris-le-mot-communard-camarades\/\">En lire plus &#8230;<\/a><\/p>\n","protected":false},"author":9,"featured_media":0,"comment_status":"closed","ping_status":"closed","sticky":false,"template":"","format":"standard","meta":{"spay_email":""},"categories":[10],"tags":[47],"jetpack_featured_media_url":"","_links":{"self":[{"href":"https:\/\/asvpnf.com\/index.php\/wp-json\/wp\/v2\/posts\/6047"}],"collection":[{"href":"https:\/\/asvpnf.com\/index.php\/wp-json\/wp\/v2\/posts"}],"about":[{"href":"https:\/\/asvpnf.com\/index.php\/wp-json\/wp\/v2\/types\/post"}],"author":[{"embeddable":true,"href":"https:\/\/asvpnf.com\/index.php\/wp-json\/wp\/v2\/users\/9"}],"replies":[{"embeddable":true,"href":"https:\/\/asvpnf.com\/index.php\/wp-json\/wp\/v2\/comments?post=6047"}],"version-history":[{"count":1,"href":"https:\/\/asvpnf.com\/index.php\/wp-json\/wp\/v2\/posts\/6047\/revisions"}],"predecessor-version":[{"id":6048,"href":"https:\/\/asvpnf.com\/index.php\/wp-json\/wp\/v2\/posts\/6047\/revisions\/6048"}],"wp:attachment":[{"href":"https:\/\/asvpnf.com\/index.php\/wp-json\/wp\/v2\/media?parent=6047"}],"wp:term":[{"taxonomy":"category","embeddable":true,"href":"https:\/\/asvpnf.com\/index.php\/wp-json\/wp\/v2\/categories?post=6047"},{"taxonomy":"post_tag","embeddable":true,"href":"https:\/\/asvpnf.com\/index.php\/wp-json\/wp\/v2\/tags?post=6047"}],"curies":[{"name":"wp","href":"https:\/\/api.w.org\/{rel}","templated":true}]}}