{"id":6173,"date":"2021-10-18T18:45:55","date_gmt":"2021-10-18T17:45:55","guid":{"rendered":"https:\/\/asvpnf.com\/?p=6173"},"modified":"2021-10-18T18:45:55","modified_gmt":"2021-10-18T17:45:55","slug":"peut-on-decrire-et-soigner-des-maux-de-notre-societe-au-moyen-de-mots-ou-expressions-dapparence-inepte","status":"publish","type":"post","link":"https:\/\/asvpnf.com\/index.php\/2021\/10\/18\/peut-on-decrire-et-soigner-des-maux-de-notre-societe-au-moyen-de-mots-ou-expressions-dapparence-inepte\/","title":{"rendered":"Peut-on d\u00e9crire et soigner des maux de notre soci\u00e9t\u00e9  au moyen de mots ou expressions d&rsquo;apparence inepte ?"},"content":{"rendered":"<p class=\"x_ydp7ff68d43MsoNormal\"><b>D\u00e9j\u00e0 George Sand\u00a0 relevait qu&rsquo;\u00e0 son \u00e9poque \u00ab\u00a0en France particuli\u00e8rement, les mots ont plus d&#8217;empire que les id\u00e9es\u00a0\u00bb!\u00a0 Son propos pr\u00e9monitoire ne pouvait s&rsquo;adresser aux \u00ab\u00a0mots-di\u00e8ses\u00a0\u00bb apparus r\u00e9cemment sur notre territoire et ayant trouv\u00e9 place dans notre langue nationale\u00a0 pour d\u00e9crire des pratiques sexistes intol\u00e9rables\u00a0 ayant trait aux violences faites aux femmes. Il s&rsquo;agit notamment\u00a0 \u00a0des<span style=\"color: #444444\">\u00a0<\/span>mots-di\u00e8se\u00a0<i>#MeToo et<\/i>\u00a0<i>#BalanceTonPorc<\/i>.<\/b><\/p>\n<p class=\"x_ydp7ff68d43MsoNormal\"><b>\u00a0<\/b><b>\u00ab\u00a0Le mot-di\u00e8se est un marqueur de m\u00e9tadonn\u00e9es couramment utilis\u00e9 sur internet o\u00f9 il permet de marquer un contenu avec un mot-cl\u00e9. Le\u00a0<i>Journal Officiel<\/i>\u00a0d\u00e9finit le mot-di\u00e8se (\u00e9quivalent anglais :<i>\u00a0hashtag<\/i>, canadien :<i>\u00a0mot-clic<\/i>) comme une \u00ab suite signifiante de caract\u00e8res sans espace commen\u00e7ant par le signe # (di\u00e8se), qui signale un sujet d&rsquo;int\u00e9r\u00eat et est ins\u00e9r\u00e9e dans un message par son r\u00e9dacteur afin d&rsquo;en faciliter le rep\u00e9rage \u00bb. Cette d\u00e9finition est compl\u00e9t\u00e9e par deux notes : \u00ab En cliquant sur un mot-di\u00e8se, le lecteur a acc\u00e8s \u00e0 l&rsquo;ensemble des messages qui le contiennent. L&rsquo;usage du mot-di\u00e8se est particuli\u00e8rement r\u00e9pandu dans les r\u00e9seaux sociaux fonctionnant par minimessages \u00bb. (JORF n\u00b00019 du 23 janvier 2013) (cf.<i>Etudes sur les mots-di\u00e8se<\/i>\u00a0de <i>Agata Jackiewicz<\/i> et <i>Marko Vidak<\/i>\u00a0 \u00e0 l&rsquo;URL :<\/b><\/p>\n<p class=\"x_ydp7ff68d43MsoNormal\"><b><i>https:\/\/hal.archives-ouvertes.fr\/hal-01839605\/document#:~:text=Les%20mots%2Ddi%C3%A8se%20apparaissent%20comme,contigus%20pr%C3%A9c%C3%A9d%C3%A9s%20d&rsquo;un%20di%C3%A8se<\/i><\/b><b><i>.<\/i><\/b><b><i><\/i><\/b><\/p>\n<p class=\"x_ydp7ff68d43MsoNormal\"><b>Selon\u00a0<i>Wikipedia<\/i>\u00a0\u00ab\u00a0Le\u00a0mouvement\u00a0<i>#MeToo<\/i>\u00a0est un mouvement social encourageant la prise de parole des femmes, afin de faire savoir que le viol\u00a0et les agressions sexuelles\u00a0sont plus courants que ce qui est souvent suppos\u00e9, et afin de permettre aux victimes\u00a0de s&rsquo;exprimer sur le sujet. Il a d\u00e9but\u00e9 en 2007 et est particuli\u00e8rement connu depuis octobre 2017 \u00e0 la suite de l&rsquo;affaire Weinstein. Bien que le mouvement\u00a0<i>#MeToo<\/i>\u00a0soit mondial, il existe des variantes locales du hashtag, selon les langues et la culture . Ce mouvement est parfois d\u00e9sign\u00e9 par d&rsquo;autres noms suivant les pays, g\u00e9n\u00e9ralement en traduisant l&rsquo;expression dans la langue nationale, comme\u00a0<i>#MoiAussi<\/i>\u00a0au Qu\u00e9bec, et parfois en cr\u00e9ant une nouvelle expression comme\u00a0<i>#BalanceTonPorc<\/i>\u00a0en France, cr\u00e9\u00e9e 2 jours avant le mouvement\u00a0<i>#MeToo<\/i>, le 13 octobre 2017 \u00ab\u00a0<\/b><b>(cf.<i><a href=\"https:\/\/fr.wikipedia.org\/wiki\/Mouvement_MeToo\" target=\"_blank\" rel=\"nofollow noopener noreferrer\" data-auth=\"NotApplicable\" data-linkindex=\"0\">https:\/\/fr.wikipedia.org\/wiki\/Mouvement_MeToo<\/a><\/i>)<\/b><\/p>\n<p class=\"x_ydp7ff68d43MsoNormal\"><b>\u00a0<\/b><\/p>\n<p class=\"x_ydp7ff68d43MsoNormal\"><b>Dans un ouvrage r\u00e9cent intitul\u00e9 :\u00a0<\/b><b><i><span lang=\"EN-US\">Le Mirage #MeToo. R\u00e9flexions \u00e0 partir du cas fran\u00e7ais\u00a0(Paris, Cherche-midi, 2021<\/span><\/i><\/b><b>\u00a0)\u00a0\u00a0<i>Sabine Prokhoris<\/i>\u00a0 passe au crible tout le n\u00e9of\u00e9minisme. Selon <i>Thomas Mahler<\/i> de \u00a0<i>L&rsquo;Express <\/i>( 11octobre 2021), cette auteure \u00ab\u00a0n&rsquo;a pourtant rien d&rsquo;une conservatrice. Pro-PMA et pro-GPA, elle s&rsquo;inscrit dans la ligne universaliste d&rsquo;une\u00a0 Elisabeth Badinter et consid\u00e8re qu\u2019 en adoptant une approche victimaire et accusatrice, le f\u00e9minisme actuel ferait fausse route, ouvrant la voie \u00e0 un \u00ab\u00a0retour de b\u00e2ton r\u00e9actionnaire\u00a0\u00bb\u00a0 (D&rsquo;apr\u00e8s\u00a0\u00a0<i>L&rsquo;Express\u00a0:<\/i><\/b><b><i>https:\/\/www.lexpress.fr\/actualite\/idees-et-debats\/sabine-prokhoris-metoo-une-illusion-de-liberation-et-un-vrai-terrorisme-intellectuel_2160221.html<\/i><\/b><b>). On y d\u00e9nonce une \u00ab\u00a0illusion de lib\u00e9ration et un vrai terrorisme intellectuel\u00a0\u00bb.Rien de moins\u00a0!<\/b><\/p>\n<p class=\"x_ydp7ff68d43MsoNormal\"><b>\u00a0<\/b><\/p>\n<p class=\"x_ydp7ff68d43MsoNormal\"><b><i>Sabine Prokhoris<\/i><\/b><b>\u00a0fut \u00e9galement interview\u00e9e par\u00a0<i>Elisabeth L\u00e9vy<\/i>\u00a0journaliste \u00e0\u00a0<i>Causeur<\/i>\u00a0et ceci donna lieu\u00a0 \u00e0 un article\u00a0 \u00a0intitul\u00e9 :\u00a0<a title=\"Sabine Prokhoris: \u201cMetoo est une section d\u2019assaut\u201d\" href=\"https:\/\/www.causeur.fr\/sabine-prokhoris-metoo-est-une-section-dassaut-212388\" target=\"_blank\" rel=\"nofollow noopener noreferrer\" data-auth=\"NotApplicable\" data-linkindex=\"1\"><i>\u201c<\/i><i>#<\/i><i>Metoo est une section d\u2019assaut<\/i>\u201d<\/a>\u00a0paru dans la <i>Lettre de\u00a0Causeur<\/i>\u00a0du 15 octobre 2021. Il est\u00a0 \u00a0accessible \u00e0 l&rsquo;URL :<\/b><\/p>\n<p class=\"x_ydp7ff68d43MsoNormal\"><b><i>https:\/\/www.causeur.fr\/sabine-prokhoris-metoo-est-une-section-dassaut-212388?utm_source=Envoi+Newsletter&amp;utm_campaign=859f655e7a-Newsletter_4_fevrier_COPY_01&amp;utm_medium=email&amp;utm_term=0_6ea50029f3-859f655e7a-58095502.<\/i><\/b><b>\u00a0Selon<i>\u00a0E. L\u00e9vy<\/i>,\u00a0\u00a0\u00ab\u00a0la philosophe et psychanalyste diss\u00e8que la nature du mouvement #MeToo : une \u201cr\u00e9volution culturelle\u201d qui en a toutes les caract\u00e9ristiques : violence, irrationnalit\u00e9, totalitarisme\u2026 et qui met dans le m\u00eame sac vrais et faux coupables, vraies et fausses victimes\u00a0\u00ab\u00a0.<\/b><\/p>\n<p class=\"x_ydp7ff68d43MsoNormal\"><b>De son c\u00f4t\u00e9\u00a0<i>Catherine Kintzler<\/i>\u00a0publie la recension de cet ouvrage dans la <i>Lettre de Mezetulle<\/i> du 13 octobre 2021, y faisant appara\u00eetre\u00a0 \u00ab\u00a0<\/b><b><i><span lang=\"EN-US\">les paralogismes inquisitoriaux qui se r\u00e9pandent sous le\u00a0mot-di\u00e8se\u00a0#MeToo dans sa version fran\u00e7aise\u00a0\u00bb <\/span><\/i><\/b><b><span lang=\"EN-US\">et soulignant le fait que<i>\u00a0, \u00ab\u00a0le mouvement #MeToo ne prolonge ni n\u2019accentue le f\u00e9minisme, il le\u00a0renverse et\u00a0remet\u00a0la bi-partition en sc\u00e8ne \u2013\u00a0mais pas\u00a0celle que l\u2019on croit\u00a0\u00bb.\u00a0<\/i>Son entr\u00e9e s&rsquo;intitule :<i>\u00a0\u00a0<\/i><\/span><\/b><\/p>\n<p class=\"x_ydp7ff68d43MsoNormal\" align=\"center\"><b><i><span lang=\"EN-US\"><span style=\"font-size: x-large\">\u00a0\u00bb Le Mirage #MeToo\u00a0\u00bb de Sabine Prokhoris,<\/span><\/span><\/i><\/b><\/p>\n<p class=\"x_ydp7ff68d43MsoNormal\" align=\"center\"><b><i><span lang=\"EN-US\"><span style=\"font-size: x-large\">lu par C. Kintzler\u00a0\u00bb<br \/>\n<\/span><br \/>\n<\/span><\/i><\/b><b><\/b><\/p>\n<p class=\"x_ydp7ff68d43MsoNormal\"><b><i><span lang=\"EN-US\"><br \/>\n<\/span><\/i><\/b><b>Les visiteurs de ce site pourront consulter l&rsquo;article complet\u00a0 \u00e0 l&rsquo;adresse<i> :<\/i><\/b><b><\/b><\/p>\n<p class=\"x_ydp7ff68d43MsoNormal\"><b><i><span lang=\"EN-US\">:\u00a0<a class=\"\" href=\"https:\/\/www.mezetulle.fr\/le-mirage-metoo-de-sabine-prokhoris-lu-par-c-kintzler\/\" target=\"_blank\" rel=\"nofollow noopener noreferrer\" data-auth=\"NotApplicable\" data-linkindex=\"2\">https:\/\/www.mezetulle.fr\/le-mirage-metoo-de-sabine-prokhoris-lu-par-c-kintzler\/.<\/a><\/span><\/i><\/b><\/p>\n<div><b><i>\u00a0<\/i><\/b><\/div>\n<div><b><i><span lang=\"EN-US\">Ils le trouveront \u00e9galement <\/span><span lang=\"EN-US\"><span style=\"font-size: 14pt\"><a href=\"http:\/\/asvpnf.com\/wp-content\/uploads\/2021\/10\/Le-Mirage-Me-Too-de-Sabine-Prokhoris-par-C-Kintezler-12-octobre-2021.pdf\" target=\"_blank\" rel=\"noopener\">en cliquant ici<\/a><\/span>.<\/span><br \/>\n<\/i><\/b><\/div>\n<p>&nbsp;<\/p>\n<p class=\"x_ydp7ff68d43MsoNormal\"><b><span lang=\"EN-US\">Que\u00a0<i>Catherine Kintzler<\/i>\u00a0soit remerci\u00e9e pour nous permettre de disposer de sa nouvelle contribution .<\/span><\/b><\/p>\n","protected":false},"excerpt":{"rendered":"<p>D\u00e9j\u00e0 George Sand\u00a0 relevait qu&rsquo;\u00e0 son \u00e9poque \u00ab\u00a0en France particuli\u00e8rement, les mots ont plus d&#8217;empire que les id\u00e9es\u00a0\u00bb!\u00a0 Son propos pr\u00e9monitoire ne pouvait s&rsquo;adresser aux \u00ab\u00a0mots-di\u00e8ses\u00a0\u00bb apparus r\u00e9cemment sur notre territoire et ayant trouv\u00e9 place dans notre langue nationale\u00a0 pour <a class=\"more-link\" href=\"https:\/\/asvpnf.com\/index.php\/2021\/10\/18\/peut-on-decrire-et-soigner-des-maux-de-notre-societe-au-moyen-de-mots-ou-expressions-dapparence-inepte\/\">En lire plus &#8230;<\/a><\/p>\n","protected":false},"author":9,"featured_media":0,"comment_status":"closed","ping_status":"closed","sticky":false,"template":"","format":"standard","meta":{"spay_email":""},"categories":[10],"tags":[47],"jetpack_featured_media_url":"","_links":{"self":[{"href":"https:\/\/asvpnf.com\/index.php\/wp-json\/wp\/v2\/posts\/6173"}],"collection":[{"href":"https:\/\/asvpnf.com\/index.php\/wp-json\/wp\/v2\/posts"}],"about":[{"href":"https:\/\/asvpnf.com\/index.php\/wp-json\/wp\/v2\/types\/post"}],"author":[{"embeddable":true,"href":"https:\/\/asvpnf.com\/index.php\/wp-json\/wp\/v2\/users\/9"}],"replies":[{"embeddable":true,"href":"https:\/\/asvpnf.com\/index.php\/wp-json\/wp\/v2\/comments?post=6173"}],"version-history":[{"count":1,"href":"https:\/\/asvpnf.com\/index.php\/wp-json\/wp\/v2\/posts\/6173\/revisions"}],"predecessor-version":[{"id":6175,"href":"https:\/\/asvpnf.com\/index.php\/wp-json\/wp\/v2\/posts\/6173\/revisions\/6175"}],"wp:attachment":[{"href":"https:\/\/asvpnf.com\/index.php\/wp-json\/wp\/v2\/media?parent=6173"}],"wp:term":[{"taxonomy":"category","embeddable":true,"href":"https:\/\/asvpnf.com\/index.php\/wp-json\/wp\/v2\/categories?post=6173"},{"taxonomy":"post_tag","embeddable":true,"href":"https:\/\/asvpnf.com\/index.php\/wp-json\/wp\/v2\/tags?post=6173"}],"curies":[{"name":"wp","href":"https:\/\/api.w.org\/{rel}","templated":true}]}}