{"id":6176,"date":"2021-10-18T18:49:19","date_gmt":"2021-10-18T17:49:19","guid":{"rendered":"https:\/\/asvpnf.com\/?p=6176"},"modified":"2021-10-18T18:49:19","modified_gmt":"2021-10-18T17:49:19","slug":"la-pedocriminalite-dans-leglise-catholique-un-probleme-de-laicite","status":"publish","type":"post","link":"https:\/\/asvpnf.com\/index.php\/2021\/10\/18\/la-pedocriminalite-dans-leglise-catholique-un-probleme-de-laicite\/","title":{"rendered":"La p\u00e9docriminalit\u00e9 dans l\u2019Eglise catholique :  un probl\u00e8me de la\u00efcit\u00e9 ?"},"content":{"rendered":"<div><b>par<\/b><\/div>\n<p class=\"x_ydpee22d0fcMsoNormal\" align=\"center\"><b><i><span lang=\"EN-US\">JEAN BAUB\u00c9ROT <\/span><\/i><\/b><\/p>\n<p class=\"x_ydpee22d0fcMsoNormal\" align=\"center\"><span lang=\"EN-US\">(5 OCTOBRE 2021)<\/span><\/p>\n<p class=\"x_ydpee22d0fcMsoNormal\"><span lang=\"EN-US\">\u00a0<\/span><\/p>\n<p class=\"x_ydpee22d0fcMsoNormal\"><b><span lang=\"EN-US\">\u00a0<\/span><i><span lang=\"EN-US\">BLOG : LA\u00cfCIT\u00c9 ET REGARD CRITIQUE SUR LA SOCI\u00c9T\u00c9\u00a0(LE CLUB DE M\u00c9DIAPART)\u00a0<\/span><\/i><\/b><\/p>\n<p class=\"x_ydpee22d0fcMsoNormal\"><span lang=\"EN-US\"><b>\u00a0<\/b><\/span><\/p>\n<p class=\"x_ydpee22d0fcMsoNormal\"><b><span lang=\"EN-US\">Le 5 octobre 2021\u00a0 , avant la publication du rapport Sauv\u00e9e,\u00a0<i>Jean Baub\u00e9rot<\/i>\u00a0faisait \u00e9tat des \u201cprobl\u00e8mes de la\u00efcit\u00e9\u201d pos\u00e9s par la p\u00e9docriminalit\u00e9\u00a0 dans l&rsquo;Eglise catholique. Inform\u00e9 par la presse\u00a0 \u00a0des attendus probables dudit rapport, cet auteur \u00e9crivait notamment :\u00a0 <i>\u00a0\u00bb Au-del\u00e0 des fautes morales et des souffrances des victimes, dont des membres d\u2019autres Eglises, d\u2019autres religions et de nombre d\u2019institutions s\u00e9culi\u00e8res peuvent \u00e9galement avoir \u00e9t\u00e9 responsables, c\u2019est la position catholique sacralisant les clercs, pr\u00e9tendant que ceux-ci sont diff\u00e9rents, par nature, des la\u00efcs que ces \u00ab\u00a0affaires\u00a0\u00bb, selon moi, mettent structurellement en question\u00a0\u00bb.<\/i><\/span><\/b><\/p>\n<p class=\"x_ydpee22d0fcMsoNormal\"><b><span lang=\"EN-US\">Avec son accord, nous avons reproduit son article pour le repr\u00e9senter sur ce site. Les visiteurs pourront le consulter <\/span><\/b><b><span lang=\"EN-US\"><span style=\"font-size: 14pt\"><a href=\"http:\/\/asvpnf.com\/wp-content\/uploads\/2021\/10\/La-pedocriminalite-dans-leglise-par-Jean-Bauberot.pdf\" target=\"_blank\" rel=\"noopener\">en cliquant ici<\/a><\/span>.\u00a0<\/span><\/b><\/p>\n<p class=\"x_ydpee22d0fcMsoNormal\"><b><span lang=\"EN-US\">L&rsquo;on pourra aussi se rendre compte que si\u00a0l\u2019on \u00e9rige la lutte contre l\u2019obscurantisme et tous les cl\u00e9ricalismes en \u00e9l\u00e9ment constitutif majeur\u00a0 de la la\u00efcit\u00e9 r\u00e9publicaine \u00e0 la fran\u00e7aise il y a, dans la signification \u00e0 donner au rapport Sauv\u00e9e et aux d\u00e9marches ayant conduit \u00e0 son \u00e9laboration,\u00a0 une \u00ab <i>le\u00e7on de la\u00efcit\u00e9 \u00a0donn\u00e9e paradoxalement \u00e0 l\u2019Etat la\u00efque et \u00e0 ses institutions par une<\/i> <i>organisation religieuse<\/i>\u201d. L\u2019Etat saura-t-il en tirer le meilleur parti tout en affirmant les principes fondateurs de la loi de s\u00e9paration des Eglises et de l&rsquo;Etat de 1905 ? Ceux-ci demeurent d&rsquo;une pertinence et d\u2019une actualit\u00e9 flagrantes!<\/span><\/b><\/p>\n<p class=\"x_ydpee22d0fcMsoNormal\"><b><span lang=\"EN-US\">Dans l\u2019attente on maintiendra ici sans faiblesse que la tol\u00e9rance de l&rsquo;autre et de ses libert\u00e9s (dans le respect de la dignit\u00e9 humaine et\u00a0 de l\u2019ordre public) est la cl\u00e9 de la fraternit\u00e9. On notera aussi que\u00a0la la\u00efcit\u00e9 qui la prolonge\u00a0 n&rsquo;est aucunement devenue\u00a0 \u00a0\u00ab\u00a0le masque de l\u2019exclusion intol\u00e9rante des confessions religieuses\u00a0\u00bb, en reprenant l\u2019expression de\u00a0 <i>Gilles Gourbin<\/i>(2016) Cf.<i>https:\/\/doi.org\/10.4000\/leportique.288<\/i>\u00a0. <\/span><\/b><\/p>\n<p class=\"x_ydpee22d0fcMsoNormal\"><b><span lang=\"EN-US\">Notre la\u00efcit\u00e9, celle qui est la raison d&rsquo;\u00eatre de ce site, reste celle\u00a0\u00a0con\u00e7ue par Ferdinand Buisson et\u00a0 instaur\u00e9e par la loi de 1905.\u00a0 Dans ses rapports avec l&rsquo;Etat elle\u00a0 se fonde sur deux principes fort judicieusement\u00a0 rappel\u00e9s par\u00a0 \u00a0<i>G.<\/i> <i>Gourbin <\/i>(ibid.)\u00a0\u00a0\u00e0 savoir :\u00a0<\/span><\/b><\/p>\n<p class=\"x_ydpee22d0fcMsoNormal\"><b><span lang=\"EN-US\">\u00a0\u00a01.\u00a0\u00bb<i>L\u2019abstention absolue de la puissance publique en mati\u00e8re de croyance<\/i>. Par cons\u00e9quent, la la\u00efcit\u00e9 rejette l\u2019id\u00e9e d\u2019une religion officielle, y compris d\u2019une religion civile, \u00e0 la mani\u00e8re de Rousseau, de Robespierre ou de Comte\u00a0: il ne saurait y avoir, dans une r\u00e9publique la\u00efque, un culte de l\u2019\u00eatre supr\u00eame ou une adoration de saints r\u00e9publicains.\u00a0\u00bb<\/span><\/b><\/p>\n<p class=\"x_ydpee22d0fcMsoNormal\"><b><span lang=\"EN-US\">\u00a0 \u00a02. \u00ab\u00a0<i>L\u2019exclusion absolue de toute communaut\u00e9, identifi\u00e9e et assum\u00e9e comme<\/i> <i>telle, dans l\u2019\u00e9laboration de la loi<\/i>.\u00a0Autrement dit, la loi ne doit \u00eatre que l\u2019expression de la volont\u00e9 g\u00e9n\u00e9rale exprim\u00e9e par les citoyens, quelles que soient ensuite les modalit\u00e9s de cette expression.\u00a0\u00bb<\/span><\/b><\/p>\n<p class=\"x_ydpee22d0fcMsoNormal\"><b><span lang=\"EN-US\">\u00a0Que <i>Jean Baub\u00e9rot <\/i>et l\u2019Association des <i>Amis de la Vigie de la La\u00efcit\u00e9<\/i> soient remerci\u00e9s de nous avoir autoris\u00e9 \u00e0 reproduire et \u00e0 repr\u00e9senter l\u2019article mentionn\u00e9. <\/span><\/b><\/p>\n","protected":false},"excerpt":{"rendered":"<p>par JEAN BAUB\u00c9ROT (5 OCTOBRE 2021) \u00a0 \u00a0BLOG : LA\u00cfCIT\u00c9 ET REGARD CRITIQUE SUR LA SOCI\u00c9T\u00c9\u00a0(LE CLUB DE M\u00c9DIAPART)\u00a0 \u00a0 Le 5 octobre 2021\u00a0 , avant la publication du rapport Sauv\u00e9e,\u00a0Jean Baub\u00e9rot\u00a0faisait \u00e9tat des \u201cprobl\u00e8mes de la\u00efcit\u00e9\u201d pos\u00e9s par la <a class=\"more-link\" href=\"https:\/\/asvpnf.com\/index.php\/2021\/10\/18\/la-pedocriminalite-dans-leglise-catholique-un-probleme-de-laicite\/\">En lire plus &#8230;<\/a><\/p>\n","protected":false},"author":9,"featured_media":0,"comment_status":"closed","ping_status":"closed","sticky":false,"template":"","format":"standard","meta":{"spay_email":""},"categories":[10],"tags":[47],"jetpack_featured_media_url":"","_links":{"self":[{"href":"https:\/\/asvpnf.com\/index.php\/wp-json\/wp\/v2\/posts\/6176"}],"collection":[{"href":"https:\/\/asvpnf.com\/index.php\/wp-json\/wp\/v2\/posts"}],"about":[{"href":"https:\/\/asvpnf.com\/index.php\/wp-json\/wp\/v2\/types\/post"}],"author":[{"embeddable":true,"href":"https:\/\/asvpnf.com\/index.php\/wp-json\/wp\/v2\/users\/9"}],"replies":[{"embeddable":true,"href":"https:\/\/asvpnf.com\/index.php\/wp-json\/wp\/v2\/comments?post=6176"}],"version-history":[{"count":1,"href":"https:\/\/asvpnf.com\/index.php\/wp-json\/wp\/v2\/posts\/6176\/revisions"}],"predecessor-version":[{"id":6178,"href":"https:\/\/asvpnf.com\/index.php\/wp-json\/wp\/v2\/posts\/6176\/revisions\/6178"}],"wp:attachment":[{"href":"https:\/\/asvpnf.com\/index.php\/wp-json\/wp\/v2\/media?parent=6176"}],"wp:term":[{"taxonomy":"category","embeddable":true,"href":"https:\/\/asvpnf.com\/index.php\/wp-json\/wp\/v2\/categories?post=6176"},{"taxonomy":"post_tag","embeddable":true,"href":"https:\/\/asvpnf.com\/index.php\/wp-json\/wp\/v2\/tags?post=6176"}],"curies":[{"name":"wp","href":"https:\/\/api.w.org\/{rel}","templated":true}]}}