{"id":6266,"date":"2021-12-20T18:16:35","date_gmt":"2021-12-20T17:16:35","guid":{"rendered":"http:\/\/asvpnf.com\/?p=6266"},"modified":"2021-12-20T18:16:35","modified_gmt":"2021-12-20T17:16:35","slug":"lendemains-de-la-journee-de-la-laicite-du-9-decembre-2021","status":"publish","type":"post","link":"https:\/\/asvpnf.com\/index.php\/2021\/12\/20\/lendemains-de-la-journee-de-la-laicite-du-9-decembre-2021\/","title":{"rendered":"Lendemains  de la Journ\u00e9e de la La\u00efcit\u00e9 du 9 d\u00e9cembre 2021"},"content":{"rendered":"<p class=\"x_ydpf885ff2fyiv4079931456ydp674c8a31yiv0388479438ydp4a7b6671MsoNormal\"><b><span lang=\"EN-US\">Comme il l\u2019a d\u00e9j\u00e0 \u00e9t\u00e9 mentionn\u00e9 sur ce site, il ne s\u2019agissait point de masquer la c\u00e9l\u00e9bration de l\u2019anniversaire du vote de la Loi de S\u00e9paration des \u00e9glises et de l\u2019Etat du 9 d\u00e9cembre 1905. Cette Loi reste intangible notamment dans ses deux premiers articles et \u00a0malgr\u00e9 ses 17 modifications r\u00e9pertori\u00e9es.\u00a0 Dans ce cadre, on sait que le Pr\u00e9sident de la R\u00e9publique re\u00e7oit r\u00e9guli\u00e8rement les repr\u00e9sentants des religions et des Eglises et qu\u2019il n\u2019accorde pas cette faveur aux \u00a0repr\u00e9sentants des associations historiques de la la\u00efcit\u00e9. Ce constat ne cesse de donner \u00e0 r\u00e9fl\u00e9chir. <\/span><\/b><\/p>\n<p class=\"x_ydpf885ff2fyiv4079931456ydp674c8a31yiv0388479438ydp4a7b6671MsoNormal\"><b><span lang=\"EN-US\">Les dites associations \u00a0pouvant \u00a0\u00eatre re\u00e7ues par le Ministre de l\u2019Int\u00e9rieur, elles sont \u00a0donc rel\u00e9gu\u00e9es\u00a0 \u00e0 \u00eatre des\u00a0 \u201cpartenaires\u201d du maintien de l\u2019ordre public. Ceci \u00e9tant rappel\u00e9, les visiteurs de ce site ont pris connaissance de la cr\u00e9ation r\u00e9cente d\u2019un Comit\u00e9 Interminist\u00e9riel \u00a0de la La\u00efcit\u00e9. Install\u00e9 par le Premier Ministre, ledit comit\u00e9 devait pr\u00e9senter un premier bilan d\u2019activit\u00e9s \u00e0 l\u2019occasion de la Journ\u00e9e de la La\u00efcit\u00e9. A ce jour, la publication de ce bilan reste attendue. <\/span><\/b><\/p>\n<p class=\"x_ydpf885ff2fyiv4079931456ydp674c8a31yiv0388479438ydp4a7b6671MsoNormal\"><b><span lang=\"EN-US\">\u00a0<\/span><\/b><\/p>\n<p class=\"x_ydpf885ff2fyiv4079931456ydp674c8a31yiv0388479438ydp4a7b6671MsoNormal\"><b><span lang=\"EN-US\">Et pourtant \u00a0on a parl\u00e9\u00a0 \u201cla\u00efcit\u00e9\u201d dans beaucoup de communes de France , on a m\u00eame plant\u00e9 \u00e0 cette occasion des \u201carbres de la la\u00efcit\u00e9\u201d.\u00a0 Etait-ce vraiment le moment opportun pour des plantations de ce type? Dans certains d\u00e9partements on annon\u00e7ait l\u2019organisation d\u2019 \u201cune journ\u00e9e pour faire vivre la la\u00efcit\u00e9\u201d alors que la la\u00efcit\u00e9 se vit et se construit au quotidien. Une telle \u00a0approche \u00a0institutionnelle et occasionnelle \u00a0de la la\u00efcit\u00e9 pourrait renvoyer \u00e0 un message subliminal selon lequel\u00a0 cette \u201cagitation passag\u00e8re\u201d serait de nature \u00e0 \u00a0redonner quelque tranquillit\u00e9\u00a0 \u00e0 notre soci\u00e9t\u00e9. Une soci\u00e9t\u00e9 encline ,il est vrai, \u00a0\u00e0 consid\u00e9rer qu\u2019elle se trouve menac\u00e9e par une immigration non ma\u00eetris\u00e9e et qu\u2019en toute hypoth\u00e8se la r\u00e9affirmation et le renforcement\u00a0 de sa la\u00efcit\u00e9 pourraient\u00a0 conforter ses structures et leur fonctionnement. En r\u00e9alit\u00e9, la la\u00efcit\u00e9 que l\u2019on construit et que l\u2019on met en pratique \u00e0 l\u2019\u00e9cole et dans les autres institutions de la R\u00e9publique unique et sociale est celle de \u201cl\u2019acceptation de toutes les opinions et de tous les comportements qui savent respecter l\u2019autre\u201d\u2019(<i>Albert Jacquard<\/i>). Une telle acceptation ne s\u2019acquiert pas en un jour !<\/span><\/b><\/p>\n<p class=\"x_ydpf885ff2fyiv4079931456ydp674c8a31yiv0388479438ydp4a7b6671MsoNormal\"><b><span lang=\"EN-US\">\u00a0<\/span><\/b><\/p>\n<p class=\"x_ydpf885ff2fyiv4079931456ydp674c8a31yiv0388479438ydp4a7b6671MsoNormal\"><b><span lang=\"EN-US\">C\u2019est dans ce contexte que les visiteurs pourront consulter quelques \u00e9chos de la Journ\u00e9e de la La\u00efcit\u00e9 du 9 novembre 2021\u00a0 en se rendant aux adresses suivantes. Elles sont propos\u00e9es \u00a0\u00e0 titre indicatif :<\/span><\/b><\/p>\n<p class=\"x_ydpf885ff2fyiv4079931456ydp674c8a31yiv0388479438ydp4a7b6671MsoNormal\"><b><span lang=\"EN-US\">\u00a0<\/span><\/b><\/p>\n<p class=\"x_ydpf885ff2fyiv4079931456ydp674c8a31yiv0388479438ydp4a7b6671MsoNormal\"><b><i><span lang=\"EN-US\">1:<a href=\"https:\/\/france3-regions.francetvinfo.fr\/normandie\/une-journee-de-la-laicite-2021-fortement-marquee-dans-les-ecoles-en-normandie-2372125.html\" target=\"_blank\" rel=\"nofollow noopener noreferrer\" data-auth=\"NotApplicable\" data-linkindex=\"0\">https:\/\/france3-regions.francetvinfo.fr\/normandie\/une-journee-de-la-laicite-2021-fortement-marquee-dans-les-ecoles-en-normandie-2372125.html<\/a><\/span><\/i><\/b><\/p>\n<p class=\"x_ydpf885ff2fyiv4079931456ydp674c8a31yiv0388479438ydp4a7b6671MsoNormal\"><b><i><span lang=\"EN-US\">2:<a href=\"https:\/\/www.vie-publique.fr\/questions-reponses\/277613-quatre-questions-sur-le-9-decembre-journee-de-la-laicite#:~:text=Tous%20les%20ans%2C%20une%20journ%C3%A9e,sein%20de%20la%20fonction%20publique.\" target=\"_blank\" rel=\"nofollow noopener noreferrer\" data-auth=\"NotApplicable\" data-linkindex=\"1\">https:\/\/www.vie-publique.fr\/questions-reponses\/277613-quatre-questions-sur-le-9-decembre-journee-de-la-laicite#:~:text=Tous%20les%20ans%2C%20une%20journ%C3%A9e,sein%20de%20la%20fonction%20publique.<\/a><\/span><\/i><\/b><\/p>\n<p class=\"x_ydpf885ff2fyiv4079931456ydp674c8a31yiv0388479438ydp4a7b6671MsoNormal\"><b><i><span lang=\"EN-US\">3.<a href=\"https:\/\/7084e331-f642-4e01-99d5-7f9a8c018c76.filesusr.com\/ugd\/8cdd55_290ca633f4b14d0f813ba6f5df994339.pdf\" target=\"_blank\" rel=\"nofollow noopener noreferrer\" data-auth=\"NotApplicable\" data-linkindex=\"2\">https:\/\/7084e331-f642-4e01-99d5-7f9a8c018c76.filesusr.com\/ugd\/8cdd55_290ca633f4b14d0f813ba6f5df994339.pdf<\/a><\/span><\/i><\/b><\/p>\n<p class=\"x_ydpf885ff2fyiv4079931456ydp674c8a31yiv0388479438ydp4a7b6671MsoNormal\"><b><i><span lang=\"EN-US\">4.<a class=\"x_ydpf885ff2fyiv4079931456ydp674c8a31yiv0388479438enhancr_card_0055139466\" href=\"https:\/\/www.lemonde.fr\/education\/article\/2021\/12\/10\/laicite-a-l-ecole-on-ne-doit-pas-avoir-une-politique-basee-sur-le-ressenti-ou-le-ressentiment-des-eleves_6105463_1473685.html\" target=\"_blank\" rel=\"nofollow noopener noreferrer\" data-auth=\"NotApplicable\" data-linkindex=\"3\">La\u00efcit\u00e9 \u00e0 l\u2019\u00e9cole : \u00ab On ne doit pas avoir une politique bas\u00e9e sur le ressenti ou le ressentiment des \u00e9l\u00e8ves \u00bb<\/a><\/span><\/i><\/b><\/p>\n","protected":false},"excerpt":{"rendered":"<p>Comme il l\u2019a d\u00e9j\u00e0 \u00e9t\u00e9 mentionn\u00e9 sur ce site, il ne s\u2019agissait point de masquer la c\u00e9l\u00e9bration de l\u2019anniversaire du vote de la Loi de S\u00e9paration des \u00e9glises et de l\u2019Etat du 9 d\u00e9cembre 1905. Cette Loi reste intangible notamment <a class=\"more-link\" href=\"https:\/\/asvpnf.com\/index.php\/2021\/12\/20\/lendemains-de-la-journee-de-la-laicite-du-9-decembre-2021\/\">En lire plus &#8230;<\/a><\/p>\n","protected":false},"author":9,"featured_media":0,"comment_status":"closed","ping_status":"closed","sticky":false,"template":"","format":"standard","meta":{"spay_email":""},"categories":[10],"tags":[47],"jetpack_featured_media_url":"","_links":{"self":[{"href":"https:\/\/asvpnf.com\/index.php\/wp-json\/wp\/v2\/posts\/6266"}],"collection":[{"href":"https:\/\/asvpnf.com\/index.php\/wp-json\/wp\/v2\/posts"}],"about":[{"href":"https:\/\/asvpnf.com\/index.php\/wp-json\/wp\/v2\/types\/post"}],"author":[{"embeddable":true,"href":"https:\/\/asvpnf.com\/index.php\/wp-json\/wp\/v2\/users\/9"}],"replies":[{"embeddable":true,"href":"https:\/\/asvpnf.com\/index.php\/wp-json\/wp\/v2\/comments?post=6266"}],"version-history":[{"count":1,"href":"https:\/\/asvpnf.com\/index.php\/wp-json\/wp\/v2\/posts\/6266\/revisions"}],"predecessor-version":[{"id":6267,"href":"https:\/\/asvpnf.com\/index.php\/wp-json\/wp\/v2\/posts\/6266\/revisions\/6267"}],"wp:attachment":[{"href":"https:\/\/asvpnf.com\/index.php\/wp-json\/wp\/v2\/media?parent=6266"}],"wp:term":[{"taxonomy":"category","embeddable":true,"href":"https:\/\/asvpnf.com\/index.php\/wp-json\/wp\/v2\/categories?post=6266"},{"taxonomy":"post_tag","embeddable":true,"href":"https:\/\/asvpnf.com\/index.php\/wp-json\/wp\/v2\/tags?post=6266"}],"curies":[{"name":"wp","href":"https:\/\/api.w.org\/{rel}","templated":true}]}}