{"id":6290,"date":"2022-01-09T19:55:02","date_gmt":"2022-01-09T18:55:02","guid":{"rendered":"https:\/\/asvpnf.com\/?p=6290"},"modified":"2022-01-09T19:55:02","modified_gmt":"2022-01-09T18:55:02","slug":"un-irresponsable-nest-plus-un-citoyen-vraiment","status":"publish","type":"post","link":"https:\/\/asvpnf.com\/index.php\/2022\/01\/09\/un-irresponsable-nest-plus-un-citoyen-vraiment\/","title":{"rendered":"\u00ab\u00a0Un irresponsable n&rsquo;est plus un citoyen\u00a0\u00bb, vraiment ?"},"content":{"rendered":"<p class=\"x_ydp30f9f282MsoNormal\"><b><\/b><b><span lang=\"EN-US\">Selon\u00a0<i>Ellen Salvi<\/i>\u00a0, dans\u00a0<i>Mediapart<\/i>\u00a0 du\u00a0 5 janvier 2022\u00a0,\u201cface aux non-vaccin\u00e9s, Emmanuel Macron invente la d\u00e9ch\u00e9ance de citoyennet\u00e9\u00a0 (et) en assumant d\u2019\u00ab\u00a0emmerder\u00a0\u00bb les personnes non vaccin\u00e9es, mais surtout en expliquant qu\u2019\u00ab\u00a0un irresponsable n\u2019est plus un citoyen\u00a0\u00bb, le Pr\u00e9sident de la R\u00e9publique, garant de l\u2019\u00c9tat de droit, commet une faute morale, institutionnelle et politique. Il hyst\u00e9rise le d\u00e9bat, divise la soci\u00e9t\u00e9 et offre un nouveau souffle \u00e0 ceux qu\u2019il\u00a0 pr\u00e9tend combattre\u201d (<i><a href=\"https:\/\/www.mediapart.fr\/journal\/france\/050122\/face-aux-non-vaccines-emmanuel-macron-invente-la-decheance-de-citoyennete\" target=\"_blank\" rel=\"nofollow noopener noreferrer\" data-auth=\"NotApplicable\" data-linkindex=\"0\">https:\/\/www.mediapart.fr\/journal\/france\/050122\/face-aux-non-vaccines-emmanuel-macron-invente-la-decheance-de-citoyennete<\/a>)<\/i><\/span><\/b><b><\/b><\/p>\n<p class=\"x_ydp30f9f282MsoNormal\"><b>Les expressions-choc du Pr\u00e9sident de la R\u00e9publique n&rsquo;ont pas manqu\u00e9 d&rsquo;interpeller tant les citoyens non-vaccin\u00e9s\u00a0 que les vaccin\u00e9s !\u00a0\u00a0C&rsquo;est ainsi que dans\u00a0<i>L&rsquo;Ind\u00e9pendant\u00a0<\/i>du 5 janvier 2022\u00a0 on s&rsquo;interroge\u00a0\u00a0sur la signification\u00a0\u00a0des\u00a0\u00a0\u00a0<\/b><b>\u00ab\u00a0Irresponsables\u00a0\u00bb et \u00ab\u00a0plus des citoyens\u00a0\u00bb des\u00a0\u00a0propos pr\u00e9sidentiels\u00a0; le Pr\u00e9sident se proposant\u00a0\u00a0d \u00ab\u00a0emmerder\u00a0\u00bb les non-vaccin\u00e9s\u2026\u00a0\u00bb \u00ab\u00a0<\/b><b>S&rsquo;agit-il de f<\/b><b>ormules choc, d&rsquo; insultes ou de\u00a0 \u00a0d\u00e9rapages? Les quelque 5 millions de personnes non-vaccin\u00e9es, quelle qu&rsquo;en soit la raison, choisiront&#8230; Toujours est-il que cette charge des plus violentes reste in\u00e9dite\u00a0pour un pr\u00e9sident de tous les Fran\u00e7ais \u00e0 l&rsquo;encontre\u00a0d&rsquo;une partie de ses concitoyens\u00a0\u00bb (cf.<\/b><b><i><a href=\"https:\/\/www.lindependant.fr\/2022\/01\/05\/opinion-irresponsables-plus-des-citoyens-les-propos-inquietants-demmanuel-macron-l-emmerdeur-des-non-vaccines-10027922.php\" target=\"_blank\" rel=\"nofollow noopener noreferrer\" data-auth=\"NotApplicable\" data-linkindex=\"1\">https:\/\/www.lindependant.fr\/2022\/01\/05\/opinion-irresponsables-plus-des-citoyens-les-propos-inquietants-demmanuel-macron-l-emmerdeur-des-non-vaccines-10027922.php<\/a><\/i><\/b><b>) .<\/b><b><\/b><\/p>\n<p class=\"x_ydp30f9f282MsoNormal\"><b>\u00a0D&rsquo;aucuns ont cru y d\u00e9celer une strat\u00e9gie de Pr\u00e9sident, probable candidat \u00e0 sa r\u00e9\u00e9lection aux prochaines \u00e9lections pr\u00e9sidentielles. Ainsi\u00a0 selon\u00a0<i>Public S\u00e9nat<\/i>\u00a0la suppos\u00e9e strat\u00e9gie \u00ab\u00a0consiste \u00e0\u00a0<\/b><b>\u00a0s\u2019appuyer avant tout sur les cat\u00e9gories qui lui sont favorables, et elles sont tr\u00e8s massivement en faveur du vaccin et du contr\u00f4le social repr\u00e9sent\u00e9 par le passe sanitaire. Et globalement, une majorit\u00e9 de Fran\u00e7ais est favorable au vaccin. Il essaie de cr\u00e9er une polarit\u00e9 entre les pros et anti-vaccins\u00a0\u00bb\u00a0<i>(<\/i><\/b><b><i><a href=\"https:\/\/www.publicsenat.fr\/article\/politique\/un-irresponsable-n-est-plus-un-citoyen-la-phrase-la-plus-inquietante-de-macron-en\" target=\"_blank\" rel=\"nofollow noopener noreferrer\" data-auth=\"NotApplicable\" data-linkindex=\"2\">https:\/\/www.publicsenat.fr\/article\/politique\/un-irresponsable-n-est-plus-un-citoyen-la-phrase-la-plus-inquietante-de-macron-en<\/a><\/i><\/b><b>).<\/b><b><\/b><\/p>\n<p class=\"x_ydp30f9f282MsoNormal\"><b><span lang=\"EN-US\">Selon<i>\u00a0l\u2019Humanit\u00e9<\/i>\u00a0du 6 janvier 2022, \u00abLe pr\u00e9sident d\u00e9clare avoir \u00ab\u2009tr\u00e8s envie d\u2019emmerder\u2009\u00bb les \u00ab\u2009non-vaccin\u00e9s\u2009\u00bb, en plein d\u00e9bat explosif sur le passe vaccinal. Une strat\u00e9gie du clivage \u00e9lectoraliste, au d\u00e9triment\u00a0de la politique sanitaire et de la citoyennet\u00e9\u201d\u00a0(<i><a href=\"https:\/\/www.humanite.fr\/politique\/emmanuel-macron\/covid-emmanuel-macron-irresponsable-en-chef-733465\" target=\"_blank\" rel=\"nofollow noopener noreferrer\" data-auth=\"NotApplicable\" data-linkindex=\"3\">https:\/\/www.humanite.fr\/politique\/emmanuel-macron\/covid-emmanuel-macron-irresponsable-en-chef-733465<\/a>)<\/i><\/span><\/b><\/p>\n<div><b><i>\u00a0<\/i><\/b><\/div>\n<div><b><i>\u00a0<\/i><\/b><\/div>\n<div><b><i>Chaque citoyen\u00a0 a eu l&rsquo;opportunit\u00e9, en ce d\u00e9but de 2022, de r\u00e9agir aux propos du Pr\u00e9sident de la R\u00e9publique, propos\u00a0 qualifi\u00e9s d\u2019outranciers par certains commentateurs .\u00a0<br aria-hidden=\"true\" \/><\/i><\/b><\/div>\n<p>&nbsp;<\/p>\n<p class=\"x_ydp30f9f282MsoNormal\"><b>Quoi qu\u2019il en soit les visiteurs de ce site\u00a0 pourront y consulter, <\/b><span style=\"font-size: 14pt\"><strong><a href=\"http:\/\/asvpnf.com\/wp-content\/uploads\/2022\/01\/Un-irresponsable-nest-plus-un-citoyen.pdf\" target=\"_blank\" rel=\"noopener\">en cliquant ici<\/a><\/strong><\/span><b>, un article\u00a0 de la philosophe\u00a0<i>Catherine Kintzler<\/i>\u00a0dont l&rsquo;intitul\u00e9, mentionn\u00e9 ci-dessus, appelle \u00e0 la r\u00e9flexion sur la signification d&rsquo;une \u00ab\u00a0<i>provocation prononc\u00e9e sous la forme d&rsquo;une sentence vertueuse<\/i>\u00a0\u00bb qui, au final, est de nature \u00e0 \u00e9voquer la perte potentielle\u00a0 des droits civiques par certains citoyens de notre R\u00e9publique&#8230;\u00a0<\/b><\/p>\n<p class=\"x_ydp30f9f282MsoNormal\"><b><span lang=\"EN-US\">Que\u00a0<i>Catherine Kintzler<\/i>\u00a0soit tr\u00e8s sinc\u00e8rement remerci\u00e9e\u00a0 de nous autoriser \u00e0 repr\u00e9senter ici ce nouvel article fondateur .<\/span><\/b><\/p>\n","protected":false},"excerpt":{"rendered":"<p>Selon\u00a0Ellen Salvi\u00a0, dans\u00a0Mediapart\u00a0 du\u00a0 5 janvier 2022\u00a0,\u201cface aux non-vaccin\u00e9s, Emmanuel Macron invente la d\u00e9ch\u00e9ance de citoyennet\u00e9\u00a0 (et) en assumant d\u2019\u00ab\u00a0emmerder\u00a0\u00bb les personnes non vaccin\u00e9es, mais surtout en expliquant qu\u2019\u00ab\u00a0un irresponsable n\u2019est plus un citoyen\u00a0\u00bb, le Pr\u00e9sident de la R\u00e9publique, garant <a class=\"more-link\" href=\"https:\/\/asvpnf.com\/index.php\/2022\/01\/09\/un-irresponsable-nest-plus-un-citoyen-vraiment\/\">En lire plus &#8230;<\/a><\/p>\n","protected":false},"author":9,"featured_media":0,"comment_status":"closed","ping_status":"closed","sticky":false,"template":"","format":"standard","meta":{"spay_email":""},"categories":[11],"tags":[],"jetpack_featured_media_url":"","_links":{"self":[{"href":"https:\/\/asvpnf.com\/index.php\/wp-json\/wp\/v2\/posts\/6290"}],"collection":[{"href":"https:\/\/asvpnf.com\/index.php\/wp-json\/wp\/v2\/posts"}],"about":[{"href":"https:\/\/asvpnf.com\/index.php\/wp-json\/wp\/v2\/types\/post"}],"author":[{"embeddable":true,"href":"https:\/\/asvpnf.com\/index.php\/wp-json\/wp\/v2\/users\/9"}],"replies":[{"embeddable":true,"href":"https:\/\/asvpnf.com\/index.php\/wp-json\/wp\/v2\/comments?post=6290"}],"version-history":[{"count":1,"href":"https:\/\/asvpnf.com\/index.php\/wp-json\/wp\/v2\/posts\/6290\/revisions"}],"predecessor-version":[{"id":6292,"href":"https:\/\/asvpnf.com\/index.php\/wp-json\/wp\/v2\/posts\/6290\/revisions\/6292"}],"wp:attachment":[{"href":"https:\/\/asvpnf.com\/index.php\/wp-json\/wp\/v2\/media?parent=6290"}],"wp:term":[{"taxonomy":"category","embeddable":true,"href":"https:\/\/asvpnf.com\/index.php\/wp-json\/wp\/v2\/categories?post=6290"},{"taxonomy":"post_tag","embeddable":true,"href":"https:\/\/asvpnf.com\/index.php\/wp-json\/wp\/v2\/tags?post=6290"}],"curies":[{"name":"wp","href":"https:\/\/api.w.org\/{rel}","templated":true}]}}