{"id":6293,"date":"2022-01-09T20:02:00","date_gmt":"2022-01-09T19:02:00","guid":{"rendered":"https:\/\/asvpnf.com\/?p=6293"},"modified":"2022-01-09T20:02:00","modified_gmt":"2022-01-09T19:02:00","slug":"jai-execute-un-chien-de-lenfer-rapport-sur-lassassinat-de-samuel-paty","status":"publish","type":"post","link":"https:\/\/asvpnf.com\/index.php\/2022\/01\/09\/jai-execute-un-chien-de-lenfer-rapport-sur-lassassinat-de-samuel-paty\/","title":{"rendered":"\u00ab J\u2019ai ex\u00e9cut\u00e9 un chien de l\u2019enfer. Rapport sur l\u2019assassinat de Samuel Paty \u00bb"},"content":{"rendered":"<p class=\"x_ydpec142591MsoNormal\" align=\"center\"><b><span lang=\"EN-US\">de <\/span><\/b><\/p>\n<p class=\"x_ydpec142591MsoNormal\" align=\"center\"><b><i><span lang=\"EN-US\">David di Nota,<\/span><\/i><\/b><\/p>\n<p class=\"x_ydpec142591MsoNormal\" align=\"center\"><b><span lang=\"EN-US\">\u00a0<\/span><\/b><\/p>\n<p class=\"x_ydpec142591MsoNormal\" align=\"center\"><b><span lang=\"EN-US\">lu par <\/span><\/b><b><i><span lang=\"EN-US\">Catherine Kintzler<\/span><\/i><\/b><\/p>\n<p class=\"x_ydpec142591MsoNormal\"><b><span lang=\"EN-US\">\u00a0<\/span><\/b><\/p>\n<p class=\"x_ydpec142591MsoNormal\"><b><span lang=\"EN-US\">\u00ab Que s\u2019est-il pass\u00e9 ? Pourquoi est-ce arriv\u00e9 ? Comment cela a-t-il \u00e9t\u00e9 possible ? \u00bb, s\u2019interrogeait en son temps Hannah Arendt.<br aria-hidden=\"true\" \/>Telles sont les trois questions que l\u2019auteur (<i>David di Nota<\/i>) a choisi de se poser afin d\u2019analyser la rumeur infond\u00e9e qui devait conduire \u00e0 l\u2019assassinat d\u2019un professeur de coll\u00e8ge dans une petite ville paisible des Yvelines.<br aria-hidden=\"true\" \/>Contre-enqu\u00eate fascinante sur une s\u00e9rie d\u2019incoh\u00e9rences institutionnelles, r\u00e9cit d\u2019un mensonge orchestr\u00e9 par des islamistes, d\u00e9construction m\u00e9thodique d\u2019un antiracisme d\u00e9voy\u00e9 qui semble r\u00e9sumer toute une \u00e9poque\u201d. Selon <i>Babelio,<\/i> ce livre \u201crestitue cet \u00e9v\u00e9nement politique majeur avec un sens du d\u00e9tail et une clart\u00e9 redoutables\u201d. (URL :<a href=\"https:\/\/www.babelio.com\/livres\/Di-Nota-Jai-execute-un-chien-de-lenfer\/1355242\" target=\"_blank\" rel=\"nofollow noopener noreferrer\" data-auth=\"NotApplicable\" data-linkindex=\"0\">https:\/\/www.babelio.com\/livres\/Di-Nota-Jai-execute-un-chien-de-lenfer\/1355242<\/a>)<\/span><\/b><\/p>\n<p class=\"x_ydpec142591MsoNormal\"><b><span lang=\"EN-US\">\u00a0<\/span><\/b><\/p>\n<p class=\"x_ydpec142591MsoNormal\"><b><span lang=\"EN-US\">\u00a0<\/span><\/b><b><span lang=\"EN-US\">Dans un entretien accord\u00e9 \u00e0 <i>Natacha Polony<\/i>, directrice de la r\u00e9daction de\u00a0<i>Marianne<\/i>, l&rsquo;\u00e9crivain <i>David di Nota<\/i> \u201canalyse la rumeur infond\u00e9e qui a conduit \u00e0 l\u2019assassinat de\u00a0<\/span><\/b><b><span lang=\"EN-US\"><a href=\"https:\/\/www.marianne.net\/agora\/humeurs\/samuel-paty-responsable-de-sa-propre-mort\" target=\"_blank\" rel=\"nofollow noopener noreferrer\" data-auth=\"NotApplicable\" data-linkindex=\"1\">Samuel Paty<\/a><\/span><\/b><b><span lang=\"EN-US\">, l&rsquo;enseignant victime de l\u2019attaque terroriste perp\u00e9tr\u00e9e le 16\u00a0octobre 2020\u201d. <i>Magazine Marianne<\/i> du 20 novembre 2021, rapportant sur ledit entretien peut ainsi titrer : <i>Assassinat de<\/i> <i>Samuel Paty : \u201cun crime institutionnel ?\u201d.<\/i> On y pointe notamment \u201cune s\u00e9rie d\u2019incoh\u00e9rences institutionnelles\u201d qui ont contribu\u00e9, selon l\u2019auteur, \u00e0 sous-estimer\u00a0\u00ab\u00a0consid\u00e9rablement\u00a0\u00bb\u00a0les menaces qui pesaient sur le professeur d\u2019histoire-g\u00e9ographie. \u201cL\u2019\u00e9crivain va m\u00eame plus loin, en affirmant que l\u2019administration a disqualifi\u00e9 l\u2019autorit\u00e9 de l\u2019enseignant de Conflans-Sainte-Honorine au profit du ressenti des \u00e9l\u00e8ves, validant selon lui la notion d\u2019offense.\u201d( <i>https:\/\/www.marianne.net\/societe\/education\/assassinat-de-samuel-paty-un-crime-institutionnel<\/i>).<\/span><\/b><\/p>\n<p class=\"x_ydpec142591MsoNormal\"><b><span lang=\"EN-US\">Dans\u00a0 un article \u00a0de <i>M\u00e9lanie Dechalote<\/i> paru\u00a0 <i>Charlie Hebdo<\/i> du 27 octobre 2021, on stigmatise les \u201cfailles institutionnelles qui d\u2019embl\u00e9e d\u00e9signent coupable la victime\u201d et \u00a0\u201cdisqualifient l\u2019autorit\u00e9 du professeur au profit du ressenti religieux de l\u2019\u00e9l\u00e8ve\u201d\u00a0\u00a0 \u00a0(URL : <a href=\"https:\/\/charliehebdo.fr\/2021\/10\/societe\/disqualifie-autorite-professeur-profit-ressenti-religieux-eleve\/\" target=\"_blank\" rel=\"nofollow noopener noreferrer\" data-auth=\"NotApplicable\" data-linkindex=\"2\">https:\/\/charliehebdo.fr\/2021\/10\/societe\/disqualifie-autorite-professeur-profit-ressenti-religieux-eleve\/<\/a>).<\/span><\/b><\/p>\n<p class=\"x_ydpec142591MsoNormal\"><b><span lang=\"EN-US\">Les visiteurs pourront consulter sur ce site\u00a0 la recension d\u00e9taill\u00e9e de l\u2019 ouvrage de <i>David di Nota<\/i> \u00a0qui constitue une contre-enqu\u00eate implacable sur les circonstances de l\u2019assassinat de Samuel Paty, recension pr\u00e9par\u00e9e par <i>Catherine Kintzler<\/i>. <\/span><\/b><\/p>\n<p class=\"x_ydpec142591MsoNormal\"><b><span lang=\"EN-US\">L\u2019analyse minutieuse effectu\u00e9e r\u00e9v\u00e8le \u00a0: (la) \u201clumineuse et consternante remont\u00e9e vers la doctrine p\u00e9dagogique officielle qui a consenti \u00e0 la s\u00e9rie de rumeurs et d\u2019accusations mensong\u00e8res orchestr\u00e9e par l\u2019islamisme et l\u2019antiracisme d\u00e9voy\u00e9 qui l\u2019accompagne\u201d. Elle est accessible sur ce site\u00a0<\/span><\/b><b><span lang=\"EN-US\"><span style=\"font-size: 14pt\"><a href=\"http:\/\/asvpnf.com\/wp-content\/uploads\/2022\/01\/Jai-execute-un-chien-de-lenfer.pdf\" target=\"_blank\" rel=\"noopener\">en cliquant ici<\/a><\/span> ou en se rendant \u00e0 l\u2019URL : <a href=\"https:\/\/www.mezetulle.fr\/jai-execute-un-chien-de-lenfer-rapport-sur-lassassinat-de-samuel-paty-de-david-di-nota-lu-par-c-kintzler\/\" target=\"_blank\" rel=\"nofollow noopener noreferrer\" data-auth=\"NotApplicable\" data-linkindex=\"3\">https:\/\/www.mezetulle.fr\/jai-execute-un-chien-de-lenfer-rapport-sur-lassassinat-de-samuel-paty-de-david-di-nota-lu-par-c-kintzler\/<\/a><\/span><\/b><\/p>\n<p class=\"x_ydpec142591MsoNormal\"><b><span lang=\"EN-US\">Que <i>Catherine Kintzler<\/i> soit cordialement remerci\u00e9e de nous autoriser \u00e0 reproduire et \u00e0 repr\u00e9senter la recension de l\u2019ouvrage de <i>David di Nota.<\/i><\/span><\/b><\/p>\n","protected":false},"excerpt":{"rendered":"<p>de David di Nota, \u00a0 lu par Catherine Kintzler \u00a0 \u00ab Que s\u2019est-il pass\u00e9 ? Pourquoi est-ce arriv\u00e9 ? Comment cela a-t-il \u00e9t\u00e9 possible ? \u00bb, s\u2019interrogeait en son temps Hannah Arendt.Telles sont les trois questions que l\u2019auteur (David di <a class=\"more-link\" href=\"https:\/\/asvpnf.com\/index.php\/2022\/01\/09\/jai-execute-un-chien-de-lenfer-rapport-sur-lassassinat-de-samuel-paty\/\">En lire plus &#8230;<\/a><\/p>\n","protected":false},"author":9,"featured_media":0,"comment_status":"closed","ping_status":"closed","sticky":false,"template":"","format":"standard","meta":{"spay_email":""},"categories":[10],"tags":[47],"jetpack_featured_media_url":"","_links":{"self":[{"href":"https:\/\/asvpnf.com\/index.php\/wp-json\/wp\/v2\/posts\/6293"}],"collection":[{"href":"https:\/\/asvpnf.com\/index.php\/wp-json\/wp\/v2\/posts"}],"about":[{"href":"https:\/\/asvpnf.com\/index.php\/wp-json\/wp\/v2\/types\/post"}],"author":[{"embeddable":true,"href":"https:\/\/asvpnf.com\/index.php\/wp-json\/wp\/v2\/users\/9"}],"replies":[{"embeddable":true,"href":"https:\/\/asvpnf.com\/index.php\/wp-json\/wp\/v2\/comments?post=6293"}],"version-history":[{"count":1,"href":"https:\/\/asvpnf.com\/index.php\/wp-json\/wp\/v2\/posts\/6293\/revisions"}],"predecessor-version":[{"id":6295,"href":"https:\/\/asvpnf.com\/index.php\/wp-json\/wp\/v2\/posts\/6293\/revisions\/6295"}],"wp:attachment":[{"href":"https:\/\/asvpnf.com\/index.php\/wp-json\/wp\/v2\/media?parent=6293"}],"wp:term":[{"taxonomy":"category","embeddable":true,"href":"https:\/\/asvpnf.com\/index.php\/wp-json\/wp\/v2\/categories?post=6293"},{"taxonomy":"post_tag","embeddable":true,"href":"https:\/\/asvpnf.com\/index.php\/wp-json\/wp\/v2\/tags?post=6293"}],"curies":[{"name":"wp","href":"https:\/\/api.w.org\/{rel}","templated":true}]}}