{"id":6355,"date":"2022-03-08T11:01:56","date_gmt":"2022-03-08T10:01:56","guid":{"rendered":"https:\/\/asvpnf.com\/?p=6355"},"modified":"2022-03-08T11:01:56","modified_gmt":"2022-03-08T10:01:56","slug":"les-menees-obscurantistes-contre-la-science-les-savoirs-et-la-raison-nont-pas-leur-place-a-lecole-laique-de-la-republique","status":"publish","type":"post","link":"https:\/\/asvpnf.com\/index.php\/2022\/03\/08\/les-menees-obscurantistes-contre-la-science-les-savoirs-et-la-raison-nont-pas-leur-place-a-lecole-laique-de-la-republique\/","title":{"rendered":"Les men\u00e9es obscurantistes  contre la Science, les Savoirs et la Raison  n&rsquo;ont pas leur place \u00e0 l&rsquo;Ecole la\u00efque   de la R\u00e9publique."},"content":{"rendered":"<p class=\"x_ydp9b9ac631yiv5924976240ydp3a234591MsoNoSpacing\"><b><\/b><b>L&rsquo;information\u00a0 relative\u00a0 \u00e0 l&rsquo;\u00e9v\u00e8nement singulier qui eut cours\u00a0 le 8 d\u00e9cembre 2020\u00a0 au Coll\u00e8ge public\u00a0\u00ab\u00a0Le Village\u00a0\u00bb\u00a0de\u00a0 Trappes (F-78190) r\u00e9v\u00e9l\u00e9e dans les colonnes du<i> Parisien <\/i>par <i>Nicolas Goinard <\/i>du 16 janvier 2021(URL1) puis reprise\u00a0 par <i>Norbert Scanella<\/i> dans \u00a0<i>Le Figaro<\/i>\u00a0 du 18 janvier 2022 (URL2) n&rsquo;a pas fait grand bruit. Et pourtant on y faisait \u00e9tat du d\u00e9placement d&rsquo;office d&rsquo;une professeure de SVT, de la mise en cause du principe de sanctuarisation de l\u2019espace scolaire et de la condamnation d\u2019un parent d\u2019\u00e9l\u00e8ve\u2026<\/b><\/p>\n<p class=\"x_ydp9b9ac631yiv5924976240ydp3a234591MsoNoSpacing\"><b>Ceci faisait suite\u00a0 suite \u00e0 la contestation\u00a0 des illustrations d&rsquo;un cours &#8211; niveau 3\u00e8 des Coll\u00e8ges-ayant trait \u00e0 l&rsquo;Evolution, sujet pr\u00e9tendument incompatible\u00a0 avec\u00a0 les choix spirituels\u00a0 de certains parents \u2026\u00a0<\/b><\/p>\n<p class=\"x_ydp9b9ac631yiv5924976240ydp3a234591MsoNoSpacing\"><b>En r\u00e9alit\u00e9 pour illustrer une le\u00e7on portant \u00a0\u00a0sur \u00ab\u00a0l&rsquo;\u00e9volution et la place de l&rsquo;Homme dans le monde vivant\u00a0\u00bb, l\u2019enseignante avait choisi \u00a0des images susceptibles d\u2019int\u00e9resser des adolescent(e)s en l\u2019occurrence la photographie du rappeur <i>Soprano<\/i> (populaire aupr\u00e8s des \u00e9l\u00e8ves de cette tranche d&rsquo;\u00e2ge) pour repr\u00e9senter <i>Homo sapiens<\/i>\u00a0. On y a d\u00e9cel\u00e9 une forme de racisme\u2026<\/b><\/p>\n<p class=\"x_ydp9b9ac631yiv5924976240ydp3a234591MsoNoSpacing\"><b>URL1\u00a0:<\/b><b><i><a id=\"LPlnk327830\" href=\"https:\/\/www.leparisien.fr\/yvelines-78\/menacee-apres-avoir-utilise-soprano-dans-un-cours-sur-levolution-la-professeure-a-eu-peur-de-mourir-16-01-2022-R36SKHUSW5AEJBX7IVEMLKKHOA.php\" target=\"_blank\" rel=\"nofollow noopener noreferrer\" data-auth=\"NotApplicable\" data-linkindex=\"0\">https:\/\/www.leparisien.fr\/yvelines-78\/menacee-apres-avoir-utilise-soprano-dans-un-cours-sur-levolution-la-professeure-a-eu-peur-de-mourir-16-01-2022-R36SKHUSW5AEJBX7IVEMLKKHOA.php<\/a>\u00a0\u00a0<\/i><\/b><\/p>\n<div><b>URL2:<i>lefigaro.fr\/faits-divers\/tout-de-suite-je-me-suis-dit-ma-vie-est-finie-une-enseignante-contrainte-de-demenager-apres-avoir-utilise-une-image-d-un-rappeur-en-cours-de-svt-20220118<\/i><\/b><\/div>\n<div><b><span lang=\"EN-US\">\u00a0<\/span><\/b><\/div>\n<div><b><span lang=\"EN-US\">La gravit\u00e9 de tels faits\u00a0 tant pour l\u2019enseignante victime directe que pour l\u2019institution scolaire ne manque pas de rappeler que les\u00a0 pressions ne cessent\u00a0 de s\u2019accentuer pour pousser les enseignants du service public\u00a0 \u00e0 l\u2019autocensure. Ainsi la question \u00a0de savoir si les institutions R\u00e9publicaines et leurs responsables laisseront des pr\u00e9dicateurs s\u2019emparer de l\u2019Ecole<\/span><\/b><b>\u00a0 s\u2019impose de nouveau avec beaucoup d\u2019acuit\u00e9\u00a0 tout en restant sans r\u00e9ponse.<\/b><\/div>\n<p class=\"x_ydp9b9ac631yiv5924976240ydp3a234591MsoNoSpacing\"><b>Pour d\u00e9j\u00e0 rester bien inform\u00e9s et exercer leur vigilance les visiteurs de ce site pourront consulter\u00a0<\/b><b><span style=\"font-size: 14pt\"><a href=\"http:\/\/asvpnf.com\/wp-content\/uploads\/2022\/03\/Le-professeurle-rappeur-et-le-predicateur-Mezetulle.pdf\" target=\"_blank\" rel=\"noopener\">en cliquant ici<\/a><\/span> un article \u00e0 ce sujet publi\u00e9 le 12 f\u00e9vrier 2022 dans <i>Mezetulle<\/i> le Blog-revue de <i>Catherine Kintzler<\/i>. <\/b><\/p>\n<p class=\"x_ydp9b9ac631yiv5924976240ydp3a234591MsoNoSpacing\"><b>Ecrit par <i>Delphine Girard<\/i>, il est <\/b><b><span lang=\"EN-US\">intitul\u00e9\u00a0 :<\/span><\/b><\/p>\n<p class=\"x_ydp9b9ac631yiv5924976240ydp3a234591MsoNoSpacing\"><b><span lang=\"EN-US\">\u00a0<\/span><\/b><\/p>\n<p class=\"x_ydp9b9ac631yiv5924976240ydp3a234591MsoNoSpacing\" align=\"center\"><b><span lang=\"EN-US\">\u201c<\/span><\/b><b>Quand un rappeur donne de sa voix<\/b><\/p>\n<p class=\"x_ydp9b9ac631yiv5924976240ydp3a234591MsoNoSpacing\" align=\"center\"><b>pour soutenir les enseignants \u00bb<\/b><\/p>\n<p class=\"x_ydp9b9ac631yiv5924976240ydp3a234591MsoNoSpacing\"><b>Il a \u00e9t\u00e9 extrait du\u00a0 num\u00e9ro 595 (f\u00e9vrier 2022) de\u00a0<i>L\u2019AP<\/i>, magazine mensuel du Syndicat national de l\u2019enseignement technique action autonome-FO.<\/b><\/p>\n<p class=\"x_ydp9b9ac631yiv5924976240ydp3a234591MsoNoSpacing\"><b>On y d\u00e9couvrira des \u00e9l\u00e9ments essentiels\u00a0 \u00e9nonc\u00e9s \u00a0avec lucidit\u00e9 et courage\u00a0. Ainsi\u00a0:<\/b><\/p>\n<p class=\"x_ydp9b9ac631yiv5924976240ydp3a234591MsoNoSpacing\"><b><span lang=\"EN-US\">&#8211;<i>\u00abQue de chemin il nous reste \u00e0 parcourir dans la protection des enseignants et dans la d\u00e9fense de nos enseignements les plus attaqu\u00e9s par le grand retour du pros\u00e9lytisme religieux\u00a0\u00a0\u00bb<\/i><\/span><\/b><\/p>\n<p class=\"x_ydp9b9ac631yiv5924976240ydp3a234591MsoNoSpacing\"><b><i><span lang=\"EN-US\">-\u00abCette histoire singuli\u00e8re nous dit aujourd\u2019hui quelque chose de terrible pour l\u2019\u00c9cole et pour la R\u00e9publique : elle dit que nous sommes, dans nos classes, guett\u00e9s, attendus, scrut\u00e9s\u00a0\u00bb<\/span><\/i><\/b><\/p>\n<p class=\"x_ydp9b9ac631yiv5924976240ydp3a234591MsoNoSpacing\"><b><i><span lang=\"EN-US\">-\u00abLa libert\u00e9 p\u00e9dagogique, la libert\u00e9 d\u2019apprendre, la libert\u00e9 de circulation de tous les savoirs ne se n\u00e9gocieront pas<\/span><\/i><\/b><b><span lang=\"EN-US\">\u00a0\u00bb<\/span><\/b><\/p>\n<p class=\"x_ydp9b9ac631yiv5924976240ydp3a234591MsoNoSpacing\"><b><span lang=\"EN-US\">Que\u00a0 <i>Catherine Kintzler<\/i> et <i>Delphine Girard<\/i> soient remerci\u00e9es pour leurs contributions exceptionnelles .<\/span><\/b><\/p>\n","protected":false},"excerpt":{"rendered":"<p>L&rsquo;information\u00a0 relative\u00a0 \u00e0 l&rsquo;\u00e9v\u00e8nement singulier qui eut cours\u00a0 le 8 d\u00e9cembre 2020\u00a0 au Coll\u00e8ge public\u00a0\u00ab\u00a0Le Village\u00a0\u00bb\u00a0de\u00a0 Trappes (F-78190) r\u00e9v\u00e9l\u00e9e dans les colonnes du Parisien par Nicolas Goinard du 16 janvier 2021(URL1) puis reprise\u00a0 par Norbert Scanella dans \u00a0Le Figaro\u00a0 du <a class=\"more-link\" href=\"https:\/\/asvpnf.com\/index.php\/2022\/03\/08\/les-menees-obscurantistes-contre-la-science-les-savoirs-et-la-raison-nont-pas-leur-place-a-lecole-laique-de-la-republique\/\">En lire plus &#8230;<\/a><\/p>\n","protected":false},"author":9,"featured_media":0,"comment_status":"closed","ping_status":"closed","sticky":false,"template":"","format":"standard","meta":{"spay_email":""},"categories":[10],"tags":[47],"jetpack_featured_media_url":"","_links":{"self":[{"href":"https:\/\/asvpnf.com\/index.php\/wp-json\/wp\/v2\/posts\/6355"}],"collection":[{"href":"https:\/\/asvpnf.com\/index.php\/wp-json\/wp\/v2\/posts"}],"about":[{"href":"https:\/\/asvpnf.com\/index.php\/wp-json\/wp\/v2\/types\/post"}],"author":[{"embeddable":true,"href":"https:\/\/asvpnf.com\/index.php\/wp-json\/wp\/v2\/users\/9"}],"replies":[{"embeddable":true,"href":"https:\/\/asvpnf.com\/index.php\/wp-json\/wp\/v2\/comments?post=6355"}],"version-history":[{"count":1,"href":"https:\/\/asvpnf.com\/index.php\/wp-json\/wp\/v2\/posts\/6355\/revisions"}],"predecessor-version":[{"id":6357,"href":"https:\/\/asvpnf.com\/index.php\/wp-json\/wp\/v2\/posts\/6355\/revisions\/6357"}],"wp:attachment":[{"href":"https:\/\/asvpnf.com\/index.php\/wp-json\/wp\/v2\/media?parent=6355"}],"wp:term":[{"taxonomy":"category","embeddable":true,"href":"https:\/\/asvpnf.com\/index.php\/wp-json\/wp\/v2\/categories?post=6355"},{"taxonomy":"post_tag","embeddable":true,"href":"https:\/\/asvpnf.com\/index.php\/wp-json\/wp\/v2\/tags?post=6355"}],"curies":[{"name":"wp","href":"https:\/\/api.w.org\/{rel}","templated":true}]}}