{"id":6361,"date":"2022-03-10T20:44:02","date_gmt":"2022-03-10T19:44:02","guid":{"rendered":"https:\/\/asvpnf.com\/?p=6361"},"modified":"2022-03-10T21:06:53","modified_gmt":"2022-03-10T20:06:53","slug":"8-mars-2022-journee-internationale-des-droits-des-femmes","status":"publish","type":"post","link":"https:\/\/asvpnf.com\/index.php\/2022\/03\/10\/8-mars-2022-journee-internationale-des-droits-des-femmes\/","title":{"rendered":"8 mars 2022  : journ\u00e9e internationale   des   droits des femmes"},"content":{"rendered":"<p class=\"x_ydp6d0aa94ayiv5036554271ydp3a42c5ffMsoNormal\"><span style=\"font-size: 12pt\"><b><span lang=\"EN-US\">Des droits \u00a0\u00e0 faire valoir sans concession et \u00e0 mettre en application jusqu&rsquo;aux derniers recoins de la plan\u00e8te \u00e0 c\u00f4t\u00e9 des devoirs qu&rsquo;elles assument largement et patiemment. Mais que peuvent-elles\u00a0 contre la barbarie et la folie des hommes ? C&rsquo;est la question \u00a0lancinante qui s&rsquo;impose de nouveau en ce mois de mars 2022 lorsque le ma\u00eetre \u00e0 vie du Kremlin, voulant reconstituer son empire,\u00a0 a lanc\u00e9 son arm\u00e9e \u00e0 la reconqu\u00eate de l\u2019 Ukraine souveraine; celle-ci ayant fait le choix de la libert\u00e9 et de la d\u00e9mocratie.<\/span><\/b><\/span><\/p>\n<p class=\"x_ydp6d0aa94ayiv5036554271ydp3a42c5ffMsoNormal\"><span style=\"font-size: 12pt\"><b><span lang=\"EN-US\">On sait\u00a0 que les femmes ukrainiennes apportent leur\u00a0 force, leur courage , leur intelligence\u00a0 pour lutter et r\u00e9sister \u00e0 l&rsquo;oppresseur. Elles ont le soutien de toutes les femmes du monde sachant bien que pas une seule\u00a0 d&rsquo;entre elles ,pas plus que celles qui les ont pr\u00e9c\u00e9d\u00e9es sur cette plan\u00e8te, n&rsquo;aurait \u00e9t\u00e9 capable de pareille agression contre l&rsquo;humanit\u00e9 et contre l&rsquo;humanisme. <i>Il n&rsquo;y a pas au monde une femme qui soit n\u00e9e pour cela<\/i>\u00a0 !\u00a0 Et elles en sont \u00e0 mendier leurs droits !<\/span><\/b><\/span><\/p>\n<p class=\"x_ydp6d0aa94ayiv5036554271ydp3a42c5ffMsoNormal\"><span style=\"font-size: 12pt\"><b><span lang=\"EN-US\">\u00a0Si d\u00e9j\u00e0 le respect des hommes leur \u00e9tait assur\u00e9 !\u00a0 Ce n&rsquo;est pas le cas. C&rsquo;est ainsi que l&rsquo;on salue ici l&rsquo;initiative du Collectif du 8 mars pr\u00e9sent\u00e9e dans les colonnes de \u201c<i>Entre les lignes, entre les mots<\/i>\u201d\u00a0et port\u00e9e par le slogan :<\/span><\/b><\/span><\/p>\n<p class=\"x_ydp6d0aa94ayiv5036554271ydp3a42c5ffMsoNormal\" align=\"center\"><span style=\"font-size: 12pt\"><b><span lang=\"EN-US\">Le respect \u00e7a se manifeste!<\/span><\/b><\/span><\/p>\n<p class=\"x_ydp6d0aa94ayiv5036554271ydp3a42c5ffMsoNormal\"><span style=\"font-size: 12pt\"><b><span lang=\"EN-US\"><br aria-hidden=\"true\" \/><br aria-hidden=\"true\" \/><\/span><\/b><\/span><\/p>\n<p class=\"x_ydp6d0aa94ayiv5036554271ydp3a42c5ffMsoNormal\"><span style=\"font-size: 12pt\"><b><span lang=\"EN-US\">Pour ledit collectif\u00a0 le 8 mars, \u201cc\u2019est l\u2019occasion d\u2019affirmer l\u2019importance des luttes pour les droits des femmes, de saluer les combats men\u00e9s en faveur de leur reconnaissance sociale et politique et de poursuivre les batailles pour que leurs droits cessent d\u2019\u00eatre bafou\u00e9s partout sur la plan\u00e8te. C\u2019est un rappel que les droits des femmes ne sont pas respect\u00e9s et que l\u2019\u00e9galit\u00e9 de fait n\u2019est pas atteinte..\u2019\u201d<\/span><\/b><\/span><\/p>\n<p class=\"x_ydp6d0aa94ayiv5036554271ydp3a42c5ffMsoNormal\"><span style=\"font-size: 12pt\"><b><span lang=\"EN-US\">\u201cApr\u00e8s des ann\u00e9es d\u2019aust\u00e9rit\u00e9 n\u00e9olib\u00e9rale qui ont affect\u00e9 grandement les femmes, 2017 et\u00a02018 ont \u00e9t\u00e9 d\u00e9terminantes pour le mouvement f\u00e9ministe partout dans le monde, notamment en raison de l\u2019ampleur et de l\u2019impact de la vague #moiaussi. De plus, la sous-repr\u00e9sentation des femmes dans les sph\u00e8res d\u00e9cisionnelles, les commentaires m\u00e9prisants sur leur corps et leurs v\u00eatements, la place qu\u2019occupe la charge mentale chez les femmes, les abus commis \u00e0 l\u2019endroit des femmes autochtones sont autant de sujets qui ont occup\u00e9 l\u2019espace m\u00e9diatique au cours des derni\u00e8res ann\u00e9es. Il est maintenant temps que des gestes concrets soient pos\u00e9s en faveur de l\u2019\u00e9galit\u00e9 et des droits des femmes, <i>car le respect, c\u2019est une valeur qui se manifeste<\/i>\u00a0!\u201d<\/span><\/b><\/span><\/p>\n<p class=\"x_ydp6d0aa94ayiv5036554271ydp3a42c5ffMsoNormal\"><span style=\"font-size: 12pt\"><b><span lang=\"EN-US\">\u201cLe slogan retenu se veut intemporel et le mot respect, central dans le message, est riche et peut \u00eatre d\u00e9clin\u00e9 de multiples fa\u00e7ons.L\u2019invitation \u00e0 \u00ab\u00a0manifester\u00a0\u00bb son respect est un appel \u00e0 l\u2019action qui peut \u00eatre compris tant sur le plan individuel que collectif. Il y a \u00e9galement un double sens \u00e0 y donner soit celui de la r\u00e9f\u00e9rence aux manifestes politiques qui ont, ici comme ailleurs au cours de l\u2019histoire, marqu\u00e9 les soci\u00e9t\u00e9s&#8230;\u201d Pour plus de d\u00e9tails voir l\u2019URL : :<a class=\"x_ydp6d0aa94ayiv5036554271\" href=\"https:\/\/entreleslignesentrelesmots.blog\/2019\/02\/09\/journee-internationale-des-droits-des-femmes-le-respect-ca-se-manifeste\/\" target=\"_blank\" rel=\"nofollow noopener noreferrer\" data-auth=\"NotApplicable\" data-linkindex=\"0\">https:\/\/entreleslignesentrelesmots.blog\/2019\/02\/09\/journee-internationale-des-droits-des-femmes-le-respect-ca-se-manifeste\/<\/a><\/span><\/b><\/span><\/p>\n<div><span style=\"font-size: 12pt\"><b><span lang=\"EN-US\">La Journ\u00e9e internationale des droits des femmes, officialis\u00e9e par les Nations unies en 1977 et c\u00e9l\u00e9br\u00e9e dans de nombreux pays \u00e0 travers le monde le 8 mars, est une occasion de faire un bilan sur la situation des femmes. Elle est marqu\u00e9e par de tr\u00e8s nombreux \u00e9v\u00e8nements et manifestations \u00e0 travers le monde organis\u00e9s par des mouvements, associations (parmi lesquelles <i>Amnesty International<\/i>) pour f\u00eater les victoires et les acquis en mati\u00e8re de droits des femmes, mais aussi pour faire entendre leurs revendications, afin d\u2019am\u00e9liorer la situation des femmes.<\/span><\/b><\/span><\/div>\n<p>&nbsp;<\/p>\n<p class=\"x_ydp6d0aa94ayiv5036554271ydp3a42c5ffMsoNormal\"><span style=\"font-size: 12pt\"><b><span lang=\"EN-US\">La Journ\u00e9e internationale des droits des femmes, ou journ\u00e9e internationale des femmes pour l&rsquo;ONU, est apparue dans le contexte des mouvements sociaux au tournant du XXe si\u00e8cle en Am\u00e9rique du Nord et en Europe, Cf.l\u2019URL <i>:<a class=\"x_ydp6d0aa94ayiv5036554271\" href=\"https:\/\/www.amnesty.fr\/focus\/8-mars-journee-internationale-des-femmes\" target=\"_blank\" rel=\"nofollow noopener noreferrer\" data-auth=\"NotApplicable\" data-linkindex=\"1\">https:\/\/www.amnesty.fr\/focus\/8-mars-journee-internationale-des-femmes<\/a><\/i><\/span><\/b><\/span><\/p>\n<div><span style=\"font-size: 12pt\"><b>\u00a0<\/b><\/span><\/div>\n<div><span style=\"font-size: 12pt\"><b><span lang=\"EN-US\">\u201cLa Journ\u00e9e des femmes en Europe fut instaur\u00e9e en 1910, \u00e0 l\u2019occasion de la 2e Conf\u00e9rence internationale des femmes socialistes \u00e0 Copenhague, l\u2019Allemande <\/span><\/b><b><span lang=\"EN-US\">Clara Zetkin<\/span><\/b><b><span lang=\"EN-US\">, alors pr\u00e9sidente du Secr\u00e9tariat international des femmes socialistes, proposa l\u2019instauration d\u2019une journ\u00e9e des femmes qui serait c\u00e9l\u00e9br\u00e9e \u00e0 chaque ann\u00e9e pour servir la propagande en vue de l\u2019obtention du droit de vote des femmes. Cette proposition fut approuv\u00e9e \u00e0 l\u2019unanimit\u00e9 par les d\u00e9l\u00e9gu\u00e9es des 17 pays pr\u00e9sents.\u201d<\/span><\/b><\/span><\/div>\n<p class=\"x_ydp6d0aa94ayiv5036554271ydp3a42c5ffMsoNormal\"><span style=\"font-size: 12pt\"><b><i><span lang=\"EN-US\">\u00a0Dans le contexte international pr\u00e9sent (mars 2022), on ne manquera pas de rappeler qu\u2019en \u00a01917\u00a0\u201cdeux millions de soldats russes ayant \u00e9t\u00e9 tu\u00e9s pendant la guerre, <\/span><\/i><\/b><b><i><span lang=\"EN-US\">les femmes russes<\/span><\/i><\/b><b><i><span lang=\"EN-US\"> ont de nouveau choisi le dernier dimanche de f\u00e9vrier pour faire la gr\u00e8ve afin d&rsquo;obtenir \u00ab du pain et la paix \u00bb. Les dirigeants politiques se sont \u00e9lev\u00e9s contre la date choisie pour cette gr\u00e8ve, mais les femmes ont pass\u00e9 outre. Le reste se trouve dans les livres d\u2019histoire : quatre jours plus tard, le tsar a \u00e9t\u00e9 oblig\u00e9 d\u2019abdiquer et le gouvernement provisoire a accord\u00e9 le droit de vote aux femmes.\u201d<\/span><\/i><\/b><\/span><\/p>\n<p class=\"x_ydp6d0aa94ayiv5036554271ydp3a42c5ffMsoNormal\"><span style=\"font-size: 12pt\"><b><i><span lang=\"EN-US\">\u00a0<\/span><\/i><\/b><b><span lang=\"EN-US\">Une terrible le\u00e7on qu\u2019il e\u00fbt fallu retenir !<\/span><\/b><\/span><\/p>\n<p class=\"x_ydp6d0aa94ayiv5036554271ydp3a42c5ffMsoNoSpacing\"><span style=\"font-size: 12pt\"><b><span lang=\"EN-US\">En r\u00e9alit\u00e9 au strict niveau national, on faisait \u00e9tat d\u2019une journ\u00e9e du 8 mars d\u00e9di\u00e9e au <\/span><\/b><b><i>droit des femmes et \u00e0 la paix internationale<\/i><\/b><b><span lang=\"EN-US\">. On annon\u00e7ait une journ\u00e9e d\u2019action. C\u2019<\/span><\/b><b>est\u00a0une journ\u00e9e de rassemblements\u00a0\u00e0 travers le monde et l&rsquo;occasion de\u00a0faire un bilan sur la situation des femmes. Traditionnellement les groupes et associations de femmes militantes pr\u00e9parent des \u00e9v\u00e9nements partout dans le monde pour\u00a0:<\/b><b><\/b><\/span><\/p>\n<p class=\"x_ydp6d0aa94ayiv5036554271ydp3a42c5ffMsoNoSpacing\"><span style=\"font-size: 12pt\"><b>\u00a0\u00a0\u00a0\u00a0\u00a0 &#8211; f\u00eater les victoires et les acquis,<\/b><\/span><\/p>\n<p class=\"x_ydp6d0aa94ayiv5036554271ydp3a42c5ffMsoNoSpacing\"><span style=\"font-size: 12pt\"><b>\u00a0\u00a0\u00a0\u00a0\u00a0 &#8211; faire entendre leurs revendication,\u00a0<\/b><\/span><\/p>\n<p class=\"x_ydp6d0aa94ayiv5036554271ydp3a42c5ffMsoNoSpacing\"><span style=\"font-size: 12pt\"><b>\u00a0\u00a0\u00a0\u00a0 \u00a0&#8211;<\/b> <b>am\u00e9liorer la situation des femmes.<\/b><b><\/b><\/span><\/p>\n<p class=\"x_ydp6d0aa94ayiv5036554271ydp3a42c5ffMsoNoSpacing\"><span style=\"font-size: 12pt\"><b>\u00a0<\/b><\/span><\/p>\n<p class=\"x_ydp6d0aa94ayiv5036554271ydp3a42c5ffMsoNoSpacing\"><span style=\"font-size: 12pt\"><b>C&rsquo;est aussi l&rsquo;occasion de\u00a0mobiliser en faveur des droits des femmes et de leur participation \u00e0 la vie politique et \u00e9conomique.<\/b><\/span><\/p>\n<p class=\"x_ydp6d0aa94ayiv5036554271ydp3a42c5ffMsoNoSpacing\"><span style=\"font-size: 12pt\"><b>\u00a0<\/b><\/span><\/p>\n<p class=\"x_ydp6d0aa94ayiv5036554271ydp3a42c5ffMsoNoSpacing\"><span style=\"font-size: 12pt\"><b>Il est rappel\u00e9 que les Nations Unies d\u00e9finissent chaque ann\u00e9e une th\u00e9matique diff\u00e9rente. Celle de 2022 s\u2019intitule\u00a0:<\/b><\/span><\/p>\n<p class=\"x_ydp6d0aa94ayiv5036554271ydp3a42c5ffMsoNoSpacing\"><span style=\"font-size: 12pt\"><b>\u00a0<\/b><\/span><\/p>\n<p class=\"x_ydp6d0aa94ayiv5036554271ydp3a42c5ffMsoNoSpacing\" align=\"center\"><span style=\"font-size: 12pt\"><b>\u00ab\u00a0L\u2019\u00e9galit\u00e9 aujourd\u2019hui pour un avenir durable\u00a0\u00bb<\/b><\/span><\/p>\n<p class=\"x_ydp6d0aa94ayiv5036554271ydp3a42c5ffMsoNoSpacing\"><span style=\"font-size: 12pt\"><b>en reconnaissance de la contribution des femmes et des filles du monde entier qui m\u00e8nent l\u2019offensive quant \u00e0 l\u2019adaptation et la r\u00e9ponse aux changements climatiques et \u00e0 leur att\u00e9nuation, en faveur de la construction d\u2019un avenir plus durable pour toutes les personnes.\u00a0<\/b><\/span><\/p>\n<p class=\"x_ydp6d0aa94ayiv5036554271ydp3a42c5ffMsoNoSpacing\"><span style=\"font-size: 12pt\"><b><i>Ceci se d\u00e9cline au niveau des institutions scolaires<\/i><\/b><b><i>\u00a0:\u00a0<\/i><\/b><b>Le code de l&rsquo;\u00e9ducation rappelle que\u00a0la transmission de la valeur d&rsquo;\u00e9galit\u00e9 entre les filles et les gar\u00e7ons, les femmes et les hommes, se fait d\u00e8s l&rsquo;\u00e9cole primaire. Cette politique publique est une condition n\u00e9cessaire pour que, progressivement, les st\u00e9r\u00e9otypes s&rsquo;estompent et que d&rsquo;autres mod\u00e8les de comportement se construisent sans discrimination sexiste ni violence. Elle a pour finalit\u00e9 la\u00a0constitution d&rsquo;une culture de l&rsquo;\u00e9galit\u00e9 et du respect mutuel.<\/b><\/span><\/p>\n<div><span style=\"font-size: 12pt\"><b>On pourra compl\u00e9ter son information en se rendant \u00e0 l\u2019adresse\u00a0<\/b><b>:<\/b><b>\u00a0<\/b><a class=\"\" href=\"https:\/\/www.education.gouv.fr\/journee-internationale-des-droits-des-femmes-11900\" target=\"_blank\" rel=\"nofollow noopener noreferrer\" data-auth=\"NotApplicable\" data-linkindex=\"2\">https:\/\/www.education.gouv.fr\/journee-internationale-des-droits-des-femmes-11900<\/a><\/span><\/div>\n<div><\/div>\n","protected":false},"excerpt":{"rendered":"<p>Des droits \u00a0\u00e0 faire valoir sans concession et \u00e0 mettre en application jusqu&rsquo;aux derniers recoins de la plan\u00e8te \u00e0 c\u00f4t\u00e9 des devoirs qu&rsquo;elles assument largement et patiemment. Mais que peuvent-elles\u00a0 contre la barbarie et la folie des hommes ? C&rsquo;est <a class=\"more-link\" href=\"https:\/\/asvpnf.com\/index.php\/2022\/03\/10\/8-mars-2022-journee-internationale-des-droits-des-femmes\/\">En lire plus &#8230;<\/a><\/p>\n","protected":false},"author":9,"featured_media":0,"comment_status":"closed","ping_status":"closed","sticky":false,"template":"","format":"standard","meta":{"spay_email":""},"categories":[10],"tags":[47],"jetpack_featured_media_url":"","_links":{"self":[{"href":"https:\/\/asvpnf.com\/index.php\/wp-json\/wp\/v2\/posts\/6361"}],"collection":[{"href":"https:\/\/asvpnf.com\/index.php\/wp-json\/wp\/v2\/posts"}],"about":[{"href":"https:\/\/asvpnf.com\/index.php\/wp-json\/wp\/v2\/types\/post"}],"author":[{"embeddable":true,"href":"https:\/\/asvpnf.com\/index.php\/wp-json\/wp\/v2\/users\/9"}],"replies":[{"embeddable":true,"href":"https:\/\/asvpnf.com\/index.php\/wp-json\/wp\/v2\/comments?post=6361"}],"version-history":[{"count":2,"href":"https:\/\/asvpnf.com\/index.php\/wp-json\/wp\/v2\/posts\/6361\/revisions"}],"predecessor-version":[{"id":6367,"href":"https:\/\/asvpnf.com\/index.php\/wp-json\/wp\/v2\/posts\/6361\/revisions\/6367"}],"wp:attachment":[{"href":"https:\/\/asvpnf.com\/index.php\/wp-json\/wp\/v2\/media?parent=6361"}],"wp:term":[{"taxonomy":"category","embeddable":true,"href":"https:\/\/asvpnf.com\/index.php\/wp-json\/wp\/v2\/categories?post=6361"},{"taxonomy":"post_tag","embeddable":true,"href":"https:\/\/asvpnf.com\/index.php\/wp-json\/wp\/v2\/tags?post=6361"}],"curies":[{"name":"wp","href":"https:\/\/api.w.org\/{rel}","templated":true}]}}