{"id":6372,"date":"2022-03-12T13:36:32","date_gmt":"2022-03-12T12:36:32","guid":{"rendered":"https:\/\/asvpnf.com\/?p=6372"},"modified":"2022-03-12T13:36:32","modified_gmt":"2022-03-12T12:36:32","slug":"le-poutine-de-2022-estlargementnotre-creation","status":"publish","type":"post","link":"https:\/\/asvpnf.com\/index.php\/2022\/03\/12\/le-poutine-de-2022-estlargementnotre-creation\/","title":{"rendered":"Le Poutine de 2022 est(largement)notre cr\u00e9ation !"},"content":{"rendered":"<p class=\"x_ydpe67a5172MsoNormal\"><b><\/b><span style=\"font-size: 12pt\"><b><span lang=\"EN-US\">Selon <i>Hubert V\u00e9drine<\/i>: \u00abPoutine commet une erreur historique\u00bb ainsi qu&rsquo;il le d\u00e9clare dans un entretien accord\u00e9 au <i>Figaro<\/i> et rapport\u00e9 le 24 f\u00e9vrier2022\u00a0 par\u00a0 <i>Eug\u00e9nie Basti\u00e9<\/i> :\u00a0\u00a0\u00bb\u00a0Pour l\u2019ancien ministre de la R\u00e9publique, qui a toujours plaid\u00e9 pour le dialogue avec la Russie, les Occidentaux portent une part de responsabilit\u00e9 dans la grave d\u00e9rive de Moscou\u00a0\u00bb. (Cf. l&rsquo;URL :<a href=\"https:\/\/www.lefigaro.fr\/vox\/monde\/hubert-vedrine-poutine-commet-une-erreur-historique-20220224\" target=\"_blank\" rel=\"nofollow noopener noreferrer\" data-auth=\"NotApplicable\" data-linkindex=\"0\">https:\/\/www.lefigaro.fr\/vox\/monde\/hubert-vedrine-poutine-commet-une-erreur-historique-20220224<\/a><\/span><\/b><b><span lang=\"EN-US\">)<\/span><\/b><\/span><\/p>\n<p class=\"x_ydpe67a5172MsoNormal\"><span style=\"font-size: 12pt\"><b><span lang=\"EN-US\">Ceci pourrait justifier, au moins partiellement \u00a0l&rsquo;intitul\u00e9\u00a0 quelque peu d\u00e9concertant\u00a0 de la pr\u00e9sente parution . Quoi qu\u2019il en soit les visiteurs y trouveront\u00a0 des propos tenus par l\u2019\u00e9minent diplomate, lors d\u2019interviews accord\u00e9es \u00e0 diff\u00e9rents medias.\u00a0 Faut-il rappeler que\u00a0 <i>Hubert V\u00e9drine<\/i> fut ministre des Affaires \u00e9trang\u00e8res dans le gouvernement Jospin et ancien secr\u00e9taire g\u00e9n\u00e9ral de l\u2019Elys\u00e9e sous la Pr\u00e9sidence de Fran\u00e7ois Mitterrand?<br aria-hidden=\"true\" \/>Faut-il souligner<\/span><\/b><b><span lang=\"EN-US\"> la notori\u00e9t\u00e9 de l\u2019 homme d&rsquo;\u00e9tat en\u00a0 reprenant le propos du Pr\u00e9sident <\/span><\/b><b><span lang=\"EN-US\">\u00a0Jacques Chirac lui-m\u00eame :<\/span><\/b><b><span lang=\"EN-US\">\u00ab\u00a0c<\/span><\/b><b><span lang=\"EN-US\">e qui caract\u00e9rise<i> Hubert V\u00e9drine<\/i>, c&rsquo;est une grande finesse d&rsquo;analyse alli\u00e9e \u00e0 une parfaite ma\u00eetrise des rouages diplomatiques, la fid\u00e9lit\u00e9 \u00e0 des convictions affirm\u00e9es en m\u00eame temps qu&rsquo;une ouverture d&rsquo;esprit \u00e0 rebours de tout esprit dogmatique. \u00c0 cela s&rsquo;ajoute ce qui fait de lui un homme d&rsquo;un commerce toujours agr\u00e9able\u00a0: sa courtoisie, sa pond\u00e9ration naturelle. Hubert V\u00e9drine n&rsquo;est ni le repr\u00e9sentant d&rsquo;une caste, ni celui d&rsquo;un parti. Sa libert\u00e9 de jugement le distingue tout autant des cercles diplomatiques traditionnels. Dans sa conception de la politique \u00e9trang\u00e8re fran\u00e7aise comme dans sa vision du monde, il r\u00e9ussit \u00e0 concilier l&rsquo;exigence gaullienne\u00a0et le pragmatisme\u00a0<a title=\"Fran\u00e7ois Mitterrand\" href=\"https:\/\/fr.wikipedia.org\/wiki\/Fran%C3%A7ois_Mitterrand\" target=\"_blank\" rel=\"nofollow noopener noreferrer\" data-auth=\"NotApplicable\" data-linkindex=\"1\">mitterrandien<\/a>, l&rsquo;attachement profond \u00e0 la souverainet\u00e9 nationale et la conscience \u00e9clair\u00e9e d&rsquo;une n\u00e9cessaire adaptation aux \u00e9volutions de l&rsquo;Histoire\u00a0\u00bb<\/span><\/b><\/span><\/p>\n<div><span style=\"font-size: 12pt\"><b>\u00a0<\/b><\/span><\/div>\n<div><span style=\"font-size: 12pt\"><b><span lang=\"EN-US\">C\u2019est ainsi que l<\/span><span lang=\"EN-US\">es visiteurs de ce site pourront consulter, <\/span><span lang=\"EN-US\"><span style=\"font-size: 14pt\"><a href=\"http:\/\/asvpnf.com\/wp-content\/uploads\/2022\/03\/LE-POUTINE-DE-2022-EST-NOTRE-CREATION.pdf\" target=\"_blank\" rel=\"noopener\">en cliquant ici<\/a><\/span>, des \u00e9l\u00e9ments r\u00e9cents repr\u00e9sentatifs de la pens\u00e9e d&rsquo;<i>Hubert V\u00e9drine <\/i>s\u2019agissant des facteurs d\u00e9terminants ayant conduit le Pr\u00e9sident Poutine\u00a0 \u00e0 lancer l\u2019invasion de l\u2018Ukraine par les troupes russes. Cette invasion \u00a0y est nonobstant condamn\u00e9e avec la plus grande fermet\u00e9.<\/span><br aria-hidden=\"true\" \/><\/b><\/span><\/div>\n<div><\/div>\n","protected":false},"excerpt":{"rendered":"<p>Selon Hubert V\u00e9drine: \u00abPoutine commet une erreur historique\u00bb ainsi qu&rsquo;il le d\u00e9clare dans un entretien accord\u00e9 au Figaro et rapport\u00e9 le 24 f\u00e9vrier2022\u00a0 par\u00a0 Eug\u00e9nie Basti\u00e9 :\u00a0\u00a0\u00bb\u00a0Pour l\u2019ancien ministre de la R\u00e9publique, qui a toujours plaid\u00e9 pour le dialogue avec <a class=\"more-link\" href=\"https:\/\/asvpnf.com\/index.php\/2022\/03\/12\/le-poutine-de-2022-estlargementnotre-creation\/\">En lire plus &#8230;<\/a><\/p>\n","protected":false},"author":9,"featured_media":0,"comment_status":"closed","ping_status":"closed","sticky":false,"template":"","format":"standard","meta":{"spay_email":""},"categories":[10],"tags":[47],"jetpack_featured_media_url":"","_links":{"self":[{"href":"https:\/\/asvpnf.com\/index.php\/wp-json\/wp\/v2\/posts\/6372"}],"collection":[{"href":"https:\/\/asvpnf.com\/index.php\/wp-json\/wp\/v2\/posts"}],"about":[{"href":"https:\/\/asvpnf.com\/index.php\/wp-json\/wp\/v2\/types\/post"}],"author":[{"embeddable":true,"href":"https:\/\/asvpnf.com\/index.php\/wp-json\/wp\/v2\/users\/9"}],"replies":[{"embeddable":true,"href":"https:\/\/asvpnf.com\/index.php\/wp-json\/wp\/v2\/comments?post=6372"}],"version-history":[{"count":1,"href":"https:\/\/asvpnf.com\/index.php\/wp-json\/wp\/v2\/posts\/6372\/revisions"}],"predecessor-version":[{"id":6374,"href":"https:\/\/asvpnf.com\/index.php\/wp-json\/wp\/v2\/posts\/6372\/revisions\/6374"}],"wp:attachment":[{"href":"https:\/\/asvpnf.com\/index.php\/wp-json\/wp\/v2\/media?parent=6372"}],"wp:term":[{"taxonomy":"category","embeddable":true,"href":"https:\/\/asvpnf.com\/index.php\/wp-json\/wp\/v2\/categories?post=6372"},{"taxonomy":"post_tag","embeddable":true,"href":"https:\/\/asvpnf.com\/index.php\/wp-json\/wp\/v2\/tags?post=6372"}],"curies":[{"name":"wp","href":"https:\/\/api.w.org\/{rel}","templated":true}]}}