{"id":6385,"date":"2022-03-30T17:32:18","date_gmt":"2022-03-30T16:32:18","guid":{"rendered":"https:\/\/asvpnf.com\/?p=6385"},"modified":"2022-03-30T17:32:18","modified_gmt":"2022-03-30T16:32:18","slug":"les-enfants-martyrs-de-riaumont-enquete-sur-un-pensionnat-integriste-un-nouveau-scandale-de-la-pedocriminalite-clericale","status":"publish","type":"post","link":"https:\/\/asvpnf.com\/index.php\/2022\/03\/30\/les-enfants-martyrs-de-riaumont-enquete-sur-un-pensionnat-integriste-un-nouveau-scandale-de-la-pedocriminalite-clericale\/","title":{"rendered":"\u201cLes enfants martyrs de Riaumont  Enqu\u00eate  sur un pensionnat int\u00e9griste\u201d  Un nouveau scandale de la p\u00e9docriminalit\u00e9 cl\u00e9ricale !"},"content":{"rendered":"<p class=\"x_ydpa2d33d91yiv7659631859ydp967ed732MsoNormal\"><span style=\"font-size: 12pt\"><b><span lang=\"EN-US\">\u00ab\u00a0<i>Les<\/i><\/span><\/b><b><i><span lang=\"EN-US\"> enfants martyrs de Riaumont<\/span><\/i><\/b><b><span lang=\"EN-US\">\u00ab\u00a0,tel est le titre singulier d\u2019un ouvrage publi\u00e9 le 2 mars 2022\u00a0 aux \u00a0Editions \u00a0\u00a0\u00a0Rouergue\u00a0\u00a0 <\/span><\/b><b><span lang=\"EN-US\">qui r\u00e9v\u00e8le les abus commis en toute impunit\u00e9 au pensionnat catholique int\u00e9griste de Li\u00e9vin<\/span><\/b><b><span lang=\"EN-US\"> (F-62800). Ceci se passe\u00a0 sur le territoire de la R\u00e9publique fran\u00e7aise,<\/span><\/b><b><span lang=\"EN-US\"> dans le d\u00e9partement du Pas-de-Calais, en r\u00e9gion Hauts-de-France !<\/span><\/b><\/span><\/p>\n<p class=\"x_ydpa2d33d91yiv7659631859ydp967ed732MsoNoSpacing\"><span style=\"font-size: 12pt\"><b><span lang=\"EN-US\">Selon<i> Decitre<\/i> : il s\u2019agit du<\/span><\/b><b><span lang=\"EN-US\"> \u201c scandale de l&rsquo;alliance inf\u00e2me entre int\u00e9grisme catholique, extr\u00eame droite et\u00a0 protection de l&rsquo;enfance . De 1960 \u00e0 2019, des centaines d&rsquo;enfants ont \u00e9t\u00e9 intern\u00e9s dans un foyer, le Village d&rsquo;enfants de Riaumont, fond\u00e9 \u00e0 Li\u00e9vin par le p\u00e8re Albert Revet. Ce religieux, admirateur de l&rsquo;Allemagne nazie, a cr\u00e9\u00e9 une communaut\u00e9 d&rsquo;inspiration scoute o\u00f9 la DDASS pla\u00e7ait des gar\u00e7ons, principalement issus de familles pauvres.<\/span><\/b><\/span><\/p>\n<p class=\"x_ydpa2d33d91yiv7659631859ydp967ed732MsoNoSpacing\"><span style=\"font-size: 12pt\"><b>En 1989, son successeur, le p\u00e8re Jean-Paul Argouarc&rsquo;h, fonde une \u00e9cole priv\u00e9e hors contrat o\u00f9 des familles catholiques traditionalistes inscrivent leurs fils. Aujourd&rsquo;hui, Riaumont est dans le viseur de juges d&rsquo;instruction, suite aux plaintes d\u00e9pos\u00e9es par des pensionnaires victimes de s\u00e9vices et d&rsquo;abus sexuels\u201d Cf.<i> https:\/\/www.decitre.fr\/livres\/les-enfants-martyrs-de-riaumont-9782812623097.html#resume<\/i><\/b><\/span><\/p>\n<p class=\"x_ydpa2d33d91yiv7659631859ydp967ed732MsoNoSpacing\"><span style=\"font-size: 12pt\"><b><span lang=\"EN-US\"><i>Yacha Hajzler<\/i><\/span><\/b><b> <\/b><b><span lang=\"EN-US\">\u00a0\u00e9crit \u00e0 ce propos et pour le compte de <i>France Info<\/i> \u00a0(02\/03\/2022) : \u201c<\/span><\/b><b><span lang=\"EN-US\">\u00a0Dans un livre-enqu\u00eate, la journaliste Ixchel Delaporte retrace l&rsquo;histoire d&rsquo;un pensionnat catholique qui a perp\u00e9tr\u00e9 maltraitances et abus sexuels pendant pr\u00e8s des d\u00e9cennies. Mais \u00e0 Li\u00e9vin, pendant longtemps, personne n&rsquo;a voulu regarder en face les \u00ab\u00a0enfants martyrs de Riaumont.\u00a0\u00bb\u00a0 Ce 18 f\u00e9vrier, 11 personnes \u00e9taient mises en examen par le parquet de B\u00e9thune, accus\u00e9es de\u00a0\u00ab\u00a0viols\u00a0\u00bb, \u00ab\u00a0agressions sexuelles\u00a0\u00bb\u00a0ou\u00a0\u00ab\u00a0maltraitances\u00a0\u00bb,\u00a0sur des enfants de moins de 15 ans. Tous\u00a0travaillaient\u00a0dans un pensionnat catholique traditionnaliste,\u00a0la communaut\u00e9 de la Sainte-Croix de Riaumont, qui entretient historiquement des liens \u00e9troits avec l&rsquo;extr\u00eame-droite fran\u00e7aise.<\/span><\/b><\/span><\/p>\n<p class=\"x_ydpa2d33d91yiv7659631859ydp967ed732MsoNoSpacing\"><span style=\"font-size: 12pt\"><b><span lang=\"EN-US\">Fond\u00e9e en 1960 par Albert Revet, l&rsquo;institution se consacre au\u00a0\u00ab\u00a0redressement\u00a0\u00bb\u00a0et \u00e0 la r\u00e9\u00e9ducation d\u2019enfants pauvres, venus surtout des corons du Nord. Le scandale\u00a0<a href=\"https:\/\/france3-regions.francetvinfo.fr\/hauts-de-france\/riaumont-secouee-scandales-sexuels-que-sait-on-cette-communaute-discrete-1472249.html\" target=\"_blank\" rel=\"nofollow noopener noreferrer\" data-auth=\"NotApplicable\" data-linkindex=\"0\">n&rsquo;\u00e9clate qu&rsquo;en 2018<\/a>, alors que la presse r\u00e9v\u00e8le les enqu\u00eates en cours : plus de 50 ans d&rsquo;abus continus, et d&rsquo;impunit\u00e9. Les premiers t\u00e9moignages de s\u00e9vices \u00e0 l&rsquo;encontre du p\u00e8re Revet pr\u00e9c\u00e8dent m\u00eame l&rsquo;ouverture du pensionnat.\u00a0\u00ab\u00a0Albert Revet \u00e9tait un p\u00e9do-criminel, et quand on cr\u00e9e un lieu ferm\u00e9 o\u00f9 des enfants sont livr\u00e9s \u00e0 eux-m\u00eames, on a un lieu id\u00e9al pour abuser de ces enfants. On ne peut pas affirmer que c&rsquo;\u00e9tait pr\u00e9vu, mais la r\u00e9alit\u00e9 est qu&rsquo;il a pu faire ce qu&rsquo;il a voulu\u00a0\u00bb. Voir l\u2019<\/span><\/b><b><span lang=\"EN-US\">URL : <i>https:\/\/france3-regions.francetvinfo.fr\/hauts-de-france\/pas-calais\/lievin\/les-enfants-martyrs-de-riaumont-un-livre-revele-les-abus-en-toute-impunite-du-pensionnat-catholique-integriste-de-lievin-2481088.html<\/i><\/span><\/b><b><\/b><\/span><\/p>\n<div><span style=\"font-size: 12pt\"><b><span lang=\"EN-US\">Les pratiques \u201cp\u00e9dagogiques\u201d \u00a0\u00e9tonnantes de cette Institution, rapport\u00e9es par <i>France Info,<\/i>\u00a0 retiennent l\u2019attention\u00a0 : \u00ab\u00a0Les t\u00e9moignages des anciens sont tr\u00e8s durs. Au fur et \u00e0 mesure des interviews, on voit revenir certains mots, certaines mani\u00e8res de proc\u00e9der r\u00e9currentes dans les violences physiques et les violences sexuelles. M\u00eame cette \u00e9ducation \u00ab\u00a0\u00e0 la dure\u00a0\u00bb, dans un mode id\u00e9ologique et patriotique, plus proche de la l\u00e9gion \u00e9trang\u00e8re que du scoutisme, c&rsquo;est tr\u00e8s frappant.\u00a0La deuxi\u00e8me chose qui est tr\u00e8s frappante, c&rsquo;est <\/span><\/b><b><i><span lang=\"EN-US\">l&rsquo;abandon collectif de ces enfants par les pouvoirs publics<\/span><\/i><\/b><b><span lang=\"EN-US\">. Il y a eu des alertes.\u00a0\u00bb<\/span><\/b><\/span><\/div>\n<div><span style=\"font-size: 12pt\"><b><span lang=\"EN-US\">\u00a0<\/span><\/b><\/span><\/div>\n<div><span style=\"font-size: 12pt\"><b><span lang=\"EN-US\">Dans <i>Wikipedia<\/i> on peut aussi d\u00e9couvrir\u00a0 :\u00a0<\/span><\/b><b><span lang=\"EN-US\">\u00ab\u00a0Les activit\u00e9s extrascolaires et de plein air sont nombreuses. La p\u00e9dagogie de l&rsquo;\u00e9cole se pr\u00e9sente comme un retour au\u00a0<span class=\"x_ydpa2d33d91yiv7659631859ydp967ed732citation\">\u00ab\u00a0r\u00e9alisme chr\u00e9tien\u00a0\u00bb<\/span>, inspir\u00e9e du scoutisme<span style=\"color: #000000\">\u00a0fond\u00e9 par Baden Powell. L&rsquo;objectif p\u00e9dagogique de l&rsquo;\u00e9cole\u00a0est de r\u00e9aliser une \u00e9ducation\u00a0<\/span><span class=\"x_ydpa2d33d91yiv7659631859ydp967ed732citation\">\u00ab\u00a0pleinement chr\u00e9tienne s&rsquo;inspirant du r\u00e9alisme thomiste et de la p\u00e9dagogie du scoutisme\u00a0\u00bb<\/span>. Les enfants travaillent sur les chantiers en vue de la construction des b\u00e2timents (foyers, ferme, chapelle, local scout, monast\u00e8re), parfois comme application pratique de l&rsquo;enseignement technique dispens\u00e9.\u00a0<\/span><\/b><b><span lang=\"EN-US\">Concernant la p\u00e9dagogie scoute proprement dite, certains la rapprochent d&rsquo;une description donn\u00e9e par l&rsquo;historien du scoutisme\u00a0Jean-Jacques Gauth\u00e9 dans un article du journal Le Monde\u00a0du 2 09 1998\u00a0intitul\u00e9 \u00ab\u00a0Les Petits Soldats du scoutisme\u00a0\u00bb\u00a0:\u00a0<span class=\"x_ydpa2d33d91yiv7659631859ydp967ed732citation\">\u00ab\u00a0D\u00e9fense du vrai scoutisme, puisqu&rsquo;ils estiment que celui-ci a \u00e9t\u00e9 d\u00e9natur\u00e9 par les Scouts de France [\u2026], d\u00e9fense de la vraie foi \u00e0 travers la messe de saint Pie v\u00a0[\u2026], contestation des valeurs issues de la R\u00e9volution de 1789\u00a0[\u2026], r\u00e9f\u00e9rences constantes \u00e0 la contre-r\u00e9volution\u00a0dont ils \u00e9pousent les th\u00e8mes. [\u2026]. Les valeurs qu&rsquo;ils d\u00e9fendent sont celles du d\u00e9passement de soi par des activit\u00e9s physiques exigeantes, de la virilit\u00e9\u00a0se traduisant parfois par un style paramilitaire\u00a0[\u2026] <i>La volont\u00e9 de former une \u00e9lite catholique\u00a0est manifeste.\u00a0\u00bb<\/i><\/span><i> (<a href=\"https:\/\/fr.wikipedia.org\/wiki\/Riaumont\" target=\"_blank\" rel=\"nofollow noopener noreferrer\" data-auth=\"NotApplicable\" data-linkindex=\"1\">https:\/\/fr.wikipedia.org\/wiki\/Riaumont<\/a>)<\/i><\/span><\/b><\/span><\/div>\n<p class=\"x_ydpa2d33d91yiv7659631859ydp967ed732MsoNoSpacing\">\n<div><span style=\"font-size: 12pt\"><b>\u00a0<\/b><\/span><\/div>\n<div><span style=\"font-size: 12pt\"><b><span lang=\"EN-US\">Les visiteurs indign\u00e9s par ces nouvelles r\u00e9v\u00e9lations et fermes \u00e0 les condamner\u00a0<\/span><span lang=\"EN-US\">pourront consulter \u00e0 ce propos l\u2019article paru dans<i> Golias<\/i> le 17 mars 2022 . Ecrit <\/span><i><span lang=\"EN-US\"><a href=\"https:\/\/www.golias-editions.fr\/author\/golias\/\" target=\"_blank\" rel=\"nofollow noopener noreferrer\" data-auth=\"NotApplicable\" data-linkindex=\"2\"><span lang=\"FR\">par<\/span><span lang=\"FR\">\u00a0Ixchel Delaporte<\/span><\/a> <\/span><\/i>(<i>https:\/\/www.golias-editions.fr\/2022\/03\/17\/les-enfants-martyrs-de-riaumont\/)<\/i> sous le m\u00eame intitul\u00e9\u00a0que celui de son ouvrage\u00a0:<\/b><\/span><\/div>\n<p>&nbsp;<\/p>\n<p class=\"x_ydpa2d33d91yiv7659631859ydp967ed732MsoNoSpacing\" align=\"center\"><span style=\"font-size: 12pt\"><b>Les enfants martyrs de Riaumont<\/b><\/span><\/p>\n<p class=\"x_ydpa2d33d91yiv7659631859ydp967ed732MsoNoSpacing\" align=\"center\"><span style=\"font-size: 12pt\"><b>\u00a0<\/b><b>Il est accessible en lecture directe <\/b><b><a href=\"http:\/\/asvpnf.com\/wp-content\/uploads\/2022\/03\/Les-enfants-martyrs-de-Riaumont-def.pdf\" target=\"_blank\" rel=\"noopener\"><span style=\"font-size: 14pt\">en cliquant ici<\/span><\/a><span style=\"font-size: 14pt\">.<\/span><\/b><\/span><\/p>\n<p class=\"x_ydpa2d33d91yiv7659631859ydp967ed732MsoNoSpacing\"><span style=\"font-size: 12pt\"><b>\u00a0<\/b><b>On notera que \u00a0<\/b><b><i>Ixchel Delaporte<\/i><\/b><b> \u00ab\u00a0 est autrice et documentariste. Pour son premier livre, <i>Les Raisins de la mis\u00e8re<\/i>, consacr\u00e9 aux travailleurs pr\u00e9caires du Bordelais et publi\u00e9 en 2018, elle a fait partie des finalistes du prix Albert Londres 2019. Elle est \u00e9galement l&rsquo;autrice de <i>L&rsquo;Affaire Vincent Lambert<\/i>, enqu\u00eate sur une trag\u00e9die familiale (2020) et de Dame de compagnie, en <i>immersion au pays de la vieillesse<\/i> (2021). En 2022 para\u00eet <i>Les Enfants martyrs<\/i> <i>de Riaumont<\/i>, <i>enqu\u00eate sur un pensionnat int\u00e9griste<\/i>\u00a0\u00bb d\u2019apr\u00e8s\u00a0:<\/b><b> <\/b><b><i>https:\/\/www.lecteurs.com\/auteur\/ixchel-delaporte\/4427126<\/i><\/b><b><i>.<\/i><\/b><\/span><\/p>\n<p class=\"x_ydpa2d33d91yiv7659631859ydp967ed732MsoNoSpacing\">\n<p class=\"x_ydpa2d33d91yiv7659631859ydp967ed732MsoNoSpacing\">\n<p class=\"x_ydpa2d33d91yiv7659631859ydp967ed732MsoNoSpacing\"><span style=\"font-size: 12pt\"><b>Nous remercions vivement <i>Christian Terras<\/i>, \u00e9diteur en chef de <i>Golias<\/i> de nous autoriser \u00e0 reproduire\u00a0 l\u2019article de <i>I\u00a0. Delaporte <\/i>.<\/b><\/span><\/p>\n","protected":false},"excerpt":{"rendered":"<p>\u00ab\u00a0Les enfants martyrs de Riaumont\u00ab\u00a0,tel est le titre singulier d\u2019un ouvrage publi\u00e9 le 2 mars 2022\u00a0 aux \u00a0Editions \u00a0\u00a0\u00a0Rouergue\u00a0\u00a0 qui r\u00e9v\u00e8le les abus commis en toute impunit\u00e9 au pensionnat catholique int\u00e9griste de Li\u00e9vin (F-62800). Ceci se passe\u00a0 sur le territoire <a class=\"more-link\" href=\"https:\/\/asvpnf.com\/index.php\/2022\/03\/30\/les-enfants-martyrs-de-riaumont-enquete-sur-un-pensionnat-integriste-un-nouveau-scandale-de-la-pedocriminalite-clericale\/\">En lire plus &#8230;<\/a><\/p>\n","protected":false},"author":9,"featured_media":0,"comment_status":"closed","ping_status":"closed","sticky":false,"template":"","format":"standard","meta":{"spay_email":""},"categories":[10],"tags":[47],"jetpack_featured_media_url":"","_links":{"self":[{"href":"https:\/\/asvpnf.com\/index.php\/wp-json\/wp\/v2\/posts\/6385"}],"collection":[{"href":"https:\/\/asvpnf.com\/index.php\/wp-json\/wp\/v2\/posts"}],"about":[{"href":"https:\/\/asvpnf.com\/index.php\/wp-json\/wp\/v2\/types\/post"}],"author":[{"embeddable":true,"href":"https:\/\/asvpnf.com\/index.php\/wp-json\/wp\/v2\/users\/9"}],"replies":[{"embeddable":true,"href":"https:\/\/asvpnf.com\/index.php\/wp-json\/wp\/v2\/comments?post=6385"}],"version-history":[{"count":2,"href":"https:\/\/asvpnf.com\/index.php\/wp-json\/wp\/v2\/posts\/6385\/revisions"}],"predecessor-version":[{"id":6388,"href":"https:\/\/asvpnf.com\/index.php\/wp-json\/wp\/v2\/posts\/6385\/revisions\/6388"}],"wp:attachment":[{"href":"https:\/\/asvpnf.com\/index.php\/wp-json\/wp\/v2\/media?parent=6385"}],"wp:term":[{"taxonomy":"category","embeddable":true,"href":"https:\/\/asvpnf.com\/index.php\/wp-json\/wp\/v2\/categories?post=6385"},{"taxonomy":"post_tag","embeddable":true,"href":"https:\/\/asvpnf.com\/index.php\/wp-json\/wp\/v2\/tags?post=6385"}],"curies":[{"name":"wp","href":"https:\/\/api.w.org\/{rel}","templated":true}]}}