{"id":6445,"date":"2022-04-19T20:15:47","date_gmt":"2022-04-19T19:15:47","guid":{"rendered":"https:\/\/asvpnf.com\/?p=6445"},"modified":"2022-04-19T20:15:47","modified_gmt":"2022-04-19T19:15:47","slug":"la-fin-des-congregations-religieuses-catholiques-une-aubaine-pour-les-victimes-des-abus-sexuels-commis-au-sein-de-leglise","status":"publish","type":"post","link":"https:\/\/asvpnf.com\/index.php\/2022\/04\/19\/la-fin-des-congregations-religieuses-catholiques-une-aubaine-pour-les-victimes-des-abus-sexuels-commis-au-sein-de-leglise\/","title":{"rendered":"La fin des congr\u00e9gations religieuses catholiques :  une aubaine pour les victimes   des abus sexuels commis au sein de l&rsquo;Eglise ?"},"content":{"rendered":"<div><b>On pourra avantageusement, pour aborder une question ayant trait \u00e0 l&rsquo;origine \u00e0 la vie\u00a0 et au devenir (fondations, suppressions expulsions\u2026) des\u00a0 congr\u00e9gations religieuses catholiques en France, avoir recours- en pr\u00e9alable- \u00e0 quelques r\u00e9f\u00e9rences en se rendant \u00e0 l&rsquo;adresse :<\/b><b><i><a href=\"https:\/\/fr.wikipedia.org\/wiki\/Histoire_des_congr%C3%A9gations_chr%C3%A9tiennes_en_France\" target=\"_blank\" rel=\"nofollow noopener noreferrer\" data-auth=\"NotApplicable\" data-linkindex=\"0\">https:\/\/fr.wikipedia.org\/wiki\/Histoire_des_congr%C3%A9gations_chr%C3%A9tiennes_en_France<\/a><\/i><\/b><b> , \u00e9tant entendu que\u00a0 ceci donne lieu \u00e0 des travaux d&rsquo;Histoire, document\u00e9s.<\/b><\/div>\n<p class=\"x_ydp9b170c7dyiv0651553667ydpce2594d0yiv8205040805ydpd927ba85MsoNoSpacing\"><b>On notera que\u00a0:<\/b><\/p>\n<p class=\"x_ydp9b170c7dyiv0651553667ydpce2594d0yiv8205040805ydpd927ba85MsoNoSpacing\"><b>\u00ab\u00a0Les congr\u00e9gations catholiques\u00a0sont des institutions, approuv\u00e9es par les \u00e9v\u00eaques\u00a0ou les papes, qui se sont cr\u00e9\u00e9es au fil du temps en fonction des besoins ou des crises qui agitaient l\u2019Eglise, et sont l\u2019illustration de l\u2019\u00e9volution de celle-ci.\u00a0 Les novices, aspirant \u00e0 la vie religieuse, deviennent moines\u00a0en s&rsquo;engageant pour toute leur vie par les trois voeux\u00a0d&rsquo;ob\u00e9issance, de chastet\u00e9 et de pauvret\u00e9.\u00a0Moines, moniales, religieux et religieuses vivent dans une communaut\u00e9 dont la vie est organis\u00e9e par une r\u00e8gle. C&rsquo;est pourquoi on consid\u00e8re qu&rsquo;ils forment, au sens large et un peu inexact, le <i>clerg\u00e9 r\u00e9gulier<\/i>. Cependant les moniales et religieuses ne peuvent pas faire canoniquement partie du clerg\u00e9 et \u00e0 strictement parler, les moines qui n&rsquo;ont pas re\u00e7u les ordres sacr\u00e9s sont des <i>la\u00efcs<\/i>\u00ab\u00a0.<\/b><\/p>\n<div><b>Cependant d\u00e8s 2010, le journal\u00a0<i>Le Monde\u00a0<\/i>titrait , sous la plume de <i>St\u00e9phanie Le Bars<\/i>: \u00ab\u00a0<\/b><b><i>Les congr\u00e9gations religieuses vieillissent et peinent \u00e0 attirer les jeunes catholiques<\/i>; <span style=\"font-size: medium\">seuls les ordres ferm\u00e9s et \u00e0 la r\u00e8gle stricte font encore recette, notamment aupr\u00e8s des \u00e9trangers<\/span><\/b><b>.\u00a0\u00bb et r\u00e9v\u00e9lait que\u00a0 \u00ab\u00a0<\/b><b>derri\u00e8re leurs hauts murs parfois mill\u00e9naires, leurs \u00ab\u00a0cl\u00f4tures\u00a0\u00bb myst\u00e9rieuses, leurs tenues immuables, les moines, les moniales et les membres des 400 communaut\u00e9s religieuses pr\u00e9sentes en France ne sont pas \u00e0 l&rsquo;abri des transformations du monde catholique. Ils sont m\u00eame aux avant-postes des \u00e9volutions li\u00e9es \u00e0 la d\u00e9christianisation. Alors que la d\u00e9saffection qui touche les vocations chez les pr\u00eatres se confirme d&rsquo;ann\u00e9e en ann\u00e9e &#8211; avec 83 ordinations, 2010 a atteint un niveau historiquement bas -, le monde des congr\u00e9gations religieuses vieillit et se r\u00e9duit aussi de mani\u00e8re irr\u00e9m\u00e9diable. En \u00e0 peine dix ans, elles ont perdu pr\u00e8s d&rsquo;un tiers de leurs effectifs, chez les hommes et les femmes.\u00a0\u00bb( Cf. l&rsquo;URL\u00a0<i>:\u00a0<a class=\"x_ydp9b170c7dyiv0651553667ydpce2594d0yiv8205040805enhancr_card_0691747526\" href=\"https:\/\/www.lemonde.fr\/societe\/article\/2010\/08\/10\/les-congregations-religieuses-vieillissent-et-peinent-a-attirer-les-jeunes-catholiques_1397552_3224.html\" target=\"_blank\" rel=\"nofollow noopener noreferrer\" data-auth=\"NotApplicable\" data-linkindex=\"1\">Les congr\u00e9gations religieuses vieillissent et peinent \u00e0 attirer les jeunes catholiques<\/a><\/i><\/b><b>).<\/b><\/div>\n<div><b>\u00a0<\/b><\/div>\n<div><b>L&rsquo;\u00e9volution not\u00e9e semble in\u00e9luctable et aussi n&rsquo;est-il pas surprenant de voir para\u00eetre en 2022 un article intitul\u00e9\u00a0 :<\/b><\/div>\n<p class=\"x_ydp9b170c7dyiv0651553667ydpce2594d0yiv8205040805ydpd927ba85MsoNoSpacing\"><b>\u00a0<\/b><\/p>\n<p class=\"x_ydp9b170c7dyiv0651553667ydpce2594d0yiv8205040805ydpd927ba85MsoNoSpacing\" align=\"center\"><b>\u00ab\u00a0Fin des congr\u00e9gations religieuses<\/b><\/p>\n<p class=\"x_ydp9b170c7dyiv0651553667ydpce2594d0yiv8205040805ydpd927ba85MsoNoSpacing\" align=\"center\"><b>et<\/b><\/p>\n<div><b>avenir de leurs propri\u00e9t\u00e9<\/b><\/div>\n<div><b>\u00a0<\/b><\/div>\n<div><b>Publi\u00e9 dans <i>Golias News<\/i> du 7 avril 2022, il est \u00e9crit par\u00a0<i>Jose Aregi,<\/i>\u00a0auteur\u00a0 \u00a0espagnol faisant r\u00e9f\u00e9rence \u00e0 la situation des congr\u00e9gations dans son propre pays et traduit en fran\u00e7ais par\u00a0<i>Edurne Alegria<\/i>.\u00a0 Tout porte \u00e0 croire que les questions fondamentales qu&rsquo;il pose sont transposables \u00e0 notre propre pays. Les visiteurs y auront acc\u00e8s <\/b><b><span style=\"font-size: 14pt\"><a href=\"http:\/\/asvpnf.com\/wp-content\/uploads\/2022\/04\/Fin-des-congregations-religieuses-et-avenir-de-leurs-proprietes.pdf\" target=\"_blank\" rel=\"noopener\">en cliquant ici<\/a><\/span>.<\/b><b>\u00a0<\/b><\/div>\n<p class=\"x_ydp9b170c7dyiv0651553667ydpce2594d0yiv8205040805ydpd927ba85MsoNoSpacing\"><b>\u00a0<\/b><b>Il y appara\u00eet notamment que :<\/b><\/p>\n<p class=\"x_ydp9b170c7dyiv0651553667ydpce2594d0yiv8205040805ydpd927ba85MsoNoSpacing\"><b>\u00a0<\/b><b>1.Les piliers sur lesquels s\u2019est appuy\u00e9e et justifi\u00e9e la vie religieuse, depuis ses d\u00e9buts jusqu\u2019\u00e0 nos jours, se sont <\/b><b>effondr\u00e9s<\/b><b>,<\/b><\/p>\n<p class=\"x_ydp9b170c7dyiv0651553667ydpce2594d0yiv8205040805ydpd927ba85MsoNoSpacing\"><b>\u00a0<\/b><b>2.Dans deux ou trois d\u00e9cennies, l\u2019immense majorit\u00e9 des monast\u00e8res, couvents et maisons religieuses des pays europ\u00e9ens resteront <\/b><b>vides<\/b><b>,<\/b><\/p>\n<p class=\"x_ydp9b170c7dyiv0651553667ydpce2594d0yiv8205040805ydpd927ba85MsoNoSpacing\"><b>3. On ne sait quel destin les congr\u00e9gations r\u00e9serveront \u00e0 leurs temples, sanctuaires et couvents, maisons et propri\u00e9t\u00e9s, en nombre consid\u00e9rable, le jour o\u00f9 leurs communaut\u00e9s viendront \u00e0 <\/b><b>dispara\u00eetre<\/b><b>,\u00a0<\/b><\/p>\n<p class=\"x_ydp9b170c7dyiv0651553667ydpce2594d0yiv8205040805ydpd927ba85MsoNoSpacing\"><b>4.Il conviendrait que\u00a0 ces biens soient\u00a0 <\/b><b>restitu\u00e9s au peuple<\/b><b>, aux institutions publiques, mais non point en les vendant au prix du march\u00e9, car cela reviendrait \u00e0 faire payer une deuxi\u00e8me fois aux contribuables le couvent, l\u2019\u00e9glise ou la propri\u00e9t\u00e9 qu\u2019eux-m\u00eames ou leurs anc\u00eatres (ou les rois et les seigneurs qui les exploit\u00e8rent) offrirent aux congr\u00e9gations.<\/b><\/p>\n<div><b>Au total, il appara\u00eet\u00a0 que l&rsquo;on pourrait\u00a0 disposer ici d&rsquo;une manne financi\u00e8re cons\u00e9quente utilisable pour la r\u00e9paration des dommages caus\u00e9s aux victimes des abus sexuels commis au sein de l&rsquo;Eglise , \u00e0 condition\u00a0 que la l\u00e9gislation le permette et que les institutions concern\u00e9es envisagent pareilles solutions\u2026Comme d\u00e9j\u00e0 mentionn\u00e9 sur ce site le potentiel est immense.<\/b><\/div>\n<div><b>\u00a0<\/b><\/div>\n<div dir=\"ltr\"><b>\u00a0Que <i>Christian Terras<\/i>, r\u00e9dacteur en chef de<i> Golias <\/i>soit remerci\u00e9 d&rsquo;autoriser ce nouvel emprunt !<\/b><\/div>\n","protected":false},"excerpt":{"rendered":"<p>On pourra avantageusement, pour aborder une question ayant trait \u00e0 l&rsquo;origine \u00e0 la vie\u00a0 et au devenir (fondations, suppressions expulsions\u2026) des\u00a0 congr\u00e9gations religieuses catholiques en France, avoir recours- en pr\u00e9alable- \u00e0 quelques r\u00e9f\u00e9rences en se rendant \u00e0 l&rsquo;adresse :https:\/\/fr.wikipedia.org\/wiki\/Histoire_des_congr%C3%A9gations_chr%C3%A9tiennes_en_France , <a class=\"more-link\" href=\"https:\/\/asvpnf.com\/index.php\/2022\/04\/19\/la-fin-des-congregations-religieuses-catholiques-une-aubaine-pour-les-victimes-des-abus-sexuels-commis-au-sein-de-leglise\/\">En lire plus &#8230;<\/a><\/p>\n","protected":false},"author":9,"featured_media":0,"comment_status":"closed","ping_status":"closed","sticky":false,"template":"","format":"standard","meta":{"spay_email":""},"categories":[10],"tags":[47],"jetpack_featured_media_url":"","_links":{"self":[{"href":"https:\/\/asvpnf.com\/index.php\/wp-json\/wp\/v2\/posts\/6445"}],"collection":[{"href":"https:\/\/asvpnf.com\/index.php\/wp-json\/wp\/v2\/posts"}],"about":[{"href":"https:\/\/asvpnf.com\/index.php\/wp-json\/wp\/v2\/types\/post"}],"author":[{"embeddable":true,"href":"https:\/\/asvpnf.com\/index.php\/wp-json\/wp\/v2\/users\/9"}],"replies":[{"embeddable":true,"href":"https:\/\/asvpnf.com\/index.php\/wp-json\/wp\/v2\/comments?post=6445"}],"version-history":[{"count":1,"href":"https:\/\/asvpnf.com\/index.php\/wp-json\/wp\/v2\/posts\/6445\/revisions"}],"predecessor-version":[{"id":6447,"href":"https:\/\/asvpnf.com\/index.php\/wp-json\/wp\/v2\/posts\/6445\/revisions\/6447"}],"wp:attachment":[{"href":"https:\/\/asvpnf.com\/index.php\/wp-json\/wp\/v2\/media?parent=6445"}],"wp:term":[{"taxonomy":"category","embeddable":true,"href":"https:\/\/asvpnf.com\/index.php\/wp-json\/wp\/v2\/categories?post=6445"},{"taxonomy":"post_tag","embeddable":true,"href":"https:\/\/asvpnf.com\/index.php\/wp-json\/wp\/v2\/tags?post=6445"}],"curies":[{"name":"wp","href":"https:\/\/api.w.org\/{rel}","templated":true}]}}