{"id":6481,"date":"2022-05-10T18:54:47","date_gmt":"2022-05-10T17:54:47","guid":{"rendered":"https:\/\/asvpnf.com\/?p=6481"},"modified":"2022-05-10T18:54:47","modified_gmt":"2022-05-10T17:54:47","slug":"77e-anniversaire-de-la-reddition-pure-et-simple-du-3e-reich-du-7-mai-1945-a-reims-fleurissement-du-monument-aux-instituteurs-du-finistere-morts-pour-la-france","status":"publish","type":"post","link":"https:\/\/asvpnf.com\/index.php\/2022\/05\/10\/77e-anniversaire-de-la-reddition-pure-et-simple-du-3e-reich-du-7-mai-1945-a-reims-fleurissement-du-monument-aux-instituteurs-du-finistere-morts-pour-la-france\/","title":{"rendered":"77\u00e8 anniversaire de la reddition pure et simple du 3\u00e8 Reich du 7 mai 1945 \u00e0 Reims   Fleurissement du Monument aux Instituteurs du Finist\u00e8re Morts pour la France"},"content":{"rendered":"<p class=\"x_ydpd9d9bb97yiv1423680317ydpa3d66a31MsoNoSpacing\"><b>Les\u00a0actes de capitulation du Troisi\u00e8me Reich\u00a0sont constitu\u00e9s par les deux versions de l\u2019<i>Acte de reddition militaire<\/i>, en anglais\u00a0<\/b><b><i><span lang=\"EN\">Act of military surrender<\/span><\/i><\/b><b>.\u00a0<\/b><b>Ils constituent le texte l\u00e9gal de\u00a0<\/b><b>\u00a0\u00a0la capitulation du 3\u00e8 Reich\u00a0par lequel le\u00a0Commandement des forces arm\u00e9es allemandes\u00a0s&rsquo;est rendu de mani\u00e8re simultan\u00e9e, sans condition, aux hauts commandements supr\u00eames des forces exp\u00e9ditionnaires alli\u00e9es en Europe\u00a0\u00a0et de l&rsquo;Union Sovi\u00e9tique, \u00e0 la fin de la\u00a0 Seconde Guerre mondiale en Europe.<\/b><\/p>\n<p class=\"x_ydpd9d9bb97yiv1423680317ydpa3d66a31MsoNoSpacing\"><b>La premi\u00e8re capitulation a \u00e9t\u00e9 sign\u00e9e \u00e0 Reims\u00a0le\u00a07 mai 1945\u00a0\u00e0\u00a02\u00a0h\u00a041, la seconde \u00e0 Berlin\u00a0le 8 mai 1945\u00a0\u00a0\u00e0\u00a023\u00a0h 01, heure de Berlin, soit le\u00a09 mai 1945\u00a0\u00e0\u00a01\u00a0h 01, heure de Moscou(d&rsquo;apr\u00e8s <i>Wikipedia<\/i> )<\/b><\/p>\n<p class=\"x_ydpd9d9bb97yiv1423680317ydpa3d66a31MsoNoSpacing\"><b>Pour notre part, en ce 8 mai 2022, nous rendons hommage \u00e0 nos camarades\u00a0 institutrices et instituteurs morts pour la France au cours des combats meurtriers de cette guerre, \u00a0lors des\u00a0 actes de r\u00e9sistance \u00e0 l&rsquo;ennemi et suite aux actes de barbarie de l\u2019occupant.\u00a0Ils \u00e9taient de ceux qui \u00e9crivaient avant le sacrifice supr\u00eame :\u00a0<\/b><\/p>\n<p class=\"x_ydpd9d9bb97yiv1423680317ydpa3d66a31MsoNoSpacing\"><b><i>\u00a0 \u00ab\u00a0Nous mourrons avec l&rsquo;espoir que ceux qui resteront auront la libert\u00e9 et le bien \u00eatre\u00a0\u00bb.<\/i><\/b><\/p>\n<p class=\"x_ydpd9d9bb97yiv1423680317ydpa3d66a31MsoNoSpacing\"><b>\u00a0<\/b><b>Nous en avons \u00e9t\u00e9 les b\u00e9n\u00e9ficiaires\u00a0;\u00a0 c\u00e9l\u00e9brons leur m\u00e9moire !<\/b><\/p>\n<p class=\"x_ydpd9d9bb97yiv1423680317ydpa3d66a31MsoNoSpacing\"><b>\u00a0<\/b><b>Les visiteurs de ce site\u00a0 pourront consulter\u00a0, en cliquant\u00a0 sur document :<\/b><\/p>\n<p class=\"x_ydpd9d9bb97yiv1423680317ydpa3d66a31MsoNoSpacing\"><b><span style=\"font-size: 14pt\"><a href=\"http:\/\/asvpnf.com\/wp-content\/uploads\/2022\/05\/Document-1-.pdf\" target=\"_blank\" rel=\"noopener\">Document 1<\/a><\/span>.\u00a0 Le message de l&rsquo;ASVPNF\u00a0 du 8 mai 2022.<\/b><\/p>\n<p class=\"x_ydpd9d9bb97yiv1423680317ydpa3d66a31MsoNoSpacing\"><b><span style=\"font-size: 14pt\"><a href=\"http:\/\/asvpnf.com\/wp-content\/uploads\/2022\/05\/Document-2-Fleurissement-8-mai-2022.pdf\" target=\"_blank\" rel=\"noopener\">Document 2 <\/a><\/span>. Trois photos en date du 8 mai 2022 du Monument aux Instituteurs du Finist\u00e8re\u00a0 morts pour la France.\u00a0<\/b><\/p>\n<div><b>Nous remercions vivement Mme <i>Y\u00a0. Douguet<\/i> de nous avoir autoris\u00e9 \u00e0 reproduire \u00a0les\u00a0 photographies illustrant cette parution.<\/b><\/div>\n","protected":false},"excerpt":{"rendered":"<p>Les\u00a0actes de capitulation du Troisi\u00e8me Reich\u00a0sont constitu\u00e9s par les deux versions de l\u2019Acte de reddition militaire, en anglais\u00a0Act of military surrender.\u00a0Ils constituent le texte l\u00e9gal de\u00a0\u00a0\u00a0la capitulation du 3\u00e8 Reich\u00a0par lequel le\u00a0Commandement des forces arm\u00e9es allemandes\u00a0s&rsquo;est rendu de mani\u00e8re simultan\u00e9e, <a class=\"more-link\" href=\"https:\/\/asvpnf.com\/index.php\/2022\/05\/10\/77e-anniversaire-de-la-reddition-pure-et-simple-du-3e-reich-du-7-mai-1945-a-reims-fleurissement-du-monument-aux-instituteurs-du-finistere-morts-pour-la-france\/\">En lire plus &#8230;<\/a><\/p>\n","protected":false},"author":9,"featured_media":0,"comment_status":"closed","ping_status":"closed","sticky":false,"template":"","format":"standard","meta":{"spay_email":""},"categories":[11],"tags":[],"jetpack_featured_media_url":"","_links":{"self":[{"href":"https:\/\/asvpnf.com\/index.php\/wp-json\/wp\/v2\/posts\/6481"}],"collection":[{"href":"https:\/\/asvpnf.com\/index.php\/wp-json\/wp\/v2\/posts"}],"about":[{"href":"https:\/\/asvpnf.com\/index.php\/wp-json\/wp\/v2\/types\/post"}],"author":[{"embeddable":true,"href":"https:\/\/asvpnf.com\/index.php\/wp-json\/wp\/v2\/users\/9"}],"replies":[{"embeddable":true,"href":"https:\/\/asvpnf.com\/index.php\/wp-json\/wp\/v2\/comments?post=6481"}],"version-history":[{"count":1,"href":"https:\/\/asvpnf.com\/index.php\/wp-json\/wp\/v2\/posts\/6481\/revisions"}],"predecessor-version":[{"id":6484,"href":"https:\/\/asvpnf.com\/index.php\/wp-json\/wp\/v2\/posts\/6481\/revisions\/6484"}],"wp:attachment":[{"href":"https:\/\/asvpnf.com\/index.php\/wp-json\/wp\/v2\/media?parent=6481"}],"wp:term":[{"taxonomy":"category","embeddable":true,"href":"https:\/\/asvpnf.com\/index.php\/wp-json\/wp\/v2\/categories?post=6481"},{"taxonomy":"post_tag","embeddable":true,"href":"https:\/\/asvpnf.com\/index.php\/wp-json\/wp\/v2\/tags?post=6481"}],"curies":[{"name":"wp","href":"https:\/\/api.w.org\/{rel}","templated":true}]}}