{"id":6486,"date":"2022-05-11T17:25:44","date_gmt":"2022-05-11T16:25:44","guid":{"rendered":"https:\/\/asvpnf.com\/?p=6486"},"modified":"2022-05-11T17:25:44","modified_gmt":"2022-05-11T16:25:44","slug":"ecoles-privees-sans-contrat-et-deni-des-lois-de-la-republique-en-2022","status":"publish","type":"post","link":"https:\/\/asvpnf.com\/index.php\/2022\/05\/11\/ecoles-privees-sans-contrat-et-deni-des-lois-de-la-republique-en-2022\/","title":{"rendered":"Ecoles priv\u00e9es  sans contrat  et   d\u00e9ni des lois de la R\u00e9publique en 2022"},"content":{"rendered":"<p class=\"x_ydp36c0f0d1yiv1625478014ydp6efa46aayiv9006625212ydp751fc052MsoNoSpacing\"><span style=\"font-size: 12pt\"><b><span lang=\"EN-US\">\u201cUn\u00a0\u00e9tablissement scolaire priv\u00e9 hors contrat en France\u00a0est un \u00e9tablissement qui n&rsquo;a pas sign\u00e9 d&rsquo;accord avec l&rsquo;\u00c9tat fran\u00e7ais\u00a0et ne re\u00e7oit donc aucune subvention de l&rsquo;\u00c9tat ce qui le diff\u00e9rencie du reste de l&rsquo;enseignement priv\u00e9 en France. <\/span><\/b><\/span><\/p>\n<p class=\"x_ydp36c0f0d1yiv1625478014ydp6efa46aayiv9006625212ydp751fc052MsoNoSpacing\"><span style=\"font-size: 12pt\"><b><span lang=\"EN-US\">Il est ainsi financ\u00e9 uniquement par des fonds priv\u00e9s et n&rsquo;a pas l&rsquo;obligation de respecter le volume horaire d&rsquo;enseignement ni les programmes scolaires, tout en restant tenu de faire progresser les \u00e9l\u00e8ves sur le socle commun de comp\u00e9tences, de connaissances et de culture. <\/span><\/b><\/span><\/p>\n<p class=\"x_ydp36c0f0d1yiv1625478014ydp6efa46aayiv9006625212ydp751fc052MsoNoSpacing\"><span style=\"font-size: 12pt\"><b><span lang=\"EN-US\">Il concerne des \u00e9coles la\u00efques ou confessionnelles de toutes religions, \u00e0 p\u00e9dagogies alternatives (???)\u00a0. Parmi ces derni\u00e8res, les plus connues sont sans doute des \u00e9coles appliquant la p\u00e9dagogie Montessori\u00a0de mani\u00e8re non compatible avec les programmes scolaires mais on trouve aussi les \u00e9coles anthroposophiques\u00a0\u00a0du mouvement occultiste Steiner-Waldorf, des \u00e9coles d\u00e9mocratiques type Sudbury ou Summerhill , des \u00e9coles diverses radicalisantes et, pourquoi pas, des \u00e9coles \u00ab\u00a0ind\u00e9pendantes\u00a0\u00bb&#8230;<\/span><\/b><\/span><\/p>\n<p class=\"x_ydp36c0f0d1yiv1625478014ydp6efa46aayiv9006625212ydp751fc052MsoNoSpacing\"><span style=\"font-size: 12pt\"><b><span lang=\"EN-US\">En France, la libert\u00e9 de l&rsquo;enseignement\u00a0\u00a0fait partie des principes fondamentaux. C&rsquo;est l&rsquo;enseignement public\u00a0qui domine largement le paysage \u00e9ducatif, scolarisant 12 millions d&rsquo;\u00e9l\u00e8ves sur les 15 millions d&rsquo;\u00e9l\u00e8ves scolaris\u00e9s.\u00a0 L&rsquo;enseignement priv\u00e9 qui, lui, scolarise plus de 2 millions d&rsquo;\u00e9l\u00e8ves, existe sous quatre formes\u00a0:<\/span><\/b><\/span><\/p>\n<p class=\"x_ydp36c0f0d1yiv1625478014ydp6efa46aayiv9006625212ydp751fc052MsoNoSpacing\"><span style=\"font-size: 12pt\"><b><span lang=\"EN-US\">-Enseignement priv\u00e9 sous contrat d&rsquo;association avec l&rsquo;\u00e9tat : 2,2 millions d&rsquo;\u00e9l\u00e8ves en 2017. Cet enseignement d\u00e9pend souvent de l&rsquo;enseignement catholique;<\/span><\/b><\/span><\/p>\n<p class=\"x_ydp36c0f0d1yiv1625478014ydp6efa46aayiv9006625212ydp751fc052MsoNoSpacing\"><span style=\"font-size: 12pt\"><b><span lang=\"EN-US\">-Enseignement priv\u00e9 sous contrat simple, plus rare\u00a0;<\/span><\/b><\/span><\/p>\n<p class=\"x_ydp36c0f0d1yiv1625478014ydp6efa46aayiv9006625212ydp751fc052MsoNoSpacing\"><span style=\"font-size: 12pt\"><b><span lang=\"EN-US\">-Enseignement priv\u00e9 hors contrat, marginal, scolarise environ 73\u00a0000\u00a0\u00e9l\u00e8ves\u00a0;<\/span><\/b><\/span><\/p>\n<p class=\"x_ydp36c0f0d1yiv1625478014ydp6efa46aayiv9006625212ydp751fc052MsoNoSpacing\"><span style=\"font-size: 12pt\"><b><span lang=\"EN-US\">-Enseignement familial par la famille, plus rare.<\/span><\/b><\/span><\/p>\n<p class=\"x_ydp36c0f0d1yiv1625478014ydp6efa46aayiv9006625212ydp751fc052MsoNoSpacing\"><span style=\"font-size: 12pt\"><b><span lang=\"EN-US\">Ces divers \u00e9tablissements existent tant au niveau des \u00e9coles maternelles et \u00e9coles primaire\u00a0qu&rsquo;au niveau des coll\u00e8ges et lyc\u00e9es . En 2020, les \u00e9tablissements scolaires hors contrat sont au nombre de 1571, dont 30\u00a0% revendiquent une appartenance religieuse (17\u00a0% catholiques, 5\u00a0% musulmanes, 4\u00a0% juives et 4\u00a0% protestantes). Les 70\u00a0% restants, non confessionnels, sont g\u00e9n\u00e9ralement\u00a0\u00a0des \u00e9coles bilingues ou utilisant la\u00a0 m\u00e9thode Montessori oula m\u00e9thode Steiner(d&rsquo;apr\u00e8s\u00a0 <i>Wikipedia<\/i> :<i><a href=\"https:\/\/fr.wikipedia.org\/wiki\/Enseignement_priv%C3%A9_hors_contrat\" target=\"_blank\" rel=\"nofollow noopener noreferrer\" data-auth=\"NotApplicable\" data-linkindex=\"0\">https:\/\/fr.wikipedia.org\/wiki\/Enseignement_priv%C3%A9_hors_contrat<\/a>\u00a0)<\/i><\/span><\/b><\/span><\/p>\n<p class=\"x_ydp36c0f0d1yiv1625478014ydp6efa46aayiv9006625212ydp751fc052MsoNoSpacing\"><span style=\"font-size: 12pt\"><b><span lang=\"EN-US\">Selon <i>Thomas Jallaud<\/i>\u00a0,\u00a0\u00a0<\/span><\/b><b><span lang=\"EN-US\">\u201c<\/span><\/b><b><span lang=\"EN-US\">ce qui caract\u00e9rise l\u2019ensemble des \u00e9coles hors contrat est leur\u00a0libert\u00e9 p\u00e9dagogique. Par d\u00e9finition, ce sont des\u00a0entreprises priv\u00e9es\u00a0(ou associations loi 1901) totalement ind\u00e9pendantes de l\u2019\u00c9ducation nationale et donc libres d\u2019appliquer le projet p\u00e9dagogique qu\u2019elles souhaitent prodiguer. Elles proc\u00e8dent elles-m\u00eames au recrutement de leurs enseignants, et les r\u00e9mun\u00e8rent directement, tandis que les \u00e9coles priv\u00e9es sous contrat voient \u00a0leurs enseignants\u00a0 pay\u00e9s par l\u2019\u00c9ducation nationale.\u00a0\u00bb\u00a0<i><a href=\"https:\/\/www.fabert.com\/orientation-bilans\/Tout-sur-les-%C3%A9coles-hors-contrat.316.html\" target=\"_blank\" rel=\"nofollow noopener noreferrer\" data-auth=\"NotApplicable\" data-linkindex=\"1\">n-bilans\/Tout-sur-les-%C3%A9coles-hors-contrat.316.html<\/a><\/i><\/span><\/b><\/span><\/p>\n<p class=\"x_ydp36c0f0d1yiv1625478014ydp6efa46aayiv9006625212ydp751fc052MsoNoSpacing\"><span style=\"font-size: 12pt\"><b><span lang=\"EN-US\">On retrouvera les instructions officielles concernant les \u00e9tablissements d&rsquo;enseignement scolaire priv\u00e9 sachant que la scolarisation dans un \u00e9tablissement d&rsquo;enseignement scolaire priv\u00e9 est une modalit\u00e9 d&rsquo;exercice de l&rsquo;obligation d&rsquo;instruction.<\/span><\/b><\/span><\/p>\n<p class=\"x_ydp36c0f0d1yiv1625478014ydp6efa46aayiv9006625212ydp751fc052MsoNoSpacing\"><span style=\"font-size: 12pt\"><b><span lang=\"EN-US\"><i>Le code de l\u2019\u00e9ducation <\/i>fixe le statut de ces \u00e9tablissements, par de<i>s <\/i>dispositions issues de deux lois\u00a0:<\/span><\/b><\/span><\/p>\n<p class=\"x_ydp36c0f0d1yiv1625478014ydp6efa46aayiv9006625212ydp751fc052MsoNoSpacing\"><span style=\"font-size: 12pt\"><b><span lang=\"EN-US\">La loi du 31 d\u00e9cembre 1959, dite<i>\u00a0loi \u00ab\u00a0Debr\u00e9\u00a0\u00bb,<\/i> du nom de l\u2019auteur du projet de loi dont elle est issue, alors Premier ministre et ministre de l\u2019\u00e9ducation nationale\u00a0,<\/span><\/b><\/span><\/p>\n<p class=\"x_ydp36c0f0d1yiv1625478014ydp6efa46aayiv9006625212ydp751fc052MsoNoSpacing\"><span style=\"font-size: 12pt\"><b><span lang=\"EN-US\">La loi du 13 avril 2018, dite\u00a0<i>loi \u00ab\u00a0Gatel\u00a0\u00bb,<\/i> du nom de la s\u00e9natrice auteure de la proposition de loi dont elle est issue.<\/span><\/b><\/span><\/p>\n<p class=\"x_ydp36c0f0d1yiv1625478014ydp6efa46aayiv9006625212ydp751fc052MsoNoSpacing\"><span style=\"font-size: 12pt\"><b><span lang=\"EN-US\">Sont regard\u00e9s comme des \u00ab\u00a0\u00e9tablissements d\u2019enseignement scolaire priv\u00e9s\u00a0\u00bb au sens des\u00a0<a href=\"https:\/\/www.legifrance.gouv.fr\/codes\/id\/LEGITEXT000006071191\/\" target=\"_blank\" rel=\"nofollow noopener noreferrer\" data-auth=\"NotApplicable\" data-linkindex=\"2\">articles L.144-1 et suivants du code de l&rsquo;\u00e9ducation<\/a>, tous les lieux o\u00f9 sont accueillis, en vue de leur d\u00e9livrer une instruction, des enfants \u00e2g\u00e9s de trois \u00e0 seize ans, soit en dehors de leur domicile, soit de plus d&rsquo;une famille, soit relevant de ces deux cat\u00e9gories \u00e0 la fois.\u00a0\u00bb<\/span><\/b><\/span><\/p>\n<p class=\"x_ydp36c0f0d1yiv1625478014ydp6efa46aayiv9006625212ydp751fc052MsoNoSpacing\"><span style=\"font-size: 12pt\"><b><i><span lang=\"EN-US\">\u00a0<\/span><\/i><\/b><\/span><\/p>\n<p class=\"x_ydp36c0f0d1yiv1625478014ydp6efa46aayiv9006625212ydp751fc052MsoNoSpacing\"><span style=\"font-size: 12pt\"><b><i><span lang=\"EN-US\">Les conditions de cr\u00e9ation d&rsquo;un \u00e9tablissement d&rsquo;enseignement priv\u00e9<\/span><\/i><\/b><\/span><\/p>\n<p class=\"x_ydp36c0f0d1yiv1625478014ydp6efa46aayiv9006625212ydp751fc052MsoNoSpacing\"><span style=\"font-size: 12pt\"><b><span lang=\"EN-US\">L\u2019ouverture est soumise \u00e0 d\u00e9claration pr\u00e9alable au recteur qui la transmet au maire, au procureur de la R\u00e9publique et au pr\u00e9fet. <\/span><\/b><\/span><\/p>\n<p class=\"x_ydp36c0f0d1yiv1625478014ydp6efa46aayiv9006625212ydp751fc052MsoNoSpacing\"><span style=\"font-size: 12pt\"><b><span lang=\"EN-US\">\u00a0<\/span><\/b><\/span><\/p>\n<p class=\"x_ydp36c0f0d1yiv1625478014ydp6efa46aayiv9006625212ydp751fc052MsoNoSpacing\"><span style=\"font-size: 12pt\"><b><span lang=\"EN-US\">Ces 4 autorit\u00e9s disposent\u00a0chacune\u00a0d\u2019un d\u00e9lai de 3 mois pour s\u2019opposer \u00e0 l\u2019ouverture, pour l\u2019un des motifs suivants\u00a0:<\/span><\/b><\/span><\/p>\n<p class=\"x_ydp36c0f0d1yiv1625478014ydp6efa46aayiv9006625212ydp751fc052MsoNoSpacing\"><span style=\"font-size: 12pt\"><b><span lang=\"EN-US\">L\u2019ordre public ou la protection de l\u2019enfance et de la jeunesse\u00a0;<\/span><\/b><\/span><\/p>\n<p class=\"x_ydp36c0f0d1yiv1625478014ydp6efa46aayiv9006625212ydp751fc052MsoNoSpacing\"><span style=\"font-size: 12pt\"><b><span lang=\"EN-US\">Les conditions p\u00e9nales, de dipl\u00f4me, de nationalit\u00e9, \u00e9ventuellement d\u2019exp\u00e9rience professionnelle, de la personne dirigeant l\u2019\u00e9tablissement, voire de celle l\u2019ouvrant\u00a0;<\/span><\/b><\/span><\/p>\n<p class=\"x_ydp36c0f0d1yiv1625478014ydp6efa46aayiv9006625212ydp751fc052MsoNoSpacing\"><span style=\"font-size: 12pt\"><b><span lang=\"EN-US\">Le caract\u00e8re non scolaire ou non technique de l\u2019\u00e9tablissement.<\/span><\/b><\/span><\/p>\n<p class=\"x_ydp36c0f0d1yiv1625478014ydp6efa46aayiv9006625212ydp751fc052MsoNoSpacing\"><span style=\"font-size: 12pt\"><b><i><span lang=\"EN-US\">\u00a0<\/span><\/i><\/b><\/span><\/p>\n<p class=\"x_ydp36c0f0d1yiv1625478014ydp6efa46aayiv9006625212ydp751fc052MsoNoSpacing\"><span style=\"font-size: 12pt\"><b><i><span lang=\"EN-US\">Les dipl\u00f4mes\u00a0<\/span><\/i><\/b><\/span><\/p>\n<p class=\"x_ydp36c0f0d1yiv1625478014ydp6efa46aayiv9006625212ydp751fc052MsoNoSpacing\"><span style=\"font-size: 12pt\"><b><span lang=\"EN-US\">Ces \u00e9tablissements peuvent\u00a0pr\u00e9parer leurs \u00e9l\u00e8ves aux examens\u00a0afin qu\u2019ils obtiennent les dipl\u00f4mes d\u00e9livr\u00e9s par l\u2019\u00c9tat\u00a0; cette pr\u00e9paration s\u2019effectue dans les m\u00eames conditions que dans les \u00c9PLE si l\u2019\u00e9tablissement est li\u00e9 au service public par contrat<\/span><\/b><b><span lang=\"EN-US\">(voir la suite \u00e0 l&rsquo;URL <i>:<\/i><\/span><\/b><a class=\"x_ydp36c0f0d1yiv1625478014\" href=\"https:\/\/www.education.gouv.fr\/les-etablissements-d-enseignement-scolaire-prives-2942\" target=\"_blank\" rel=\"nofollow noopener noreferrer\" data-auth=\"NotApplicable\" data-linkindex=\"3\">https:\/\/www.education.gouv.fr\/les-etablissements-d-enseignement-scolaire-prives-2942<\/a>)<\/span><\/p>\n<div><span style=\"font-size: 12pt\"><b><span lang=\"EN-US\">Cependant dans \u00a0\u00a0<i>Le Monde\u00a0<\/i>du 9 \u00a0mars 2022 on rel\u00e8ve sous la plume de\u00a0<i>Mattea Battaglia<\/i>\u00a0\u00a0ce titre\u00a0<\/span>:<\/b><br aria-hidden=\"true\" \/><\/span><\/div>\n<div dir=\"ltr\">\n<div>\n<div><span style=\"font-size: 12pt\"><b><span lang=\"EN-US\"><i>\u00a0<\/i><\/span><\/b><\/span><\/div>\n<div><span style=\"font-size: 12pt\"><b><span lang=\"EN-US\"><i>\u00ab\u00a0D&rsquo; importantes d\u00e9rives\u00a0 \u00e9pingl\u00e9es dans des \u00e9tablissements scolaires priv\u00e9s hors contrat.\u00a0\u00bb<\/i><\/span><\/b><\/span><\/div>\n<p class=\"x_ydp36c0f0d1yiv1625478014ydp7e8ae5a3MsoNormal\"><span style=\"font-size: 12pt\"><b><i><span lang=\"EN-US\">\u00a0Selon cet auteur<\/span>,\u00a0\u00ab\u00a0l<\/i><\/b><b><i>e Comit\u00e9 national d\u2019action la\u00efque(Cnal) a pu compulser 164 rapports d\u2019inspections men\u00e9es dans des \u00e9coles catholiques, traditionalistes, mais aussi alternatives ou sans projet p\u00e9dagogique revendiqu\u00e9. La synth\u00e8se qu\u2019il en livre, mercredi 9\u00a0mars, est alarmante. <\/i><\/b><b>C\u2019est l\u2019aboutissement d\u2019un an de recherches. En janvier\u00a02021, le Comit\u00e9 national d\u2019action la\u00efque (Cnal), f\u00e9d\u00e9ration de cinq organisations impliqu\u00e9es sur le terrain de l\u2019\u00e9ducation, demandait \u00e0 chaque inspection d\u2019acad\u00e9mie de lui fournir le<\/b><em>\u00a0<\/em><em>\u00ab\u00a0dernier\u00a0\u00bb<\/em><em>\u00a0<\/em><b>rapport de visite r\u00e9alis\u00e9 dans\u00a0<\/b><em>\u00ab<\/em><em>\u00a0chaque<\/em><em>\u00a0\u00bb<\/em><b>\u00a0\u00e9tablissement priv\u00e9 hors contrat relevant de son p\u00e9rim\u00e8tre. Fa\u00e7on de porter l\u2019attention, au-del\u00e0 de la petite minorit\u00e9 d\u2019\u00e9tablissements musulmans habitu\u00e9e au feu des projecteurs, sur l\u2019ensemble de ces 1\u00a0800 structures qui, en vertu de la libert\u00e9 reconnue de l\u2019enseignement, peuvent accueillir un public scolaire. Aux frais des familles, sans subsides publics, et sans autre obligation que celle de transmettre aux enfants le m\u00eame bagage de connaissances et de comp\u00e9tences \u2013 le \u00ab\u00a0socle commun\u00a0\u00bb \u2013 que celui garanti \u00e0 tout jeune au terme de sa scolarit\u00e9 obligatoire (16\u00a0ans).On pourra consulter la suite en allant \u00e0\u00a0:\u00a0 <\/b><b><i>lemonde.fr\/societe\/article\/2022\/03\/09\/d-importantes-derives-epinglees-dans-des-etablissements-scolaires-prives-hors-contrat_6116828_3224.html<\/i><\/b><\/span><\/p>\n<\/div>\n<\/div>\n<p class=\"x_ydp36c0f0d1yiv1625478014ydp6efa46aayiv9006625212ydp751fc052MsoNoSpacing\"><span style=\"font-size: 12pt\"><b>L\u2019affaire est reprise par <i>Laure Daussy<\/i> le 9 mars 2022\u00a0 dans \u00a0<i>Charlie<\/i> <i>Hebdo\u00a0 et\u00a0<\/i>donne lieu \u00e0 un article faisant \u00e9tat d\u2019\u00a0 \u201c\u00c9coles hors contrat\u00a0: les territoires perdus de l\u2019\u00c9ducation nationale. \u00a0<\/b><b>Il \u00a0y appara\u00eet\u00a0notamment\u00a0:<\/b><\/span><\/p>\n<h1><\/h1>\n<p class=\"x_ydp36c0f0d1yiv1625478014ydp6efa46aayiv9006625212ydp751fc052chchapo\"><span style=\"font-size: 12pt\"><b>\u00ab\u00a0Un monde qui se r\u00e9partit par \u00ab races \u00bb, Vichy qui n\u2019est pas enseign\u00e9&#8230; Voil\u00e0 quelques unes des d\u00e9rives qui ont cours dans plusieurs \u00e9coles hors contrat en France, notamment chez les ultracathos. Le Comit\u00e9 national d\u2019action la\u00efque (Cnal), qui milite pour la la\u00efcit\u00e9 \u00e0 l\u2019\u00e9cole, a lanc\u00e9 une grande enqu\u00eate sur ces \u00e9tablissements priv\u00e9s, en demandant de consulter leurs rapports d\u2019inspection, jamais rendus publics jusque-l\u00e0. Nous avons pu les consulter en exclusivit\u00e9. Malgr\u00e9 plusieurs manquements manifestes, certaines \u00e9coles continuent d\u2019accueillir des enfants. En plus, bien que hors contrat, elles sont financ\u00e9es en partie par de l\u2019argent public\u00a0\u00bb\u2026<\/b><\/span><\/p>\n<p class=\"x_ydp36c0f0d1yiv1625478014ydp6efa46aayiv9006625212ydp751fc052MsoNoSpacing\"><span style=\"font-size: 12pt\"><span lang=\"EN-US\">\u00a0<\/span><b><i><span lang=\"EN-US\">\u00ab\u00a0La libert\u00e9 de l\u2019enseignement ne doit pas \u00eatre pr\u00e9texte \u00e0 un enseignement de mauvaise qualit\u00e9\u00a0<\/span><span lang=\"EN-US\">\u00bb,\u00a0<\/span><\/i><\/b><b><span lang=\"EN-US\">d\u00e9nonce R\u00e9my-Charles Sirvent, secr\u00e9taire g\u00e9n\u00e9ral du Cnal et secr\u00e9taire national du SE-Unsa.<\/span><\/b><\/span><\/p>\n<p><span style=\"font-size: 12pt\"><b>En parall\u00e8le la <i>Gazette des communes<\/i> \u00a0\u00a0titrait le 29 mars 2022\u00a0 \u00a0:<\/b><\/span><\/p>\n<p align=\"center\"><span style=\"font-size: 12pt\"><b>\u201cLes \u00e9coles\u00a0 hors contrat hors de contr\u00f4le\u201d<\/b><\/span><\/p>\n<p><span style=\"font-size: 12pt\"><b>et <i>Mich\u00e8le Foin<\/i> y rappelait que \u00ab\u00a0 le Cnal d\u00e9nonce le manque de transparence des inspections acad\u00e9miques qui, malgr\u00e9 un recours dudit \u00a0Cnal aupr\u00e8s de la Commission d\u2019acc\u00e8s aux documents administratifs (Cada), n\u2019ont transmis que 9% des rapports de visite qu\u2019elles sont cens\u00e9es faire au moins une fois par an.<\/b><\/span><\/p>\n<p><span style=\"font-size: 12pt\"><b>Sur les 1700 \u00e9tablissements hors contrat, le Cnal n\u2019a pu obtenir que 164 rapports, soit 9%. \u00ab\u00a0<i>Cela d\u00e9montre combien l\u2019administration de l\u2019Education nationale est r\u00e9tive \u00e0 la transparence sur cette question<\/i>\u00a0\u00bb, d\u00e9nonce le Cnal dans son enqu\u00eate, d\u2019autant que les rapports manquants concernent surtout les \u00e9tablissements musulmans, juifs et appartenant \u00e0 la mouvance Steiner-Waldorf\u00a0\u00bb.<\/b><\/span><\/p>\n<p class=\"x_ydp36c0f0d1yiv1625478014ydp6efa46aayiv9006625212ydp751fc052MsoNoSpacing\"><span style=\"font-size: 12pt\"><b><span lang=\"EN-US\">On prendra connaissance des pr\u00e9conisations du Cnal en la mati\u00e8re en se rendant \u00e0 <i>: https:\/\/ecoleetsociete.se-unsa.org\/Enquete-du-CNAL-halte-aux-derives-dans-les-etablissements-prives-hors-contrat.<\/i><\/span><\/b><\/span><\/p>\n<div><span style=\"font-size: 12pt\"><b><span lang=\"EN-US\">Les visiteurs de ce site pourront \u00e0 ce propos prendre connaissance d\u2019un article de <i>Alexandre Ballario<\/i> \u00a0paru le 5 mai 2022 dans<i> Golias News \u00a0<\/i>que l&rsquo;on ne peut<i> a priori<\/i> taxer\u00a0 de partialit\u00e9 s\u2019agissant des d\u00e9rives stigmatis\u00e9es par le Cnal .<\/span><\/b><\/span><\/div>\n<div><span style=\"font-size: 12pt\"><b><span lang=\"EN-US\">\u00a0<\/span><\/b><\/span><\/div>\n<div><span style=\"font-size: 12pt\"><b><span lang=\"EN-US\">\u00a0Il \u00a0est intitul\u00e9\u00a0 :<\/span><\/b><\/span><\/div>\n<p class=\"x_ydp36c0f0d1yiv1625478014ydp6efa46aayiv9006625212ydp751fc052MsoNoSpacing\"><span style=\"font-size: 12pt\"><b><span lang=\"EN-US\">\u00a0<\/span><\/b><b>\u00ab<\/b><b><span lang=\"EN-US\"> Le<\/span><\/b><b> grand n\u2019importe quoi du priv\u00e9 hors contrat\u00a0\u00bb\u00a0\u00a0<\/b><\/span><\/p>\n<p class=\"x_ydp36c0f0d1yiv1625478014ydp6efa46aayiv9006625212ydp751fc052MsoNormal\"><span style=\"font-size: 12pt\"><b>Il est accessible soit <\/b><b><span style=\"font-size: 14pt\"><a href=\"http:\/\/asvpnf.com\/wp-content\/uploads\/2022\/05\/Le-grand-nimporte-quoi.pdf\" target=\"_blank\" rel=\"noopener\">en cliquant ici <\/a><\/span>soit en se rendant \u00e0 l\u2019adresse :<\/b> <b><i>https:\/\/www.golias-editions.fr\/2022\/05\/05\/le-grand-nimporte-quoi-du-prive-hors-contrat\/<\/i><\/b><\/span><\/p>\n<p class=\"x_ydp36c0f0d1yiv1625478014ydp6efa46aayiv9006625212ydp751fc052MsoNoSpacing\"><span style=\"font-size: 12pt\"><b><span lang=\"EN-US\">Que<i> Christian Terras, <\/i>R\u00e9dacteur en chef \u00e0<i> Golias, \u00a0<\/i>soit remerci\u00e9 de nous autoriser ce nouvel emprunt .<\/span><\/b><\/span><\/p>\n","protected":false},"excerpt":{"rendered":"<p>\u201cUn\u00a0\u00e9tablissement scolaire priv\u00e9 hors contrat en France\u00a0est un \u00e9tablissement qui n&rsquo;a pas sign\u00e9 d&rsquo;accord avec l&rsquo;\u00c9tat fran\u00e7ais\u00a0et ne re\u00e7oit donc aucune subvention de l&rsquo;\u00c9tat ce qui le diff\u00e9rencie du reste de l&rsquo;enseignement priv\u00e9 en France. Il est ainsi financ\u00e9 uniquement <a class=\"more-link\" href=\"https:\/\/asvpnf.com\/index.php\/2022\/05\/11\/ecoles-privees-sans-contrat-et-deni-des-lois-de-la-republique-en-2022\/\">En lire plus &#8230;<\/a><\/p>\n","protected":false},"author":9,"featured_media":0,"comment_status":"closed","ping_status":"closed","sticky":false,"template":"","format":"standard","meta":{"spay_email":""},"categories":[10],"tags":[47],"jetpack_featured_media_url":"","_links":{"self":[{"href":"https:\/\/asvpnf.com\/index.php\/wp-json\/wp\/v2\/posts\/6486"}],"collection":[{"href":"https:\/\/asvpnf.com\/index.php\/wp-json\/wp\/v2\/posts"}],"about":[{"href":"https:\/\/asvpnf.com\/index.php\/wp-json\/wp\/v2\/types\/post"}],"author":[{"embeddable":true,"href":"https:\/\/asvpnf.com\/index.php\/wp-json\/wp\/v2\/users\/9"}],"replies":[{"embeddable":true,"href":"https:\/\/asvpnf.com\/index.php\/wp-json\/wp\/v2\/comments?post=6486"}],"version-history":[{"count":1,"href":"https:\/\/asvpnf.com\/index.php\/wp-json\/wp\/v2\/posts\/6486\/revisions"}],"predecessor-version":[{"id":6488,"href":"https:\/\/asvpnf.com\/index.php\/wp-json\/wp\/v2\/posts\/6486\/revisions\/6488"}],"wp:attachment":[{"href":"https:\/\/asvpnf.com\/index.php\/wp-json\/wp\/v2\/media?parent=6486"}],"wp:term":[{"taxonomy":"category","embeddable":true,"href":"https:\/\/asvpnf.com\/index.php\/wp-json\/wp\/v2\/categories?post=6486"},{"taxonomy":"post_tag","embeddable":true,"href":"https:\/\/asvpnf.com\/index.php\/wp-json\/wp\/v2\/tags?post=6486"}],"curies":[{"name":"wp","href":"https:\/\/api.w.org\/{rel}","templated":true}]}}