{"id":6506,"date":"2022-05-22T18:29:26","date_gmt":"2022-05-22T17:29:26","guid":{"rendered":"https:\/\/asvpnf.com\/?p=6506"},"modified":"2022-05-22T18:29:26","modified_gmt":"2022-05-22T17:29:26","slug":"pour-des-chartes-de-la-laicite-bien-ordonnees-eviter-les-usines-a-gaz","status":"publish","type":"post","link":"https:\/\/asvpnf.com\/index.php\/2022\/05\/22\/pour-des-chartes-de-la-laicite-bien-ordonnees-eviter-les-usines-a-gaz\/","title":{"rendered":"Pour des chartes de la la\u00efcit\u00e9 bien ordonn\u00e9es   Eviter les \u00ab\u00a0usines \u00e0 gaz\u00a0\u00bb!"},"content":{"rendered":"<div><b>Les d\u00e9bats surr\u00e9alistes relatifs au \u00a0burkini vs le monokini qui ont eu\u00a0 cours r\u00e9cemment au sein du conseil municipal de la ville de Grenoble\u00a0 ont d\u00e9fray\u00e9 la chronique et pos\u00e9 la question de savoir si par les temps pr\u00e9sents les \u00e9lus de la R\u00e9publique n&rsquo;avaient pas de services plus utiles \u00e0 rendre \u00e0 la soci\u00e9t\u00e9 pour promouvoir le bien public.<\/b><\/div>\n<div><b>Que l&rsquo;on ne s&rsquo;\u00e9tonne plus d\u00e8s lors de trouver dans la presse hebdomadaire humoristique des propos du genre\u00a0 :\u00a0\u00a0<\/b><\/div>\n<p class=\"x_ydp9892adccyiv3914820892ydpf9731ed2yiv4189947437ydp906217c2yiv2079772349ydp897b3ebyiv0067794960ydpff4f95adyiv2088399860ydp7e9d2d46MsoNoSpacing\"><b>\u00a0\u00bb &#8211;<\/b><b>Le burkini accept\u00e9 \u00e0 Grenoble apr\u00e8s 4h de d\u00e9bat : les \u00e9diles ont d\u00fb sortir en nage\u00a0 !\u00a0\u00bb<\/b><\/p>\n<div><b>\u00a0\u00bb -Avec le burkini on va donc avoir d\u00e8s cet \u00e9t\u00e9 2022 des tas de femmes lib\u00e9r\u00e9es, d\u00e9livr\u00e9es, sautant joyeusement dans les piscines sauf que l&rsquo;on se demande pourquoi\u00a0 \u00e0 Rennes\u00a0 o\u00f9 c&rsquo;est autoris\u00e9 il y a si peu de femmes qui en profitent! En attendant le monokini&#8230;les piscines vont devenir torrides\u00a0\u00bb\u00a0 (sic !).\u00a0 \u00a0 \u00a0<\/b><\/div>\n<p class=\"x_ydp9892adccyiv3914820892ydpf9731ed2yiv4189947437ydp906217c2yiv2079772349ydp897b3ebyiv0067794960ydpff4f95adyiv2088399860ydp7e9d2d46MsoNoSpacing\"><b>Disons le cr\u00fbment aux \u00e9diles et aux journalistes qui rapportent leurs propos\u00a0: arr\u00eatez de vendre aux citoyens ordinaires \u00a0\u00bb vessie pour\u00a0 lanterne\u00a0\u00bb, sortez\u00a0 des t\u00e9n\u00e8bres pour rejoindre\u00a0 les lumi\u00e8res; l&rsquo;histoire vous regarde&#8230;<\/b><\/p>\n<p class=\"x_ydp9892adccyiv3914820892ydpf9731ed2yiv4189947437ydp906217c2yiv2079772349ydp897b3ebyiv0067794960ydpff4f95adyiv2088399860ydp7e9d2d46MsoNoSpacing\"><b>Quoi qu&rsquo;il en soit\u00a0 il semblerait que c&rsquo;est la mise en application\u00a0 des principes r\u00e9publicains de la\u00efcit\u00e9 qui pose question aux collectivit\u00e9s ; l&rsquo;\u00e9laboration des chartes correspondantes donnant lieu \u00e0 des d\u00e9bats difficiles lorsqu&rsquo;au moins ils ont \u00e9t\u00e9 initi\u00e9s.<\/b><\/p>\n<p class=\"x_ydp9892adccyiv3914820892ydpf9731ed2yiv4189947437ydp906217c2yiv2079772349ydp897b3ebyiv0067794960ydpff4f95adyiv2088399860ydp7e9d2d46MsoNoSpacing\"><b>Des \u00e9l\u00e9ments de r\u00e9ponse existent \u00e0 condition d&rsquo;avoir la volont\u00e9 politique de les mettre en coh\u00e9rence sans tomber dans la construction de nouvelles usines \u00e0 gaz \u00e9cologiquement durables. C&rsquo;est ce que souligne <i>Catherine Kintzler<\/i> dans l&rsquo;article qu&rsquo;elle a fait para\u00eetre le 20 mai 2022 dans\u00a0 son blog revue\u00a0 <i>Mezetulle<\/i>. Il s&rsquo;intitule :<\/b><\/p>\n<p class=\"x_ydp9892adccyiv3914820892ydpf9731ed2yiv4189947437ydp906217c2yiv2079772349ydp897b3ebyiv0067794960ydpff4f95adyiv2088399860ydp7e9d2d46MsoNoSpacing\"><b>\u00a0<\/b><\/p>\n<p class=\"x_ydp9892adccyiv3914820892ydpf9731ed2yiv4189947437ydp906217c2yiv2079772349ydp897b3ebyiv0067794960ydpff4f95adyiv2088399860ydp7e9d2d46MsoNoSpacing\" align=\"center\"><b><span style=\"font-size: xx-large\">Libert\u00e9 d&rsquo;expression, neutralit\u00e9\u00a0 et la\u00efcit\u00e9<\/span><\/b><\/p>\n<p class=\"x_ydp9892adccyiv3914820892ydpf9731ed2yiv4189947437ydp906217c2yiv2079772349ydp897b3ebyiv0067794960ydpff4f95adyiv2088399860ydp7e9d2d46MsoNoSpacing\" align=\"center\"><b><span style=\"font-size: xx-large\">dans les activit\u00e9s sportives<\/span><\/b><\/p>\n<p class=\"x_ydp9892adccyiv3914820892ydpf9731ed2yiv4189947437ydp906217c2yiv2079772349ydp897b3ebyiv0067794960ydpff4f95adyiv2088399860ydp7e9d2d46MsoNoSpacing\"><b>\u00a0 \u00a0<\/b><b>Selon l&rsquo;auteure : \u00a0\u00bb Si la question r\u00e9surgente du \u00ab\u00a0burkini\u00a0\u00bb n\u2019a pas chang\u00e9 de nature politique depuis 2016, en revanche, en se manifestant dans les piscines publiques, elle affecte un terrain plus sensible, parce que plus r\u00e9glement\u00e9, que celui des plages o\u00f9 elle \u00e9tait initialement apparue. Elle n\u2019est qu\u2019un jalon parmi d\u2019autres tests que les men\u00e9es communautaristes font subir aux principes r\u00e9publicains, notamment dans le domaine du sport auquel il convient de s\u2019int\u00e9resser plus largement en s\u2019aidant d\u2019un ouvrage \u00e9clairant. Publi\u00e9 r\u00e9cemment et t\u00e9l\u00e9chargeable sur la page du <i>Conseil des sages de la la\u00efcit\u00e9<\/i>, le vademecum\u00a0<i>Libert\u00e9 d\u2019expression, neutralit\u00e9 et la\u00efcit\u00e9 dans le champ des activit\u00e9s physiques et sportives<\/i>, \u00a0parcourt et analyse de mani\u00e8re concr\u00e8te la plupart des situations qui, dans le domaine de l\u2019activit\u00e9 sportive, peuvent contrevenir aux principes r\u00e9publicains. Doit-on, peut-on y faire obstacle et si oui, comment\u00a0?\u00a0\u00bb<\/b><\/p>\n<div><b>Les visiteurs de ce site pourront consulter\u00a0 cet article <\/b><b><span style=\"font-size: 14pt\"><a href=\"http:\/\/asvpnf.com\/wp-content\/uploads\/2022\/05\/Liberte-dexpression..pdf\" target=\"_blank\" rel=\"noopener\">en cliquant ici<\/a><\/span>. Il est\u00a0 d&rsquo;autant plus fondateur qu&rsquo;il renvoie au vademecum du <i><span style=\"font-size: x-large\">Conseil des sages de la la\u00efcit\u00e9<\/span><\/i> publi\u00e9 en 2022\u00a0 accessible \u00e0 :<\/b><\/div>\n<div><a id=\"LPlnk967531\" class=\"x_ydp9892adccyiv3914820892ydpf9731ed2yiv4189947437\" href=\"https:\/\/www.education.gouv.fr\/le-conseil-des-sages-de-la-laicite-41537\" target=\"_blank\" rel=\"nofollow noopener noreferrer\" data-auth=\"NotApplicable\" data-linkindex=\"0\"><span style=\"color: #4c76a2;font-family: times new roman, new york, times, serif\"><i><b>https:\/\/www.education.gouv.fr\/le-conseil-des-sages-de-la-laicite-41537<\/b><\/i><\/span><\/a><\/p>\n<div id=\"LPBorder_GTaHR0cHM6Ly93d3cuZWR1Y2F0aW9uLmdvdXYuZnIvbGUtY29uc2VpbC1kZXMtc2FnZXMtZGUtbGEtbGFpY2l0ZS00MTUzNw..\" class=\"LPBorder898454\">\n<table id=\"LPContainer898454\" role=\"presentation\">\n<tbody>\n<tr valign=\"top\">\n<td>\n<div id=\"LPImageContainer898454\"><a id=\"LPImageAnchor898454\" href=\"https:\/\/www.education.gouv.fr\/le-conseil-des-sages-de-la-laicite-41537\" target=\"_blank\" rel=\"noopener\"><img loading=\"lazy\" id=\"LPThumbnailImageId898454\" src=\"https:\/\/www.education.gouv.fr\/sites\/default\/files\/styles\/image_box\/public\/default_sharing_image\/2020-06\/Education-gouv-fr-image-RS-par-defaut.jpg?itok=Q1DjU8iE\" alt=\"\" width=\"240\" height=\"143\" \/><\/a><\/div>\n<\/td>\n<td>\n<div id=\"LPTitle898454\"><a id=\"LPUrlAnchor898454\" href=\"https:\/\/www.education.gouv.fr\/le-conseil-des-sages-de-la-laicite-41537\" target=\"_blank\" rel=\"noopener\">Le conseil des sages de la la\u00efcit\u00e9 &#8211; Minist\u00e8re de l&rsquo;Education Nationale de la Jeunesse et des Sports<\/a><\/div>\n<div id=\"LPDescription898454\">L&rsquo;\u00e9dito de la pr\u00e9sidente\u00a0\u00bb En installant \u00e0 ses c\u00f4t\u00e9s, le 8 janvier 2018, un \u00ab\u00a0Conseil des sages de la la\u00efcit\u00e9\u00a0\u00bb, le ministre charg\u00e9 de l\u2019\u00c9ducation nationale a exprim\u00e9 une exigence claire : pilier de notre R\u00e9publique, indissociable de la formation des futurs citoyens, la la\u00efcit\u00e9 doit \u00eatre pr\u00e9serv\u00e9e, transmise et explicit\u00e9e par nos institutions, au premier rang desquelles, l&rsquo;\u00e9cole.<\/div>\n<div id=\"LPMetadata898454\">www.education.gouv.fr<\/div>\n<\/td>\n<\/tr>\n<\/tbody>\n<\/table>\n<\/div>\n<\/div>\n<div><\/div>\n<div><b>Que <i>Catherine Kintzler<\/i> soit remerci\u00e9e de nous autoriser\u00a0 \u00a0ce nouvel emprunt\u00a0 .<\/b><\/div>\n<p class=\"x_ydp9892adccyiv3914820892ydpf9731ed2yiv4189947437ydp906217c2yiv2079772349ydp897b3ebyiv0067794960ydpff4f95adyiv2088399860ydp7e9d2d46MsoNoSpacing\"><b>\u00a0<\/b><\/p>\n","protected":false},"excerpt":{"rendered":"<p>Les d\u00e9bats surr\u00e9alistes relatifs au \u00a0burkini vs le monokini qui ont eu\u00a0 cours r\u00e9cemment au sein du conseil municipal de la ville de Grenoble\u00a0 ont d\u00e9fray\u00e9 la chronique et pos\u00e9 la question de savoir si par les temps pr\u00e9sents les <a class=\"more-link\" href=\"https:\/\/asvpnf.com\/index.php\/2022\/05\/22\/pour-des-chartes-de-la-laicite-bien-ordonnees-eviter-les-usines-a-gaz\/\">En lire plus &#8230;<\/a><\/p>\n","protected":false},"author":9,"featured_media":0,"comment_status":"closed","ping_status":"closed","sticky":false,"template":"","format":"standard","meta":{"spay_email":""},"categories":[10],"tags":[47],"jetpack_featured_media_url":"","_links":{"self":[{"href":"https:\/\/asvpnf.com\/index.php\/wp-json\/wp\/v2\/posts\/6506"}],"collection":[{"href":"https:\/\/asvpnf.com\/index.php\/wp-json\/wp\/v2\/posts"}],"about":[{"href":"https:\/\/asvpnf.com\/index.php\/wp-json\/wp\/v2\/types\/post"}],"author":[{"embeddable":true,"href":"https:\/\/asvpnf.com\/index.php\/wp-json\/wp\/v2\/users\/9"}],"replies":[{"embeddable":true,"href":"https:\/\/asvpnf.com\/index.php\/wp-json\/wp\/v2\/comments?post=6506"}],"version-history":[{"count":1,"href":"https:\/\/asvpnf.com\/index.php\/wp-json\/wp\/v2\/posts\/6506\/revisions"}],"predecessor-version":[{"id":6508,"href":"https:\/\/asvpnf.com\/index.php\/wp-json\/wp\/v2\/posts\/6506\/revisions\/6508"}],"wp:attachment":[{"href":"https:\/\/asvpnf.com\/index.php\/wp-json\/wp\/v2\/media?parent=6506"}],"wp:term":[{"taxonomy":"category","embeddable":true,"href":"https:\/\/asvpnf.com\/index.php\/wp-json\/wp\/v2\/categories?post=6506"},{"taxonomy":"post_tag","embeddable":true,"href":"https:\/\/asvpnf.com\/index.php\/wp-json\/wp\/v2\/tags?post=6506"}],"curies":[{"name":"wp","href":"https:\/\/api.w.org\/{rel}","templated":true}]}}