{"id":6510,"date":"2022-05-31T09:25:46","date_gmt":"2022-05-31T08:25:46","guid":{"rendered":"http:\/\/asvpnf.com\/?p=6510"},"modified":"2022-05-31T11:24:05","modified_gmt":"2022-05-31T10:24:05","slug":"le-catholicisme-francais-au-risque-de-limplosion","status":"publish","type":"post","link":"https:\/\/asvpnf.com\/index.php\/2022\/05\/31\/le-catholicisme-francais-au-risque-de-limplosion\/","title":{"rendered":"Le catholicisme fran\u00e7ais au risque de l\u2019implosion\u2026"},"content":{"rendered":"<p class=\"x_ydpfa52ca99MsoNormal\"><span style=\"font-size: 12pt\"><b><span lang=\"EN-US\">Le terme IMPLOSION se trouvait \u00a0d\u00e9j\u00e0\u00a0 \u00a0dans le titre de l&rsquo;article mis en ligne\u00a0 par \u00a0<i>Ren\u00e9 Pujol<\/i> dans son blog <i>Cat&rsquo;lib<\/i>\u00a0 le 12 mai 2022 . Ledit article, tr\u00e8s document\u00e9, reste accessible \u00e0 l&rsquo;URL <i><a href=\"https:\/\/www.renepoujol.fr\/le-catholicisme-francais-au-risque-de-limplosion\/#more-7186\" target=\"_blank\" rel=\"nofollow noopener noreferrer\" data-auth=\"NotApplicable\" data-linkindex=\"0\">https:\/\/www.renepoujol.fr\/le-catholicisme-francais-au-risque-de-limplosion\/#more-7186<\/a><\/i><\/span><\/b><\/span><\/p>\n<p class=\"x_ydpfa52ca99MsoNormal\"><span style=\"font-size: 12pt\"><b><span lang=\"EN-US\">Il t\u00e9moignait du\u00a0 \u00a0regard ac\u00e9r\u00e9 de ce \u00a0sociologue des religions et\u00a0 signifiait le d\u00e9passement av\u00e9r\u00e9\u00a0 d&rsquo;un\u00a0 \u00a0simple constat\u00a0 d&rsquo;\u00e9clatement et de division au sein de l\u2019Eglise catholique. Il\u00a0 intervenait, suite \u00e0 la publication\u00a0 aux Editions SEUIL de l&rsquo;ouvrage de\u00a0 <i>Dani\u00e8le Hervieu-L\u00e9ger<\/i> et\u00a0 <i>Jean-Louis Schlegel<\/i>\u00a0 :\u00a0 \u00a0<\/span><\/b><\/span><\/p>\n<div><span style=\"font-size: 12pt\"><b><span lang=\"EN-US\">\u00a0 \u00a0 \u00a0 \u00a0 \u00a0 \u00a0 \u00a0 \u00a0 \u00a0 \u00a0 \u00a0 \u00a0 \u00a0 \u00a0 \u00a0 \u00a0 \u00a0 \u00a0 \u00a0 \u00a0 \u00a0 \u00a0 \u00a0 \u00a0 \u00a0 \u00a0 \u00a0 \u00a0 \u00a0 \u00a0 \u00a0 \u00a0Vers l&rsquo;implosion<\/span><\/b><\/span><\/div>\n<p class=\"x_ydpfa52ca99MsoNormal\" align=\"center\"><span style=\"font-size: 12pt\"><b><span lang=\"EN-US\">Entretiens sur le pr\u00e9sent et l&rsquo;avenir du catholicisme<\/span><\/b><\/span><\/p>\n<p class=\"x_ydpfa52ca99MsoNormal\"><span style=\"font-size: 12pt\"><b><span lang=\"EN-US\">Cet ouvrage a donn\u00e9 lieu \u00e0 la pr\u00e9sentation suivante par son Editeur<\/span><\/b><b><span lang=\"EN-US\">\u00a0 :<\/span><\/b><\/span><\/p>\n<p><span style=\"font-size: 12pt\"><i>\u00ab\u00a0La crise des abus sexuels et spirituels r\u00e9v\u00e9l\u00e9s depuis une trentaine d\u2019ann\u00e9es fait vaciller l\u2019\u00c9glise catholique. Parce qu\u2019elle vient de l\u2019int\u00e9rieur du catholicisme, et m\u00eame de ses \u00ab\u00a0meilleurs serviteurs\u00a0\u00bb, pr\u00eatres ou la\u00efcs, mais aussi parce qu\u2019elle est universelle et syst\u00e9mique. Tr\u00e8s affaiblie par une s\u00e9cularisation intense due aux changements soci\u00e9taux de la seconde moiti\u00e9 du XX<sup>e<\/sup>\u00a0si\u00e8cle, l\u2019\u00c9glise appara\u00eet, faute de r\u00e9formes cons\u00e9quentes, de plus en plus expuls\u00e9e de la culture commune, et d\u00e9l\u00e9gitim\u00e9e.\u00a0\u00bb<\/i><\/span><\/p>\n<p><span style=\"font-size: 12pt\"><i>\u00ab\u00a0Dans ces entretiens sans concession, Dani\u00e8le Hervieu-L\u00e9ger et Jean-Louis Schlegel diagnostiquent les raisons multiples de cet effondrement sans pr\u00e9c\u00e9dent, encore confirm\u00e9 par l\u2019\u00e9preuve des confinements li\u00e9s au Covid-19. Certains y discernent l\u2019entr\u00e9e dans une sorte de stade terminal du catholicisme en quelques r\u00e9gions du monde. Ce n\u2019est pas l\u2019avis des auteurs\u00a0: ce qui s\u2019annonce, c\u2019est un \u00ab\u00a0catholicisme \u00e9clat\u00e9\u00a0\u00bb, o\u00f9 les liens affinitaires seront essentiels. Cette \u00ab\u00a0\u00c9glise catholique plurielle\u00a0\u00bb ne signifie pas n\u00e9cessairement sa fin, mais c\u2019est un cataclysme pour une institution obs\u00e9d\u00e9e par l\u2019unit\u00e9<\/i>.<b>\u00a0\u00bb<\/b> <b>(<\/b><b><i>cf\u00a0: <a href=\"https:\/\/journals.openedition.org\/lectures\/56393\" target=\"_blank\" rel=\"nofollow noopener noreferrer\" data-auth=\"NotApplicable\" data-linkindex=\"1\">https:\/\/journals.openedition.org\/lectures\/56393<\/a>)<\/i><\/b><\/span><\/p>\n<div><span style=\"font-size: 12pt\"><b><i>\u00a0<\/i><\/b><\/span><\/div>\n<div><span style=\"font-size: 12pt\"><b><i><span lang=\"EN-US\">Selon La Croix du 18 mai 2022 , sous la plume de Isabelle de Gaulmyn \u00a0on parle d\u2019un tableau sombre du catholicisme fran\u00e7ais, domin\u00e9 par l\u2019impuissance de l\u2019institution eccl\u00e9siale;Cf. https:\/\/www.la-croix.com\/Culture\/Vers-limplosion-catholicisme-francais-eclate-2022-05-18-1201215718<\/span><br aria-hidden=\"true\" \/><\/i><\/b><\/span><\/div>\n<p>&nbsp;<\/p>\n<p><span style=\"font-size: 12pt\"><b><span lang=\"EN-US\">Pour sa part, <i>Ren\u00e9 Pujol<\/i> \u00a0soulignait\u00a0 que\u00a0 \u201cla sociologue Dani\u00e8le Hervieu-L\u00e9ger a th\u00e9oris\u00e9, voici vingt ans d\u00e9j\u00e0, l\u2019exculturation du catholicisme en France comme perte d\u00e9finitive de son emprise sur la soci\u00e9t\u00e9. Plus r\u00e9cemment le rapport de la Ciase sur la p\u00e9docriminalit\u00e9 dans l\u2019Eglise et les divisions autour des restrictions du culte li\u00e9es au Covid19 lui paraissent avoir acc\u00e9l\u00e9r\u00e9 une forme de d\u00e9r\u00e9gulation institutionnelle devenue irr\u00e9versible\u201d. Dans un livre d\u2019entretiens avec le sociologue des religions\u00a0Jean-Louis Schlegel, \u00a0sorti \u00a0le 13 mai 2022 en librairie, elle pr\u00e9cise sa vision d\u2019un \u201ccatholicisme devenu non seulement minoritaire mais pluriel et \u00e9clat\u00e9. Un catholicisme qu\u2019elle croit condamn\u00e9 \u00e0 une forme de diaspora d\u2019o\u00f9 il pourrait, n\u00e9anmoins, tirer une nouvelle pr\u00e9sence sociale sous forme de \u00ab\u00a0catholicisme hospitalier\u00a0\u00bb.<\/span><\/b><\/span><\/p>\n<p class=\"x_ydpfa52ca99MsoNormal\"><span style=\"font-size: 12pt\"><b><span lang=\"EN-US\">\u201cA la condition de se r\u00e9former en profondeur, no<\/span><span lang=\"EN-US\">n seulement en France, mais au plus haut sommet de la hi\u00e9rarchie. Une th\u00e8se qui, n\u2019en doutons pas, fera d\u00e9bat sinon pol\u00e9mique.\u201d<\/span><\/b><\/span><\/p>\n<p class=\"x_ydpfa52ca99MsoNormal\"><span style=\"font-size: 12pt\"><b><i><span lang=\"EN-US\">Ren\u00e9 Pujol<\/span><\/i><\/b><b><span lang=\"EN-US\"> est conduit \u00e0 consid\u00e9rer\u00a0 que :\u00a0\u00bb\u00a0l\u2019institution catholique, dans sa forme actuelle, ne survivra pas longtemps \u00e0\u00a0l\u2019effondrement des trois piliers qu\u2019ont \u00e9t\u00e9 pour le catholicisme : le monopole de la v\u00e9rit\u00e9, la couverture territoriale au travers des paroisses et la centralit\u00e9 du pr\u00eatre, personnage \u201csacr\u00e9\u201c.<\/span><\/b><\/span><\/p>\n<p class=\"x_ydpfa52ca99MsoNormal\"><span style=\"font-size: 12pt\"><b><span lang=\"EN-US\">Cet article\u00a0 a \u00a0lui-m\u00eame fait l&rsquo;objet d&rsquo;un bref\u00a0 r\u00e9sum\u00e9 \u00a0que\u00a0 <i>Ren\u00e9 Pujol<\/i>\u00a0 a fait para\u00eetre \u00a0ce 26 mai 2022\u00a0 dans\u00a0 la \u00ab\u00a0<i>Newsletter\u00a0 de Golias<\/i>\u201d. <\/span><\/b><\/span><\/p>\n<p class=\"x_ydpfa52ca99MsoNormal\"><span style=\"font-size: 12pt\"><b><span lang=\"EN-US\">\u00a0Intitul\u00e9\u00a0 :<\/span><\/b><\/span><\/p>\n<p class=\"x_ydpfa52ca99MsoNormal\" align=\"center\"><span style=\"font-size: 12pt\"><b>Catholicisme : au risque de l\u2019implosion ?<\/b><\/span><\/p>\n<div><span style=\"font-size: 12pt\"><b>\u00a0<\/b><\/span><\/div>\n<div><span style=\"font-size: 12pt\"><b>Pour justifier\u00a0 ce risque , il met de nouveau l\u2019accent sur\u00a0: <\/b><\/span><\/div>\n<p class=\"x_ydpfa52ca99MsoNormal\"><span style=\"font-size: 12pt\"><b>\u00a0<\/b><b>\u00a0&#8211;<\/b><b>\u00a0\u00a0 l\u2019exculturation\u00a0du catholicisme expliquant \u00a0la perte \u00a0de son emprise sur la soci\u00e9t\u00e9 fran\u00e7aise ,<\/b><\/span><\/p>\n<p class=\"x_ydpfa52ca99MsoNormal\"><span style=\"font-size: 12pt\"><b>\u00a0<\/b><b>&#8211; les d\u00e9r\u00e9gulations internes li\u00e9es \u00e0 la r\u00e9v\u00e9lation des actes p\u00e9docriminels et aux tensions g\u00e9n\u00e9r\u00e9es par \u00a0l\u2019exercice du culte pendant la pand\u00e9mie de covid 19<\/b><\/span><\/p>\n<p class=\"x_ydpfa52ca99MsoNormal\"><span style=\"font-size: 12pt\"><b>Les visiteurs pourront consulter ce document \u00a0<\/b><b><span style=\"font-size: 14pt\"><a href=\"http:\/\/asvpnf.com\/wp-content\/uploads\/2022\/05\/Catholicisme-au-risque-de-limplosion-Golias-26-mai-2022-2.pdf\" target=\"_blank\" rel=\"noopener\">en cliquant ici<\/a><\/span> . Il \u00a0est \u00e9galement accessible \u00e0\u00a0 <i>https:\/\/www.golias-editions.fr\/2022\/05\/26\/catholicisme-au-risque-de-limplosion\/<\/i><\/b><\/span><\/p>\n<p class=\"x_ydpfa52ca99MsoNormal\"><span style=\"font-size: 12pt\"><b>Que <i>Christian Terras<\/i> , R\u00e9dacteur en \u00a0chef\u00a0 de <i>Golias<\/i>, soit remerci\u00e9 de nous permettre ce nouvel emprunt<\/b><\/span><\/p>\n","protected":false},"excerpt":{"rendered":"<p>Le terme IMPLOSION se trouvait \u00a0d\u00e9j\u00e0\u00a0 \u00a0dans le titre de l&rsquo;article mis en ligne\u00a0 par \u00a0Ren\u00e9 Pujol dans son blog Cat&rsquo;lib\u00a0 le 12 mai 2022 . Ledit article, tr\u00e8s document\u00e9, reste accessible \u00e0 l&rsquo;URL https:\/\/www.renepoujol.fr\/le-catholicisme-francais-au-risque-de-limplosion\/#more-7186 Il t\u00e9moignait du\u00a0 \u00a0regard ac\u00e9r\u00e9 <a class=\"more-link\" href=\"https:\/\/asvpnf.com\/index.php\/2022\/05\/31\/le-catholicisme-francais-au-risque-de-limplosion\/\">En lire plus &#8230;<\/a><\/p>\n","protected":false},"author":9,"featured_media":0,"comment_status":"closed","ping_status":"closed","sticky":false,"template":"","format":"standard","meta":{"spay_email":""},"categories":[10],"tags":[47],"jetpack_featured_media_url":"","_links":{"self":[{"href":"https:\/\/asvpnf.com\/index.php\/wp-json\/wp\/v2\/posts\/6510"}],"collection":[{"href":"https:\/\/asvpnf.com\/index.php\/wp-json\/wp\/v2\/posts"}],"about":[{"href":"https:\/\/asvpnf.com\/index.php\/wp-json\/wp\/v2\/types\/post"}],"author":[{"embeddable":true,"href":"https:\/\/asvpnf.com\/index.php\/wp-json\/wp\/v2\/users\/9"}],"replies":[{"embeddable":true,"href":"https:\/\/asvpnf.com\/index.php\/wp-json\/wp\/v2\/comments?post=6510"}],"version-history":[{"count":3,"href":"https:\/\/asvpnf.com\/index.php\/wp-json\/wp\/v2\/posts\/6510\/revisions"}],"predecessor-version":[{"id":6529,"href":"https:\/\/asvpnf.com\/index.php\/wp-json\/wp\/v2\/posts\/6510\/revisions\/6529"}],"wp:attachment":[{"href":"https:\/\/asvpnf.com\/index.php\/wp-json\/wp\/v2\/media?parent=6510"}],"wp:term":[{"taxonomy":"category","embeddable":true,"href":"https:\/\/asvpnf.com\/index.php\/wp-json\/wp\/v2\/categories?post=6510"},{"taxonomy":"post_tag","embeddable":true,"href":"https:\/\/asvpnf.com\/index.php\/wp-json\/wp\/v2\/tags?post=6510"}],"curies":[{"name":"wp","href":"https:\/\/api.w.org\/{rel}","templated":true}]}}