{"id":6512,"date":"2022-05-31T09:31:16","date_gmt":"2022-05-31T08:31:16","guid":{"rendered":"http:\/\/asvpnf.com\/?p=6512"},"modified":"2022-05-31T11:17:38","modified_gmt":"2022-05-31T10:17:38","slug":"tribulations-et-afflictions-ecclesiales-suite","status":"publish","type":"post","link":"https:\/\/asvpnf.com\/index.php\/2022\/05\/31\/tribulations-et-afflictions-ecclesiales-suite\/","title":{"rendered":"Tribulations et afflictions eccl\u00e9siales (suite)"},"content":{"rendered":"<p class=\"x_ydpa0a8cb02MsoNormal\"><b><span lang=\"EN-US\">Les visiteurs de ce site, enclins \u00e0 rester inform\u00e9s des mauvaises fortunes de l\u2019Eglise catholique , pourront consulter\u00a0 cinq documents r\u00e9pertori\u00e9s ci-dessous en cliquant, suite \u00e0 leur(s) choix, sur des items s\u00e9lectionn\u00e9s pour l\u2019actualit\u00e9de leur mati\u00e8re\u00a0 et d\u00e9sign\u00e9s par<\/span><\/b><b><span lang=\"EN-US\"> : DOCUMENT 1, 2&#8230;,5.<\/span><\/b><\/p>\n<p class=\"x_ydpa0a8cb02MsoNormal\"><b><span lang=\"EN-US\"><span style=\"font-size: 14pt\"><a href=\"http:\/\/asvpnf.com\/wp-content\/uploads\/2022\/05\/Document-1-Abus-dans-leglise.pdf\" target=\"_blank\" rel=\"noopener\">Document 1 <\/a><\/span>.Abus dans l\u2019Eglise ; coupables ou irresponsables.<\/span><\/b><\/p>\n<p class=\"x_ydpa0a8cb02MsoNormal\"><b><i><span lang=\"EN-US\"><a href=\"https:\/\/www.golias-editions.fr\/2021\/05\/06\/abus-dans-leglise-coupables-ou-irresponsables\/comment-page-1\/\" target=\"_blank\" rel=\"nofollow noopener noreferrer\" data-auth=\"NotApplicable\" data-linkindex=\"0\">https:\/\/www.golias-editions.fr\/2021\/05\/06\/abus-dans-leglise-coupables-ou-irresponsables\/comment-page-1\/<\/a><\/span><\/i><\/b><\/p>\n<p class=\"x_ydpa0a8cb02MsoNormal\"><i><span lang=\"EN-US\">Fin mars, les \u00e9v\u00eaques fran\u00e7ais ont allum\u00e9 leurs ordinateurs pour se retrouver par \u00e9crans interpos\u00e9s et aborder, dans leur petit \u00ab\u00a0entre soi\u00a0\u00bb qui se veut cosmique, la d\u00e9licate question des abus sexuels commis par le clerg\u00e9 hexagonal. La connexion des \u00e9crans n\u2019est pas toujours synonyme de connexion des synapses. Un mois auparavant, l\u2019\u00e9piscopat d\u00e9battait sur la question \u00e9pineuse de l\u2019indemnisation \u00e0 accorder aux victimes d\u2019abus. On reste toujours dans cet entre-soi entre professionnels du discernement, les \u00e9v\u00eaques pensent toujours qu\u2019ils savent ce qui est bon pour eux, pour l\u2019Eglise et pour le monde. Ils sont probablement les derniers \u00e0 le penser.<\/span><\/i><b><i><\/i><\/b><\/p>\n<p class=\"x_ydpa0a8cb02MsoNormal\"><b><span lang=\"EN-US\"><span style=\"font-size: 14pt\"><a href=\"http:\/\/asvpnf.com\/wp-content\/uploads\/2022\/05\/Document-2-En-finir-avec-le-clericalisme.pdf\" target=\"_blank\" rel=\"noopener\">Document 2 <\/a><\/span>.En finir avec le cl\u00e9ricalisme.<\/span><\/b><\/p>\n<p class=\"x_ydpa0a8cb02MsoNormal\"><b><i><span lang=\"EN-US\"><a href=\"https:\/\/www.golias-editions.fr\/2020\/08\/28\/en-finir-avec-le-christianisme\/\" target=\"_blank\" rel=\"nofollow noopener noreferrer\" data-auth=\"NotApplicable\" data-linkindex=\"1\">https:\/\/www.golias-editions.fr\/2020\/08\/28\/en-finir-avec-le-christianisme\/<\/a><\/span><\/i><\/b><\/p>\n<p class=\"x_ydpa0a8cb02MsoNormal\"><i>Il s\u2019agit du cl\u00e9ricalisme catholique. Nul doute que ce livre qui vient d\u2019\u00eatre publi\u00e9 int\u00e9ressera nombre de catholiques qui ne supportent plus le cl\u00e9ricalisme, axe ancien et central de leur \u00c9glise. Il retiendra aussi l\u2019attention de non-catholiques pour qui l\u2019organisation et le fonctionnement catholique rel\u00e8ve d\u2019une conception de la vie sociale antid\u00e9mocratique.<\/i><i><\/i><\/p>\n<p class=\"x_ydpa0a8cb02MsoNormal\"><i><span lang=\"EN-US\">\u00a0<\/span><\/i><\/p>\n<p class=\"x_ydpa0a8cb02MsoNormal\"><strong><span style=\"font-size: 14pt\"><a href=\"http:\/\/asvpnf.com\/wp-content\/uploads\/2022\/05\/DOCUMENT-3-Indemnisation.pdf\" target=\"_blank\" rel=\"noopener\">DOCUMENT 3 <\/a><\/span><\/strong><b><span lang=\"EN-US\">.Indemnisation des victimes , \u00e7a patine.<\/span><\/b><\/p>\n<p class=\"x_ydpa0a8cb02MsoNormal\"><b><i><span lang=\"EN-US\"><a href=\"https:\/\/www.golias-editions.fr\/2022\/05\/26\/indemnisation-des-victimes-ca-patine\/\" target=\"_blank\" rel=\"nofollow noopener noreferrer\" data-auth=\"NotApplicable\" data-linkindex=\"2\">https:\/\/www.golias-editions.fr\/2022\/05\/26\/indemnisation-des-victimes-ca-patine\/<\/a><\/span><\/i><\/b><\/p>\n<p class=\"x_ydpa0a8cb02MsoNormal\"><i><span lang=\"EN-US\">Alors que la Commission Reconnaissance et R\u00e9paration (CRR), qui s\u2019adresse aux victimes de religieux, a commenc\u00e9 \u00e0 travailler, l\u2019Instance nationale ind\u00e9pendante de reconnaissance et de r\u00e9paration (Inirr), mise en place en novembre\u00a02021 par l\u2019\u00e9piscopat pour r\u00e9pondre aux demandes des victimes de pr\u00eatres, peine encore \u00e0 se constituer.<\/span><\/i><b><i><\/i><\/b><\/p>\n<p class=\"x_ydpa0a8cb02MsoNormal\"><span style=\"font-size: 14pt\"><strong><a href=\"http:\/\/asvpnf.com\/wp-content\/uploads\/2022\/05\/DOCUMENT-4-Les-nouvelles-recrues.pdf\" target=\"_blank\" rel=\"noopener\">DOCUMENT 4 <\/a><\/strong><\/span><b><span lang=\"EN-US\">.Les nouvelles recrues de l\u2019Eglise catholique. <\/span><\/b><\/p>\n<p class=\"x_ydpa0a8cb02MsoNormal\"><b><i><span lang=\"EN-US\"><a href=\"https:\/\/www.golias-editions.fr\/2022\/05\/26\/les-nouvelles-recrues-de-leglise-catholique\/\" target=\"_blank\" rel=\"nofollow noopener noreferrer\" data-auth=\"NotApplicable\" data-linkindex=\"3\">https:\/\/www.golias-editions.fr\/2022\/05\/26\/les-nouvelles-recrues-de-leglise-catholique\/<\/a><\/span><\/i><\/b><\/p>\n<p class=\"x_ydpa0a8cb02MsoNormal\"><span lang=\"EN-US\"><i>Plus de dix ans apr\u00e8s la constitution apostolique <\/i>Anglicanorum coetibus<i> de Beno\u00eet XVI, promulgu\u00e9e en 2009, quatre \u00e9v\u00eaques anglicans ont pris la d\u00e9cision de quitter leur confession ces derniers mois pour rejoindre l\u2019\u00c9glise catholique, et visiblement son aile la plus conservatrice.<\/i><\/span><b><i><\/i><\/b><\/p>\n<p class=\"x_ydpa0a8cb02MsoNormal\"><b><span lang=\"EN-US\">DOCUMENT 5<\/span><\/b><b><span lang=\"EN-US\">.L\u2019emprise-Vingt ann\u00e9es d\u2019ali\u00e9nation\u00a0 spirituelle et sexuelle.<\/span><\/b><\/p>\n<p class=\"x_ydpa0a8cb02MsoNormal\"><b><i><span lang=\"EN-US\"><a href=\"https:\/\/www.golias-editions.fr\/2020\/11\/06\/lemprise-vingt-annees-dalienation-spirituelle-et-sexuelle\/\" target=\"_blank\" rel=\"nofollow noopener noreferrer\" data-auth=\"NotApplicable\" data-linkindex=\"4\">https:\/\/www.golias-editions.fr\/2020\/11\/06\/lemprise-vingt-annees-dalienation-spirituelle-et-sexuelle\/<\/a><\/span><\/i><\/b><\/p>\n<p class=\"x_ydpa0a8cb02MsoNormal\"><strong><i><span lang=\"EN-US\">Comment peut-on, quand on est une femme, jeune certes mais adulte, se laisser s\u00e9duire et abuser si longtemps (une vingtaine d\u2019ann\u00e9es), psychologiquement, spirituellement, sexuellement, par deux religieux beaucoup plus \u00e2g\u00e9s, au nom de \u00ab l\u2019amour de J\u00e9sus \u00bb, au nom des \u00ab gr\u00e2ces mystiques de J\u00e9sus et de Marie\u00a0\u00bb\u00a0?<\/span><\/i><\/strong><\/p>\n<p class=\"x_ydpa0a8cb02MsoNormal\"><strong><span lang=\"EN-US\">\u00a0<\/span><\/strong><\/p>\n<p class=\"x_ydpa0a8cb02MsoNormal\"><strong><span lang=\"EN-US\">Nous remercions\u00a0 chaleureusement\u00a0 <i>Christian Terras<\/i>, Editeur en chef de <i>Golias<\/i> de nous permettre ces nouveaux emprunts.<\/span><\/strong><\/p>\n","protected":false},"excerpt":{"rendered":"<p>Les visiteurs de ce site, enclins \u00e0 rester inform\u00e9s des mauvaises fortunes de l\u2019Eglise catholique , pourront consulter\u00a0 cinq documents r\u00e9pertori\u00e9s ci-dessous en cliquant, suite \u00e0 leur(s) choix, sur des items s\u00e9lectionn\u00e9s pour l\u2019actualit\u00e9de leur mati\u00e8re\u00a0 et d\u00e9sign\u00e9s par : <a class=\"more-link\" href=\"https:\/\/asvpnf.com\/index.php\/2022\/05\/31\/tribulations-et-afflictions-ecclesiales-suite\/\">En lire plus &#8230;<\/a><\/p>\n","protected":false},"author":9,"featured_media":0,"comment_status":"closed","ping_status":"closed","sticky":false,"template":"","format":"standard","meta":{"spay_email":""},"categories":[11],"tags":[],"jetpack_featured_media_url":"","_links":{"self":[{"href":"https:\/\/asvpnf.com\/index.php\/wp-json\/wp\/v2\/posts\/6512"}],"collection":[{"href":"https:\/\/asvpnf.com\/index.php\/wp-json\/wp\/v2\/posts"}],"about":[{"href":"https:\/\/asvpnf.com\/index.php\/wp-json\/wp\/v2\/types\/post"}],"author":[{"embeddable":true,"href":"https:\/\/asvpnf.com\/index.php\/wp-json\/wp\/v2\/users\/9"}],"replies":[{"embeddable":true,"href":"https:\/\/asvpnf.com\/index.php\/wp-json\/wp\/v2\/comments?post=6512"}],"version-history":[{"count":3,"href":"https:\/\/asvpnf.com\/index.php\/wp-json\/wp\/v2\/posts\/6512\/revisions"}],"predecessor-version":[{"id":6526,"href":"https:\/\/asvpnf.com\/index.php\/wp-json\/wp\/v2\/posts\/6512\/revisions\/6526"}],"wp:attachment":[{"href":"https:\/\/asvpnf.com\/index.php\/wp-json\/wp\/v2\/media?parent=6512"}],"wp:term":[{"taxonomy":"category","embeddable":true,"href":"https:\/\/asvpnf.com\/index.php\/wp-json\/wp\/v2\/categories?post=6512"},{"taxonomy":"post_tag","embeddable":true,"href":"https:\/\/asvpnf.com\/index.php\/wp-json\/wp\/v2\/tags?post=6512"}],"curies":[{"name":"wp","href":"https:\/\/api.w.org\/{rel}","templated":true}]}}