{"id":6554,"date":"2022-07-11T18:03:00","date_gmt":"2022-07-11T17:03:00","guid":{"rendered":"https:\/\/asvpnf.com\/?p=6554"},"modified":"2022-07-11T18:03:00","modified_gmt":"2022-07-11T17:03:00","slug":"resurrection-du-trio-infernal-trone-autel-et-sabre-ou-russie-ukraine-la-religion-dans-la-guerre","status":"publish","type":"post","link":"https:\/\/asvpnf.com\/index.php\/2022\/07\/11\/resurrection-du-trio-infernal-trone-autel-et-sabre-ou-russie-ukraine-la-religion-dans-la-guerre\/","title":{"rendered":"R\u00e9surrection du trio infernal   tr\u00f4ne, autel et sabre  ou  RUSSIE-UKRAINE  : la religion dans la guerre"},"content":{"rendered":"<p class=\"x_ydp22336736yiv4073857715ydpf5ce2d3MsoNoSpacing\"><b><span lang=\"EN-US\">Sur\u00a0 le sujet d\u2019actualit\u00e9\u00a0 \u00ab\u00a0Conflit ukrainien et religion\u00a0\u00bb <i>La Croix<\/i> \u00e9crivait r\u00e9cemment\u00a0: \u00ab\u00a0Le\u00a0<a href=\"https:\/\/www.la-croix.com\/Monde\/crise-ukrainienne\" target=\"_blank\" rel=\"nofollow noopener noreferrer\" data-auth=\"NotApplicable\" data-linkindex=\"0\">conflit ukrainien<\/a>, une guerre de religions\u202f? Non, mais les \u00e9l\u00e9ments religieux ne sont pas absents. La Russie et l\u2019<a href=\"https:\/\/www.la-croix.com\/Actualite\/Europe\/Ukraine\" target=\"_blank\" rel=\"nofollow noopener noreferrer\" data-auth=\"NotApplicable\" data-linkindex=\"1\">Ukraine<\/a>\u00a0sont deux pays de culture orthodoxe, qui a pu \u00eatre mise au service d\u2019une rh\u00e9torique nationaliste. Entre le patriarche de Moscou, Kirill, proche de Poutine, et la nouvelle \u00c9glise orthodoxe d\u2019Ukraine, reconnue par le Patriarcat de Constantinople, la rivalit\u00e9 est moins th\u00e9ologique que nationale.\u00a0\u00bb<\/span><\/b><\/p>\n<p class=\"x_ydp22336736yiv4073857715ydpf5ce2d3MsoNoSpacing\"><b><span lang=\"EN-US\">URL\u00a0: <\/span><\/b><b><i><span lang=\"EN-US\">https:\/\/www.la-croix.com\/Religion\/conflit-ukrainien-religions-ukraine<\/span><\/i><\/b><b><i><\/i><\/b><\/p>\n<p class=\"x_ydp22336736yiv4073857715ydpf5ce2d3MsoNoSpacing\"><b><span lang=\"EN-US\">\u00a0<\/span><\/b><\/p>\n<p class=\"x_ydp22336736yiv4073857715ydpf5ce2d3MsoNoSpacing\"><b><span lang=\"EN-US\">\u00a0On apprend par ailleurs dans <i>MEDIAPART <\/i>(28 mars 2022) que \u00ab\u00a0Le 23 f\u00e9vrier, veille de l\u2019invasion de l\u2019Ukraine, Cyrille, patriarche de Moscou et de toutes les Russies, primat de l&rsquo;\u00c9glise orthodoxe russe, rend hommage \u00e0 Vladimir Poutine, pr\u00e9sident de la f\u00e9d\u00e9ration de Russie, lors de la f\u00eate du \u00ab D\u00e9fenseur de la patrie \u00bb. Le 27 f\u00e9vrier, dans son hom\u00e9lie au Christ-Sauveur, Cyrille fustige les \u00ab forces du mal \u00bb qui veulent emp\u00eacher Vladimir Poutine de r\u00e9aliser \u00ab l\u2019unit\u00e9 de toutes les Russies \u00bb. C\u2019est, pour les orthodoxes, le dimanche pr\u00e9ludant le Car\u00eame, dit du Jugement dernier. D\u00e8s sa prise de fonction en 2009, Cyrille <i>pr\u00f4ne la\u00a0symph\u014dn\u00eda: accord, concorde entre l\u2019Eglise et l\u2019Etat. Jean-Fran\u00e7ois Colosimo<\/i>, auteur notamment de \u00ab\u00a0<a href=\"https:\/\/www.editionsducerf.fr\/librairie\/livre\/19170\/l-apocalypse-russe-lexio\" target=\"_blank\" rel=\"nofollow noopener noreferrer\" data-auth=\"NotApplicable\" data-linkindex=\"2\"><i>L\u2019apocalypse russe. Dieu au pays de Dosto\u00efevski<\/i>\u00a0<\/a>\u00bb, rappelle ces faits dans le journal \u00ab\u00a0<i>La Croix<\/i>\u00a0\u00bb.<\/span><\/b><\/p>\n<p class=\"x_ydp22336736yiv4073857715ydpf5ce2d3MsoNoSpacing\"><b><span lang=\"EN-US\">On d\u00e9couvre cependant \u00a0dans la m\u00eame publication\u00a0 que\u00a0 \u00ab\u00a0La Russie est un pays officiellement la\u00efque. Selon l\u2019article 14 de la Constitution de Russie promulgu\u00e9e en 1993 \u00a0la F\u00e9d\u00e9ration de Russie est un Etat la\u00efque. Aucune religion ne peut \u00eatre instaur\u00e9e en qualit\u00e9 de religion d\u2019Etat ou obligatoire.\u00a0Les associations religieuses sont s\u00e9par\u00e9es de l\u2019Etat et sont \u00e9gales devant la loi \u00bb.\u00a0 \u201cL\u2019enseignement est la\u00efque dans les \u00e9coles d\u2019\u00c9tat et municipales. La loi de 2012 sur l\u2019enseignement obligatoire de la religion \u00e0 l\u2019\u00e9cole est cens\u00e9e imposer un enseignement objectif et non pros\u00e9lyte. La religion orthodoxe est n\u00e9anmoins pr\u00e9sent\u00e9e comme une composante indissociable de l\u2019identit\u00e9 nationale. En 2013 la loi sur l\u2019offense aux sentiments religieux entre en vigueur. Cf.\u00a0 l\u2019URL\u00a0: <\/span><\/b><b><i><span lang=\"EN-US\">https:\/\/blogs.mediapart.fr\/edition\/laicite\/article\/280322\/russie-ukraine-la-religion-dans-la-guerre<\/span><\/i><\/b><\/p>\n<p class=\"x_ydp22336736yiv4073857715ydpf5ce2d3MsoNoSpacing\"><b><span lang=\"EN-US\">On peut \u00e9galement lire dans <i>COURRIER INTERNATIONAL<\/i>\u00a0que\u00a0 \u00ab\u00a0L\u2019\u00c9glise orthodoxe se d\u00e9chire sur la guerre en Ukraine :L\u2019invasion de l\u2019Ukraine par la Russie a renforc\u00e9 le schisme entre le patriarcat de Moscou et celui de Constantinople. On se propose de rompre tout lien avec Moscou ayant compris <em>\u00a0que le patriarcat de Moscou ne s\u2019int\u00e9ressait pas \u00e0 la th\u00e9ologie, qu\u2019il ne se pr\u00e9occupait que de soutenir l\u2019id\u00e9ologie de l\u2019\u00c9tat.\u00a0<\/em><\/span><\/b><b><span lang=\"EN-US\">On y \u00a0rel\u00e8ve aussi\u00a0 une position intenable pour les fid\u00e8les puisque \u00ab\u00a0La guerre en Ukraine dresse les uns contre les autres des combattants qui reconnaissent l\u2019autorit\u00e9 du patriarche de Moscou et met les fid\u00e8les ukrainiens dans une position particuli\u00e8rement intenable.La tradition, en effet, veut que les chr\u00e9tiens orthodoxes prient pour leur patriarche lors de tous les offices. \u201c<em>Comment pouvez-vous accepter de dire des pri\u00e8res pour le patriarche qui b\u00e9nit les soldats qui tentent de tuer votre fils\u00a0?\u201d<\/em>\u00a0.<\/span><\/b><\/p>\n<p class=\"x_ydp22336736yiv4073857715ydpf5ce2d3MsoNoSpacing\"><b><span lang=\"EN-US\">Cf. l\u2019URL\u00a0: <i>https:\/\/www.courrierinternational.com\/article\/religion-l-eglise-orthodoxe-se-dechire-sur-la-guerre-en-ukraine<\/i><\/span><\/b><\/p>\n<p class=\"x_ydp22336736yiv4073857715ydpf5ce2d3MsoNoSpacing\"><b><span lang=\"EN-US\">Notons enfin, la mati\u00e8re est in\u00e9puisable, que\u00a0 selon <i>Le Monde<\/i> du \u00a04 mars 2022 :\u00ab\u00a0L\u2019Ukraine catalyse une crise au sein du monde orthodoxe entre Moscou et Constantinople\u00a0. La guerre men\u00e9e par la Russie en Ukraine est aussi religieuse, analyse l\u2019historien Antoine Arjakovsky, qui explique comment ce conflit oppose le patriarche de Moscou, devenu id\u00e9ologue de l\u2019imp\u00e9rialisme du Kremlin, \u00e0 une Eglise orthodoxe d\u2019Ukraine qui s\u2019est \u00e9mancip\u00e9e de la tutelle russe en\u00a02019.\u00a0\u00bb<\/span><\/b><b><span lang=\"EN-US\">Cf. l\u2019URL\u00a0:\u00a0 <i>https:\/\/www.lemonde.fr\/le-monde-des-religions\/article\/2022\/03\/04\/l-ukraine-catalyse-une-crise-au-sein-du-monde-orthodoxe-entre-moscou-et<\/i>&#8211;<i>constantinople_6116091_6038514.html<\/i><\/span><\/b><\/p>\n<p class=\"x_ydp22336736yiv4073857715ydpf5ce2d3MsoNoSpacing\"><b><i><span lang=\"EN-US\">\u00a0<\/span><\/i><\/b><\/p>\n<p class=\"x_ydp22336736yiv4073857715ydpf5ce2d3MsoNoSpacing\"><b><span lang=\"EN-US\">On devine ainsi, sans ambage,\u00a0 que dans cette guerre \u2013il faut l\u2019appeler par son nom- on n\u2019en est plus au stade des fantasmes de l\u2019alliance du tr\u00f4ne et de l\u2019autel telle qu\u2019elle fut stigmatis\u00e9e et combattue en d\u2019autre lieux\u00a0 et en d\u2019autres temps et qu\u2019il en est vraisemblablement de m\u00eame pour l\u2019union\u00a0 du\u00a0 sabre et du goupillon\u00a0.\u00a0<\/span><\/b><b><span lang=\"EN-US\">C\u2019est en partant de ce constat d\u2019un nouveau triomphe de l\u2019obscurantisme \u00e0 nos portes\u00a0 et de toutes les souffrances qu\u2019il entra\u00eene qu\u2019il paraissait\u00a0 opportun\u00a0 de mettre en ligne sur ce site\u00a0 deux articles parus r\u00e9cemment dans Ufal INFO n\u00b0 88 ( 1er trimestre 2022)\u00a0 d\u00e9volus\u00a0 au r\u00f4le de la religion dans la\u00a0 guerre et \u00e0 l\u2019alliance av\u00e9r\u00e9e qu\u2019elle entretient\u00a0 avec le nationalisme, \u00e0 l\u2019origine d\u2019un conflit fratricide.<\/span><\/b><\/p>\n<p class=\"x_ydp22336736yiv4073857715ydpf5ce2d3MsoNoSpacing\"><b><span lang=\"EN-US\">Compte tenu de nos engagements la\u00efques et de notre combat contre tous les cl\u00e9ricalismes nous proposons \u00e0 l\u2019instar de <i>Nicolas Pomi\u00e8s<\/i> , Editeur en chef d\u2019Ufal INFO, de \u201cr\u00e9pandre notre vision mat\u00e9rialiste, la\u00efque, d\u00e9mocratique de\u00a0 l\u2019humanisme des lumi\u00e8res-celui\u00a0 qui\u00a0 transcende par la Raison les vieilles divisions ethniques et religieuses\u201d.\u00a0 Au m\u00eame titre, nous reprenons aussi \u00e0 notre compte cette citation de L\u00e9on Bourgeois:\u201dpas d\u2019harmonie sans l\u2019ordre, pas d\u2019ordre sans la paix, pas de paix sans la libert\u00e9, pas de libert\u00e9 sans la justice\u201d .\u00a0 <\/span><\/b><\/p>\n<p class=\"x_ydp22336736yiv4073857715ydpf5ce2d3MsoNoSpacing\"><b><span lang=\"EN-US\">\u00a0<\/span><\/b><b><span lang=\"EN-US\">Les visiteurs int\u00e9ress\u00e9s pourront consulter les deux articles \u00a0\u00a0en question associ\u00e9s en un seul fichier <\/span><\/b><b><span lang=\"EN-US\"><span style=\"font-size: 14pt\"><a href=\"http:\/\/asvpnf.com\/wp-content\/uploads\/2022\/07\/COSMISME.pdf\" target=\"_blank\" rel=\"noopener\">en cliquant ici<\/a><\/span>.<\/span><\/b><\/p>\n<p class=\"x_ydp22336736yiv4073857715ydpf5ce2d3MsoNoSpacing\"><b><span lang=\"EN-US\">Il est intitul\u00e9\u00a0 :<\/span><\/b><\/p>\n<p class=\"x_ydp22336736yiv4073857715ydpf5ce2d3MsoNoSpacing\"><b><span lang=\"EN-US\">\u00a0<\/span><\/b><\/p>\n<p class=\"x_ydp22336736yiv4073857715ydpf5ce2d3MsoNormal\" align=\"center\"><b><span lang=\"EN-US\">Les dossiers d\u2019<i>Ufal<\/i> INFO (3)<\/span><\/b><\/p>\n<p class=\"x_ydp22336736yiv4073857715ydpf5ce2d3MsoNormal\" align=\"center\"><b><span lang=\"EN-US\">Russie\u2013Ukraine<\/span><\/b><\/p>\n<p class=\"x_ydp22336736yiv4073857715ydpf5ce2d3MsoNormal\" align=\"center\"><b><i><span lang=\"EN-US\">Quelle est la place de la religion dans la guerre?<\/span><\/i><\/b><\/p>\n<p class=\"x_ydp22336736yiv4073857715ydpf5ce2d3MsoNoSpacing\"><b><span lang=\"EN-US\">\u00a0<\/span><\/b><\/p>\n<p class=\"x_ydp22336736yiv4073857715ydpf5ce2d3MsoNoSpacing\"><b><span lang=\"EN-US\">Nous remercions Ufal INFO de nous avoir autoris\u00e9 \u00e0 reproduire les deux articles de fa\u00e7on \u00e0 les repr\u00e9senter sur ce site. <\/span><\/b><\/p>\n","protected":false},"excerpt":{"rendered":"<p>Sur\u00a0 le sujet d\u2019actualit\u00e9\u00a0 \u00ab\u00a0Conflit ukrainien et religion\u00a0\u00bb La Croix \u00e9crivait r\u00e9cemment\u00a0: \u00ab\u00a0Le\u00a0conflit ukrainien, une guerre de religions\u202f? Non, mais les \u00e9l\u00e9ments religieux ne sont pas absents. La Russie et l\u2019Ukraine\u00a0sont deux pays de culture orthodoxe, qui a pu \u00eatre <a class=\"more-link\" href=\"https:\/\/asvpnf.com\/index.php\/2022\/07\/11\/resurrection-du-trio-infernal-trone-autel-et-sabre-ou-russie-ukraine-la-religion-dans-la-guerre\/\">En lire plus &#8230;<\/a><\/p>\n","protected":false},"author":9,"featured_media":0,"comment_status":"closed","ping_status":"closed","sticky":false,"template":"","format":"standard","meta":{"spay_email":""},"categories":[10],"tags":[47],"jetpack_featured_media_url":"","_links":{"self":[{"href":"https:\/\/asvpnf.com\/index.php\/wp-json\/wp\/v2\/posts\/6554"}],"collection":[{"href":"https:\/\/asvpnf.com\/index.php\/wp-json\/wp\/v2\/posts"}],"about":[{"href":"https:\/\/asvpnf.com\/index.php\/wp-json\/wp\/v2\/types\/post"}],"author":[{"embeddable":true,"href":"https:\/\/asvpnf.com\/index.php\/wp-json\/wp\/v2\/users\/9"}],"replies":[{"embeddable":true,"href":"https:\/\/asvpnf.com\/index.php\/wp-json\/wp\/v2\/comments?post=6554"}],"version-history":[{"count":1,"href":"https:\/\/asvpnf.com\/index.php\/wp-json\/wp\/v2\/posts\/6554\/revisions"}],"predecessor-version":[{"id":6556,"href":"https:\/\/asvpnf.com\/index.php\/wp-json\/wp\/v2\/posts\/6554\/revisions\/6556"}],"wp:attachment":[{"href":"https:\/\/asvpnf.com\/index.php\/wp-json\/wp\/v2\/media?parent=6554"}],"wp:term":[{"taxonomy":"category","embeddable":true,"href":"https:\/\/asvpnf.com\/index.php\/wp-json\/wp\/v2\/categories?post=6554"},{"taxonomy":"post_tag","embeddable":true,"href":"https:\/\/asvpnf.com\/index.php\/wp-json\/wp\/v2\/tags?post=6554"}],"curies":[{"name":"wp","href":"https:\/\/api.w.org\/{rel}","templated":true}]}}