{"id":6558,"date":"2022-07-20T10:42:21","date_gmt":"2022-07-20T09:42:21","guid":{"rendered":"http:\/\/asvpnf.com\/?p=6558"},"modified":"2022-07-20T10:42:21","modified_gmt":"2022-07-20T09:42:21","slug":"pourquoi-la-gauche-francaise-est-elle-a-la-derive","status":"publish","type":"post","link":"https:\/\/asvpnf.com\/index.php\/2022\/07\/20\/pourquoi-la-gauche-francaise-est-elle-a-la-derive\/","title":{"rendered":"Pourquoi la  Gauche fran\u00e7aise  est-elle  \u00e0 la d\u00e9rive ?"},"content":{"rendered":"<div>\n<div dir=\"ltr\"><b><span lang=\"EN-US\">\u201cLa Gauche\u201d i.e. les partis et associations s&rsquo;en r\u00e9clamant\u00a0fut\u00a0 consid\u00e9r\u00e9e, depuis l&rsquo;av\u00e8nement de la 3\u00e8 R\u00e9publique, comme incarnant(et d\u00e9fendant activement)\u00a0 mieux qu\u2019aucun autre courant de pens\u00e9e les principes de tol\u00e9rance et de\u00a0 la\u00efcit\u00e9 r\u00e9publicaines et les institutions y aff\u00e9rent , notamment l&rsquo;Ecole publique.\u00a0Ceci\u00a0 semblait constituer\u00a0 une doxa irr\u00e9fragable jusqu&rsquo;\u00e0 ce que lesdits mouvements\u00a0 ne se trouvent, sans doute, par la volont\u00e9\u00a0 de\u00a0 contempteurs\u00a0 divers (venus ou non de ses rangs),\u00a0 en voie\u00a0 de disparition.\u00a0<\/span><\/b><\/div>\n<div dir=\"ltr\">\n<div dir=\"ltr\">\n<p class=\"x_ydpf297dd15yiv0090856858ydpd5854600MsoNoSpacing\"><b><span lang=\"EN-US\">Les r\u00e9sultats des\u00a0\u00e9lections pr\u00e9sidentielle et l\u00e9gislatives de l&rsquo;ann\u00e9e 2022 en t\u00e9moignent largement\u00a0. En parall\u00e8le et c\u2019est bien naturel, paraissent\u00a0 des\u00a0 ouvrages tentant de faire l&rsquo;ex\u00e9g\u00e8se\u00a0 de ces d\u00e9ch\u00e9ances coupables.\u00a0Des \u00e9l\u00e9ments explicatifs pourraient r\u00e9sider dans l&rsquo;effet boomerang\u00a0 provoqu\u00e9\u00a0 soit \u00a0par les gesticulations et actions d&rsquo; une \u201cgauche\u201d dress\u00e9e contre les Lumi\u00e8res\u00a0 \u00a0soit par celles d&rsquo; une gauche qui, trahissant\u00a0 \u00a0le peuple de France , s&rsquo;oppose au progr\u00e8s et \u00e0 la justice sociale.\u00a0 C\u2019est ce qui ressort des recensions de tels ouvrages \u00a0effectu\u00e9es par <i>Philippe Foussier<\/i>\u00a0 et publi\u00e9es \u00a0dans \u00a0<i>Mezetulle,<\/i> le bloc revue de <i>Catherine Kintzler<\/i> . <\/span><\/b><\/p>\n<p class=\"x_ydpf297dd15yiv0090856858ydpd5854600MsoNoSpacing\"><b><span lang=\"EN-US\">Comment, devant\u00a0 des r\u00e9alit\u00e9s si pr\u00e9occupantes, ne pas revenir \u00e0 des\u00a0 principes fondateurs \u00e0 cet \u00e9gard\u00a0 tels qu&rsquo;ils furent exprim\u00e9s au d\u00e9but du 20\u00e8 si\u00e8cle\u00a0 par\u00a0 <\/span><\/b><b><span lang=\"EN-US\">Jean Jaur\u00e8s<\/span><\/b><b><span lang=\"EN-US\"> et d&rsquo;en tirer le meilleur tant pour les n\u00e9cessaires refondations du pr\u00e9sent que pour celles de l&rsquo;avenir ? .\u00a0 <i>Jaur\u00e8s<\/i> indiquait entre autres\u00a0 :<\/span><\/b><\/p>\n<p class=\"x_ydpf297dd15yiv0090856858ydpd5854600MsoNoSpacing\"><b><i><span lang=\"EN-US\">\u00a0<\/span><\/i><\/b><b><i><span lang=\"EN-US\">\u00a0&#8211; Tout\u00a0recul et toute somnolence de la R\u00e9publique a \u00e9t\u00e9 une diminution ou une langueur de la La\u00efcit\u00e9.\u00a0 (Jean Jaur\u00e8s, discours de Castres, 30 juillet 1904)<\/span><\/i><\/b><\/p>\n<p class=\"x_ydpf297dd15yiv0090856858ydpd5854600MsoNoSpacing\"><b><i><span lang=\"EN-US\">\u00a0<\/span><\/i><\/b><b><i><span lang=\"EN-US\">&#8211; C\u2019est \u00e0 nous de fatiguer le doute du peuple par la pers\u00e9v\u00e9rance de notre d\u00e9vouement.\u00a0<\/span><\/i><\/b><\/p>\n<div><b><i><span lang=\"EN-US\">\u00a0<\/span><\/i><\/b><b><i><span lang=\"EN-US\">&#8211; Un des principaux obstacles au progr\u00e8s social, c\u2019est l\u2019esprit de d\u00e9couragement d\u2019une trop grande partie des exploit\u00e9s eux-m\u00eames. ( Jean Jaur\u00e8s, Chambre des D\u00e9put\u00e9s, 19 juin 1906)<\/span><\/i><\/b><\/div>\n<div><b><i><span lang=\"EN-US\">\u00a0<\/span><\/i><\/b><\/div>\n<div dir=\"ltr\"><b><i><span lang=\"EN-US\">&#8211; Quand les hommes ne peuvent changer les choses, ils changent les mots.(Congr\u00e8s socialiste international, septembre 1900)<br aria-hidden=\"true\" \/><\/span><\/i><\/b><\/div>\n<p class=\"x_ydpf297dd15yiv0090856858ydpd5854600MsoNoSpacing\"><b><i><span lang=\"EN-US\">\u00a0<\/span><\/i><\/b><b><i><span lang=\"EN-US\">&#8211; La R\u00e9publique doit \u00eatre la\u00efque et sociale mais restera la\u00efque parce qu\u2019elle aura su \u00eatre sociale<\/span><\/i><\/b><\/p>\n<table class=\"x_ydpf297dd15yiv0090856858ydpd5854600MsoNormalTable\" border=\"0\" width=\"581\" cellspacing=\"0\" cellpadding=\"0\">\n<tbody>\n<tr>\n<td valign=\"top\" width=\"87\"><\/td>\n<td valign=\"top\">\n<p class=\"x_ydpf297dd15yiv0090856858ydpd5854600MsoNoSpacing\"><span lang=\"EN-US\">\u00a0<\/span><\/p>\n<p class=\"x_ydpf297dd15yiv0090856858ydpd5854600MsoNoSpacing\"><span lang=\"EN-US\">\u00a0<\/span><\/p>\n<\/td>\n<\/tr>\n<\/tbody>\n<\/table>\n<p><b><span lang=\"EN-US\">D\u00e8s 2020,\u00a0<\/span><\/b><b><i><span lang=\"EN-US\">St\u00e9phanie\u00a0 Roza<\/span><\/i><\/b><b><span lang=\"EN-US\"> rapportait\u00a0 dans un \u00a0des ouvrages cit\u00e9s dans cet article, \u00a0des \u00e9l\u00e9ments nouveaux \u201cpour analyser cette offensive consid\u00e9rable men\u00e9e par la Gauche fran\u00e7aise ou ce qui est consid\u00e9r\u00e9 comme la repr\u00e9sentant contre l\u2019h\u00e9ritage des Lumi\u00e8res, la raison, le progr\u00e8s, l\u2019universalisme, et m\u00eame tout simplement l\u2019humanisme.\u00a0Pour sortir de cette logique, elle proposait de se ressourcer aupr\u00e8s de Jaur\u00e8s, qui repr\u00e9sente selon elle \u00ab <i>la matrice id\u00e9ologique la plus f\u00e9conde pour affronter les probl\u00e8mes de notre temps<\/i> \u00bb. Quelle que soit la recette, si la gauche continue \u00e0 s\u2019\u00e9loigner des Lumi\u00e8res et\u00a0a fortiori\u00a0\u00e0 les condamner, elle n\u2019aura bient\u00f4t plus de gauche que le nom. Le triomphe de ses adversaires sera total.\u201d (URL.<\/span><\/b><span lang=\"EN-US\"> <span class=\"x_ydpf297dd15yiv0090856858ydpd5854600mz-citercetarticle-url\"><b><i>https:\/\/www.mezetulle.fr\/la-gauche-contre-les-lumieres-de-stephanie-roza-lu-par-p-foussier\/<\/i><\/b><\/span><span class=\"x_ydpf297dd15yiv0090856858ydpd5854600mz-citercetarticle-description\">\u00ab\u00a0<\/span><\/span><b><span lang=\"EN-US\"> )<\/span><\/b><\/p>\n<p class=\"x_ydpf297dd15yiv0090856858ydpd5854600MsoNoSpacing\"><b><span lang=\"EN-US\">\u00a0<\/span><\/b><\/p>\n<p class=\"x_ydpf297dd15yiv0090856858ydpd5854600MsoNoSpacing\"><b><span lang=\"EN-US\">Dans ce contexte, au printemps 2022,\u00a0 on pouvait lire dans le quotidien\u00a0 \u00a0<i>La Croix<\/i>\u00a0 :\u00a0\u00ab\u00a0Le principal probl\u00e8me de la gauche, c\u2019est que les milieux populaires ne votent plus pour elle\u00a0\u00bb ce quotidien rendant compte d&rsquo;un entretien accord\u00e9 par <i>R\u00e9mi Lefebvre<\/i>, professeur de science politique \u00e0 Lille,\u00a0 bon connaisseur de la gauche fran\u00e7aise. \u00c0 l\u2019occasion de la sortie de son livre <i>Faut-il d\u00e9sesp\u00e9rer de la gauche\u00a0?<\/i>\u00a0 et \u00e0 trois semaines du premier tour de l\u2019\u00e9lection pr\u00e9sidentielle, il expliquait comment les responsables politiques de gauche n\u2019ont pas su retrouver une place dans l\u2019\u00e9chiquier politique (URL<a class=\"x_ydpf297dd15yiv0090856858\" href=\"https:\/\/www.la-croix.com\/Debats\/Le-principal-probleme-gauche-cest-milieux-populaires-votent-elle-2022-03-22-1201206321\" target=\"_blank\" rel=\"nofollow noopener noreferrer\" data-auth=\"NotApplicable\" data-linkindex=\"0\">https:\/\/www.la-croix.com\/debats\/le-principal-probleme-gauche-cest-milieux-populaires-votent-elle-2022-03-22-1201206321<\/a>)<\/span><\/b><\/p>\n<div><b>\u00a0<\/b><\/div>\n<div><b>\u00a0<\/b><\/div>\n<div><b>Au lendemain de l\u2019\u00e9lection pr\u00e9sidentielle du printemps\u00a0 2022, le journaliste <i>Renaud D\u00e9ly <\/i>analyse la mani\u00e8re dont la gauche a trahi le projet des Lumi\u00e8res et les id\u00e9aux du progr\u00e8s dans un ouvrage intitul\u00e9 \u00ab\u00a0<i>Anatomie d&rsquo;une trahison. La gauche contre le progr\u00e8s<\/i> \u00ab\u00a0.<br aria-hidden=\"true\" \/><\/b><\/div>\n<p>&nbsp;<\/p>\n<h5><span style=\"font-family: Helvetica Neue, Helvetica, Arial, sans-serif;font-size: medium\">Il y note\u00a0: \u00ab\u00a0Quand Emmanuel Macron a moqu\u00e9 le \u00ab\u2009mod\u00e8le amish\u2009\u00bb \u00e0 propos de ceux qui refusaient le d\u00e9ploiement de la 5G, \u00e9tait-il si \u00e9loign\u00e9 de la r\u00e9alit\u00e9\u00a0? La gauche n\u2019aurait-elle pas bel et bien trahi le progr\u00e8s, si cher \u00e0 ses p\u00e8res fondateurs\u00a0?Au fil de l\u2019ouvrage, <i>Renaud D\u00e9ly<\/i> diss\u00e8que la m\u00e9tamorphose d\u2019un camp qui se d\u00e9tourne de ses id\u00e9aux et se fourvoie dans des combats herm\u00e9tiques. Entre d\u00e9rives identitaires, repli communautaire, rejet du patriotisme et conversion au catastrophisme, cette famille politique fondatrice de la R\u00e9publique tourne le dos \u00e0 l\u2019avenir et se referme sur des certitudes d\u00e9su\u00e8tes, d\u00e9connect\u00e9es du r\u00e9el et de l\u2019\u00e9poque. L\u2019indignation lui tient lieu de r\u00e9flexion. Privil\u00e9giant l\u2019invective et le sectarisme au dialogue et \u00e0 la nuance, cette gauche de l\u2019entre-soi exclut aujourd\u2019hui tout, jusqu\u2019\u00e0 elle-m\u00eame. La gauche en France n\u2019est plus. Au lendemain de l\u2019\u00e9lection, il y a urgence \u00e0 en mener l\u2019autopsie, dans l\u2019espoir de la voir un jour op\u00e9rer son indispensable r\u00e9surrection\u00a0\u00bb.(URL<i>.<a href=\"https:\/\/www.editionsobservatoire.com\/content\/Anatomie_dune_trahison\" target=\"_blank\" rel=\"nofollow noopener noreferrer\" data-auth=\"NotApplicable\" data-linkindex=\"1\">https:\/\/www.editionsobservatoire.com\/content\/Anatomie_dune_trahison<\/a><\/i>)<\/span><\/h5>\n<p class=\"x_ydpf297dd15yiv0090856858ydpd5854600MsoNoSpacing\"><b><span lang=\"EN-US\"><span style=\"font-family: Helvetica Neue, Helvetica, Arial, sans-serif;font-size: medium\">\u00a0<\/span><\/span><\/b><b><span lang=\"EN-US\">La gauche \u00a0dite de pouvoir (ou de gouvernement?) se serait-elle r\u00e9fugi\u00e9e dans le confort de l&rsquo;irrationnel? C&rsquo;est l\u2019une des questions existentielles pos\u00e9es\u00a0; elle reste comme d&rsquo;autres sans r\u00e9ponse. Pendant ce temps toutes les organisations de gauche\u00a0 s&rsquo;\u00e9tiolent\u00a0 abandonnant le peuple de France aux d\u00e9rives les plus diverses, \u00a0de mauvais augure pour \u00a0le devenir de la r\u00e9publique et de la justice sociale.<\/span><\/b><\/p>\n<p class=\"x_ydpf297dd15yiv0090856858ydpd5854600MsoNoSpacing\"><b><span lang=\"EN-US\">\u00a0<\/span><\/b><b><span lang=\"EN-US\">On peut ainsi lire dans <i>Tribune juive,<\/i>une analyse d\u00e9volue \u00e0 l\u2019ouvrage de <i>Renaud D\u00e9ly<\/i> :\u00a0\u00bb\u00a0Pour comprendre la gen\u00e8se de la crise id\u00e9ologique que traverse la gauche fran\u00e7aise, \u00e0 l\u2019origine des ruptures et recompositions en cours. Comment elle s\u2019est laiss\u00e9e peu \u00e0 peu gouverner par l\u2019\u00e9motion plut\u00f4t que par la raison, comment elle a c\u00e9d\u00e9 au r\u00e8gne de l\u2019indignation et de l\u2019excommunication, bref, <i>comment la gauche, faute de pouvoir le changer, a tourn\u00e9 le dos au r\u00e9el, par d\u00e9mission ou par illusion, pour se r\u00e9fugier dans un confortable repli identitaire <\/i>qui comble l\u2019aspiration \u00e0 la puret\u00e9 id\u00e9ologique d\u2019un noyau militant, mais l\u2019\u00e9loigne durablement du pouvoir. Une \u00e9volution qui vient de loin et s\u2019ach\u00e8ve par un tournant historique: l\u2019effacement de la social-d\u00e9mocratie au profit d\u2019une gauche radicale et souverainiste.\u00a0\u00bb<\/span><\/b><\/p>\n<p class=\"x_ydpf297dd15yiv0090856858ydpd5854600MsoNoSpacing\"><b><span lang=\"EN-US\">(URL.<i>tribunejuive.info\/2022\/05\/07\/renaud-dely-anatomie-dune-trahison-la-gauche-contre-le-progres\/)<\/i><\/span><\/b><\/p>\n<p class=\"x_ydpf297dd15yiv0090856858ydpd5854600MsoNoSpacing\"><b><i><span lang=\"EN-US\">\u00a0<\/span><\/i><\/b><b><span lang=\"EN-US\">Les visiteurs de ce site pourront consulter\u00a0\u00a0<\/span><\/b><span style=\"font-size: 14pt\"><strong><a href=\"http:\/\/asvpnf.com\/wp-content\/uploads\/2022\/07\/Le-livre-de-Renaud-Dely.pdf\" target=\"_blank\" rel=\"noopener\">en cliquant ici<\/a><\/strong><\/span><b><span lang=\"EN-US\"> la recension\u00a0 de l\u2019ouvrage de <i>R. D\u00e9ly <\/i>lu par <i>Philipe Foussier<\/i> publi\u00e9e dans <i>Mezetulle<\/i> le 10 juillet 2022\u00a0 . Elle s\u2019intitule :<\/span><\/b><\/p>\n<p class=\"x_ydpf297dd15yiv0090856858ydpd5854600MsoNoSpacing\"><b><span lang=\"EN-US\">\u00a0<\/span><\/b><\/p>\n<p class=\"x_ydpf297dd15yiv0090856858ydpd5854600MsoNoSpacing\"><b><span lang=\"EN-US\">\u00a0<\/span><\/b><b>Le livre de <i>Renaud D\u00e9ly<\/i> \u00ab\u00a0Anatomie d\u2019une trahison. La gauche contre le progr\u00e8s\u00a0\u00bb<\/b><\/p>\n<p class=\"x_ydpf297dd15yiv0090856858ydpd5854600MsoNormal\" align=\"center\"><b>lu par<\/b><\/p>\n<p class=\"x_ydpf297dd15yiv0090856858ydpd5854600MsoNormal\" align=\"center\"><b><i>\u00a0Philippe Foussier<\/i><\/b><\/p>\n<p class=\"x_ydpf297dd15yiv0090856858ydpd5854600MsoNormal\" align=\"center\"><b>\u00ab\u00a0La gauche \u00e0 la d\u00e9rive\u00a0\u00bb<\/b><\/p>\n<p class=\"x_ydpf297dd15yiv0090856858ydpd5854600MsoNormal\"><b>Ils\u00a0 y pourront aussi prendre connaissance de la recension de l\u2019ouvrage de <i>St\u00e9phanie Roza<\/i> (2020) \u00a0par\u00a0 le m\u00eame auteur.<\/b><\/p>\n<p class=\"x_ydpf297dd15yiv0090856858ydpd5854600MsoNormal\"><b>Que <i>Catherine Kintzler<\/i> soit \u00a0sinc\u00e8rement remerci\u00e9e de nous autoriser ces\u00a0 nouveaux emprunts . <\/b><\/p>\n<\/div>\n<\/div>\n<p><span style=\"font-family: Helvetica Neue, Helvetica, Arial, sans-serif;font-size: xx-large\"><b><br \/>\n<\/b><\/span><\/div>\n","protected":false},"excerpt":{"rendered":"<p>\u201cLa Gauche\u201d i.e. les partis et associations s&rsquo;en r\u00e9clamant\u00a0fut\u00a0 consid\u00e9r\u00e9e, depuis l&rsquo;av\u00e8nement de la 3\u00e8 R\u00e9publique, comme incarnant(et d\u00e9fendant activement)\u00a0 mieux qu\u2019aucun autre courant de pens\u00e9e les principes de tol\u00e9rance et de\u00a0 la\u00efcit\u00e9 r\u00e9publicaines et les institutions y aff\u00e9rent , <a class=\"more-link\" href=\"https:\/\/asvpnf.com\/index.php\/2022\/07\/20\/pourquoi-la-gauche-francaise-est-elle-a-la-derive\/\">En lire plus &#8230;<\/a><\/p>\n","protected":false},"author":9,"featured_media":0,"comment_status":"closed","ping_status":"closed","sticky":false,"template":"","format":"standard","meta":{"spay_email":""},"categories":[10],"tags":[47],"jetpack_featured_media_url":"","_links":{"self":[{"href":"https:\/\/asvpnf.com\/index.php\/wp-json\/wp\/v2\/posts\/6558"}],"collection":[{"href":"https:\/\/asvpnf.com\/index.php\/wp-json\/wp\/v2\/posts"}],"about":[{"href":"https:\/\/asvpnf.com\/index.php\/wp-json\/wp\/v2\/types\/post"}],"author":[{"embeddable":true,"href":"https:\/\/asvpnf.com\/index.php\/wp-json\/wp\/v2\/users\/9"}],"replies":[{"embeddable":true,"href":"https:\/\/asvpnf.com\/index.php\/wp-json\/wp\/v2\/comments?post=6558"}],"version-history":[{"count":1,"href":"https:\/\/asvpnf.com\/index.php\/wp-json\/wp\/v2\/posts\/6558\/revisions"}],"predecessor-version":[{"id":6560,"href":"https:\/\/asvpnf.com\/index.php\/wp-json\/wp\/v2\/posts\/6558\/revisions\/6560"}],"wp:attachment":[{"href":"https:\/\/asvpnf.com\/index.php\/wp-json\/wp\/v2\/media?parent=6558"}],"wp:term":[{"taxonomy":"category","embeddable":true,"href":"https:\/\/asvpnf.com\/index.php\/wp-json\/wp\/v2\/categories?post=6558"},{"taxonomy":"post_tag","embeddable":true,"href":"https:\/\/asvpnf.com\/index.php\/wp-json\/wp\/v2\/tags?post=6558"}],"curies":[{"name":"wp","href":"https:\/\/api.w.org\/{rel}","templated":true}]}}