{"id":6565,"date":"2022-08-11T17:11:22","date_gmt":"2022-08-11T16:11:22","guid":{"rendered":"https:\/\/asvpnf.com\/?p=6565"},"modified":"2022-08-11T17:11:22","modified_gmt":"2022-08-11T16:11:22","slug":"aux-anciens-laureats-du-concours-dentree-a-len-la-procedure-de-nomination-des-eveques-ou-comment-etre-sur-le-podium-de-la-terna-alors-que-le-discatere-concerne-se-feminise","status":"publish","type":"post","link":"https:\/\/asvpnf.com\/index.php\/2022\/08\/11\/aux-anciens-laureats-du-concours-dentree-a-len-la-procedure-de-nomination-des-eveques-ou-comment-etre-sur-le-podium-de-la-terna-alors-que-le-discatere-concerne-se-feminise\/","title":{"rendered":"Aux anciens laur\u00e9ats du Concours d&rsquo;entr\u00e9e \u00e0 l&rsquo;EN !     La proc\u00e9dure de nomination des \u00e9v\u00eaques ou  comment \u00eatre sur le podium de la terna  alors que  le discat\u00e8re  concern\u00e9 se f\u00e9minise ?"},"content":{"rendered":"<p class=\"x_ydp634c3983MsoNormal\"><b>Lorsqu&rsquo;un \u00e9v\u00eaque doit \u00eatre nomm\u00e9,\u00a0le nonce m\u00e8ne une enqu\u00eate sur les besoins du dioc\u00e8se et les candidats possibles. Ensuite, le nonce apostolique envoie \u00e0 la Congr\u00e9gation des \u00e9v\u00eaques un rapport reprenant les \u00e9l\u00e9ments de son enqu\u00eate et une liste de trois candidats possibles, la terna.<\/b><b> <\/b><b>Mais la proc\u00e9dure est longue, complexe et d&rsquo;une transparence limit\u00e9e .\u00a0Selon <i>ALETEIA\u00a0<\/i><\/b><b><i> \u00ab\u00a0<\/i><\/b><b><i>Les proc\u00e9dures de nomination des \u00e9v\u00eaques peuvent varier, mais seuls des \u00e9v\u00eaques peuvent ordonner des \u00e9v\u00eaques, en les inscrivant dans la succession des ap\u00f4tres. Un \u00e9v\u00eaque est \u00ab\u00a0catholique\u00a0\u00bb, s&rsquo;il accepte la mission qui lui est confi\u00e9e et qu\u2019il est en communion avec le successeur de Pierre. Seul le pape a autorit\u00e9 pour nommer librement les \u00e9v\u00eaques\u00a0 \u00a0ou confirmer ceux qui ont \u00e9t\u00e9 l\u00e9gitimementd\u00e9sign\u00e9s.<\/i><\/b><b>\u00a0Cf<i>.<\/i><i><a href=\"https:\/\/fr.aleteia.org\/2020\/05\/28\/comment-sont-choisis-et-nommes-les-eveques\/\" target=\"_blank\" rel=\"nofollow noopener noreferrer\" data-auth=\"NotApplicable\" data-linkindex=\"0\">https:\/\/fr.aleteia.org\/2020\/05\/28\/comment-sont-choisis-et-nommes-les-eveques\/<\/a><\/i><\/b><b><i><\/i><\/b><\/p>\n<p class=\"x_ydp634c3983MsoNormal\"><b>\u00a0<\/b><b>Pour le d\u00e9tail on pourra consulter <i>Wikipedia<\/i> particuli\u00e8rement document\u00e9 sur ce point :\u00a0\u00ab\u00a0Au moins tous les trois ans, les \u00e9v\u00eaques\u00a0d&rsquo;une province eccl\u00e9siastique\u00a0\u00e9tablissent une liste de pr\u00eatres qu&rsquo;ils jugent aptes \u00e0 l&rsquo;\u00e9piscopat. Cette liste est transmise au nonce apostolique. Lorsqu&rsquo;un \u00e9v\u00eaque\u00a0doit \u00eatre nomm\u00e9, le nonce m\u00e8ne une enqu\u00eate sur les besoins du dioc\u00e8se\u00a0et les candidats possibles. Ensuite, le nonce\u00a0envoie \u00e0 la Congr\u00e9gation des \u00e9v\u00eaques un rapport reprenant les \u00e9l\u00e9ments de son enqu\u00eate et une liste de trois candidats possibles, la\u00a0<i>terna<\/i>. Les membres de la Congr\u00e9gation pour les \u00e9v\u00eaques re\u00e7oivent le rapport du nonce\u00a0concernant le poste \u00e0 pourvoir deux semaines avant la r\u00e9union de la congr\u00e9gation. \u00c0 chaque r\u00e9union, deux jeudis par mois d&rsquo;octobre \u00e0 juin, les cardinaux ont \u00e0 examiner quatre \u00e0 cinq dossiers. Ils donnent leur avis sur le dossier qui est pr\u00e9sent\u00e9 par un cardinal\u00a0choisi par le sous-secr\u00e9taire de la Congr\u00e9gation pour pr\u00e9senter le dossier, ce cardinal\u00a0est nomm\u00e9\u00a0<i>ponente<\/i>. Enfin, le pr\u00e9fet de la Congr\u00e9gation pr\u00e9sente ses propres recommandations, le rapport de la r\u00e9union de la Congr\u00e9gation pour les \u00e9v\u00eaques et le rapport du nonce\u00a0au pape, au cours d&rsquo;une audience qui se tient g\u00e9n\u00e9ralement le samedi. C&rsquo;est le pape\u00a0qui choisit finalement le candidat retenu parmi les trois pr\u00e9sent\u00e9s dans la\u00a0<i>terna<\/i>.<\/b><\/p>\n<p class=\"x_ydp634c3983MsoNormal\"><b>\u00a0<\/b><\/p>\n<p class=\"x_ydp634c3983MsoNormal\"><b>Douze crit\u00e8res ont \u00e9t\u00e9 propos\u00e9s pour s\u00e9lectionner un \u00e9v\u00eaque par\u00a0<\/b><b>\u00a0l\u2019abb\u00e9\u00a0<i>Paul A. McGavin<\/i>, pr\u00eatre australien et aum\u00f4nier de l\u2019Universit\u00e9 de Canberra,\u00a0On ne sait s\u2019ils ont \u00e9t\u00e9 retenus\u00a0!&#8230;<\/b><b>\u00a0\u00a0<\/b><\/p>\n<p class=\"x_ydp634c3983MsoNormal\"><b>\u00a0<\/b><\/p>\n<p class=\"x_ydp634c3983MsoNormal\"><b>Selon ce th\u00e9ologien, c<\/b><b>es crit\u00e8res\u00a0 doivent porter essentiellement sur les qualit\u00e9s humaines et sur la mani\u00e8re dont la\u00a0\u00bb gr\u00e2ce\u00a0\u00bb peut se manifester dans ces qualit\u00e9s humaines. Cf.<\/b><b><i><a href=\"https:\/\/www.riposte-catholique.fr\/archives\/112163).\" target=\"_blank\" rel=\"nofollow noopener noreferrer\" data-auth=\"NotApplicable\" data-linkindex=\"1\">https:\/\/www.riposte-catholique.fr\/archives\/112163).<\/a>\u00a0<\/i><\/b><\/p>\n<p class=\"x_ydp634c3983MsoNormal\"><b>\u00a0<\/b><b>On retiendra que :<\/b><\/p>\n<p class=\"x_ydp634c3983MsoNormal\"><b>\u00a0<\/b><b>1.\u00a0Il faut choisir un homme viril ; un homme qui ait confiance en lui-m\u00eame et qui soit bien assur\u00e9 dans sa masculinit\u00e9 ; un homme qui ait un mode de vie concr\u00e8tement physique et qui soit fort au point de vue mental mais \u00e9galement au point de vue physique\u2026<\/b><\/p>\n<p class=\"x_ydp634c3983MsoNormal\"><b>2.\u00a0La coh\u00e9rence est d\u2019une tr\u00e8s grande importance. L\u2019\u00e9v\u00eaque est un homme qui, avec prudence, dit en quoi il croit et met en \u0153uvre ce qu\u2019il dit\u2026<\/b><b><br aria-hidden=\"true\" \/><\/b><\/p>\n<p class=\"x_ydp634c3983MsoNormal\"><b>3.\u00a0Les principes sont\u00a0 aussi d\u2019une tr\u00e8s grande importance. L\u2019\u00e9v\u00eaque est un homme qui insiste pour que les proc\u00e8s soient justes et que la justice (divine ?) soit correcte; un homme qui s\u2019efforce d\u2019agir canoniquement plut\u00f4t qu\u2019arbitrairement \u2026<\/b><b><br aria-hidden=\"true\" \/><\/b><\/p>\n<p class=\"x_ydp634c3983MsoNormal\"><b>4.\u00a0La crainte de Dieu est fondamentale. Saint Jean (nous) enseigne que \u201cle parfait amour bannit la crainte\u201d (1 Jn 4, 18). Il y a peu de gens qui sont parfaits en amour\u00a0; une vive crainte de Dieu nous emp\u00eache de faire ce que l\u2019amour parfait ne ferait pas et nous pousse \u00e0 faire ce que l\u2019amour parfait ferait. Un homme est ordonn\u00e9 \u00e9v\u00eaque non pas pour lui-m\u00eame, mais pour Dieu et pour son \u00c9glise\u2026<\/b><b><br aria-hidden=\"true\" \/><\/b><\/p>\n<p class=\"x_ydp634c3983MsoNormal\"><b>5.\u00a0L\u2019inclusivit\u00e9 est un crit\u00e8re essentiel. En tant que pr\u00eatre et pasteur, l\u2019\u00e9v\u00eaque doit agir de mani\u00e8re \u00e0 construire une communaut\u00e9 dans laquelle les personnes les plus diverses puissent trouver une place et \u00eatre accueillies \u2026<\/b><b><br aria-hidden=\"true\" \/><\/b><\/p>\n<p class=\"x_ydp634c3983MsoNormal\"><b>6.\u00a0La pri\u00e8re est d\u2019une tr\u00e8s grande importance. Un \u00e9v\u00eaque est, bien entendu, tenu de c\u00e9l\u00e9brer r\u00e9guli\u00e8rement la sainte eucharistie et de r\u00e9citer l\u2019office divin. Mais ce qui est encore plus important, c\u2019est d\u2019\u00e9couter, dans la mesure o\u00f9 la pri\u00e8re n\u2019est pas \u201caction\u201d mais \u00e9coute\u2026<\/b><b><br aria-hidden=\"true\" \/><\/b><\/p>\n<p class=\"x_ydp634c3983MsoNormal\"><b>7.L\u2019humilit\u00e9 est aussi \u00e0 prendre en consid\u00e9ration. Bien souvent les gens comprennent mal ce qu\u2019est l\u2019humilit\u00e9 et ils se trompent lorsqu\u2019il s\u2019agit de la discerner. La v\u00e9ritable humilit\u00e9 est fondamentalement de l\u2019objectivit\u00e9 : qui suis-je devant Dieu ? Qui suis-je par rapport aux autres, hommes et femmes, gar\u00e7ons et filles ?&#8230;<\/b><b><br aria-hidden=\"true\" \/><\/b><\/p>\n<p class=\"x_ydp634c3983MsoNormal\"><b>8.\u00a0L\u2019amour de la beaut\u00e9 est d\u2019une tr\u00e8s grande importance. Les gens peuvent fr\u00e9mir \u00e0 l\u2019id\u00e9e d\u2019un \u00e9v\u00eaque esth\u00e8te, mais lorsqu\u2019un \u00e9v\u00eaque fait preuve de go\u00fbts peu raffin\u00e9s, l\u2019\u00c9glise en souffre consid\u00e9rablement. Le dommage qui a \u00e9t\u00e9 inflig\u00e9 \u00e0 la vie catholique par une liturgie minimaliste est \u00e9norme.\u00a0..<\/b><b><br aria-hidden=\"true\" \/><\/b><\/p>\n<p class=\"x_ydp634c3983MsoNormal\"><b>9.\u00a0L\u2019exercice intellectuel est d\u2019une tr\u00e8s grande importance. \u00c0 cet \u00e9gard, notre pape actuel constitue un cas int\u00e9ressant : ce n\u2019est pas un intellectuel au sens strict, mais il a un esprit th\u00e9ologique ouvert \u00e0 la recherche et il d\u00e9fie puissamment l\u2019\u00c9glise dans les domaines o\u00f9 elle a fait preuve d\u2019une pens\u00e9e conventionnelle et non pas d\u2019une recherche attentive et d\u2019une d\u00e9fense de la foi&#8230;<\/b><b><br aria-hidden=\"true\" \/><\/b><\/p>\n<p class=\"x_ydp634c3983MsoNormal\"><b>10. La capacit\u00e9 de mise en \u0153uvre concr\u00e8te est d\u2019une importance cruciale.\u00a0Le \u201cm\u00e9tier\u201d d\u2019\u00e9v\u00eaque d\u00e9passe les capacit\u00e9s d\u2019un homme seul. Cela signifie qu\u2019un \u00e9v\u00eaque doit \u00eatre aid\u00e9 dans sa mission. Cette aide provient en premier lieu de ses collaborateurs les plus proches, ses pr\u00eatres et ses diacres\u2026<\/b><b><br aria-hidden=\"true\" \/><\/b><\/p>\n<p class=\"x_ydp634c3983MsoNormal\"><b>11. D\u00e9cider de ce que l\u2019on ne va pas faire est d\u00e9terminant. Il existe un type d\u2019homme qui se croit capable de tout faire et de tout g\u00e9rer et qui finit, au contraire, par ne rien g\u00e9rer du tout. Il existe un type d\u2019homme qui travaille inlassablement et qui r\u00e9alise peu de choses, qui est inefficace, parce qu\u2019il n\u2019a pas su \u00e9tablir une distinction entre ce qu\u2019il peut faire et ce qu\u2019il ne peut pas faire<\/b><b><br aria-hidden=\"true\" \/><\/b><\/p>\n<p class=\"x_ydp634c3983MsoNormal\"><b>12.\u00a0\u201cMontrez-vous mes imitateurs, comme je le suis moi-m\u00eame du Christ\u201d . Ces fortes paroles sont de l\u2019ap\u00f4tre Paul. En plusieurs d\u00e9cennies, je n\u2019ai pas pu les appliquer facilement \u00e0 tous les \u00e9v\u00eaques que j\u2019ai connus peu ou prou. Trop souvent on a affaire \u00e0 des hommes qui font ce qui leur pla\u00eet et qui ne favorisent que les gens qui peuvent les aider \u00e0 s\u2019occuper de \u201cleurs affaires\u201d. Une ressemblance profonde et enracin\u00e9e avec le Christ est difficile \u00e0 trouver, m\u00eame parmi les hommes qui seraient des combattants du Christ.<\/b><b><br aria-hidden=\"true\" \/><\/b><\/p>\n<div><b>\u00a0<\/b><b>Et pour conclure le th\u00e9ologien souligne que\u00a0 \u00ab\u00a0<\/b><b>tout cela est difficile \u00e0 discerner. Mais ce sont ces discernements qui sont n\u00e9cessaires dans le processus de s\u00e9lection des candidats \u00e0 l\u2019\u00e9piscopat.\u201d (Cf.<\/b><b><i><a href=\"https:\/\/www.riposte-catholique.fr\/archives\/112163\" target=\"_blank\" rel=\"nofollow noopener noreferrer\" data-auth=\"NotApplicable\" data-linkindex=\"2\">https:\/\/www.riposte-catholique.fr\/archives\/112163<\/a><\/i><\/b><b>).\u00a0<\/b><\/div>\n<div><b>\u00a0<\/b><\/div>\n<div><b>Sans compter d\u00e9sormais\u00a0 les nominations \u00ab\u00a0cache-sexe \u00ab\u00a0(i.e. mauvaise dissimulation de ce que l\u2019on voudrait taire\u00a0; ndlr) \u00a0au d\u00e9partement en charge des propositions au Vatican, c&rsquo;est \u00e0 dire\u00a0 celles de femmes exclues elles-m\u00eames de l&rsquo;acc\u00e8s aux fonctions et responsabilit\u00e9s d&rsquo;\u00e9v\u00eaques en raison de leur sexe!!!<\/b><\/div>\n<p class=\"x_ydp634c3983MsoNormal\"><b>\u00a0<\/b><\/p>\n<p class=\"x_ydp634c3983MsoNormal\"><b>C&rsquo;est cette situation paradoxale qui se trouve stigmatis\u00e9e dans le bref article d&rsquo;<i>Alexandre Ballario<\/i> paru <i>dans Golias News<\/i> du 5 ao\u00fbt 2022. Il est intitul\u00e9 :<\/b><\/p>\n<p class=\"x_ydp634c3983MsoNormal\"><b>\u00a0<\/b><\/p>\n<p class=\"x_ydp634c3983MsoNormal\"><b>\u00a0 \u00a0 \u00a0 \u00a0 \u00a0 \u00a0 \u00a0 \u00a0 \u00a0 \u00a0 \u00a0 \u00a0 \u00a0 \u00a0 \u00a0 \u00a0 \u00a0 \u00a0\u00a0<\/b><b>Des nominations \u00ab\u00a0cache-sexe\u00a0\u00bb<\/b><\/p>\n<p class=\"x_ydp634c3983MsoNormal\"><b>\u00a0<\/b><\/p>\n<p class=\"x_ydp634c3983MsoNormal\"><b>Les visiteurs int\u00e9ress\u00e9s pourront le consulter soit<\/b><b> <\/b><b><span style=\"font-size: 14pt\"><a href=\"http:\/\/asvpnf.com\/wp-content\/uploads\/2022\/08\/Des-nominations-cache-sexe.pdf\" target=\"_blank\" rel=\"noopener\">en cliquant ici<\/a><\/span>,<\/b><b> soit en se rendant \u00e0 l&rsquo;adresse :\u00a0<i><a href=\"https:\/\/www.golias-editions.fr\/2022\/08\/05\/des-nominations-cache-sexe\/\" target=\"_blank\" rel=\"nofollow noopener noreferrer\" data-auth=\"NotApplicable\" data-linkindex=\"3\">https:\/\/www.golias-editions.fr\/2022\/08\/05\/des-nominations-cache-sexe\/<\/a><\/i><\/b><\/p>\n<p class=\"x_ydp634c3983MsoNormal\"><b><i>\u00a0<\/i><\/b><b>Que <i>Christian Terras<\/i>, R\u00e9dacteur en chef de<i> Golias<\/i> soit remerci\u00e9 de nous autoriser ce nouvel emprunt.<\/b><\/p>\n","protected":false},"excerpt":{"rendered":"<p>Lorsqu&rsquo;un \u00e9v\u00eaque doit \u00eatre nomm\u00e9,\u00a0le nonce m\u00e8ne une enqu\u00eate sur les besoins du dioc\u00e8se et les candidats possibles. Ensuite, le nonce apostolique envoie \u00e0 la Congr\u00e9gation des \u00e9v\u00eaques un rapport reprenant les \u00e9l\u00e9ments de son enqu\u00eate et une liste de <a class=\"more-link\" href=\"https:\/\/asvpnf.com\/index.php\/2022\/08\/11\/aux-anciens-laureats-du-concours-dentree-a-len-la-procedure-de-nomination-des-eveques-ou-comment-etre-sur-le-podium-de-la-terna-alors-que-le-discatere-concerne-se-feminise\/\">En lire plus &#8230;<\/a><\/p>\n","protected":false},"author":9,"featured_media":0,"comment_status":"closed","ping_status":"closed","sticky":false,"template":"","format":"standard","meta":{"spay_email":""},"categories":[16,39],"tags":[],"jetpack_featured_media_url":"","_links":{"self":[{"href":"https:\/\/asvpnf.com\/index.php\/wp-json\/wp\/v2\/posts\/6565"}],"collection":[{"href":"https:\/\/asvpnf.com\/index.php\/wp-json\/wp\/v2\/posts"}],"about":[{"href":"https:\/\/asvpnf.com\/index.php\/wp-json\/wp\/v2\/types\/post"}],"author":[{"embeddable":true,"href":"https:\/\/asvpnf.com\/index.php\/wp-json\/wp\/v2\/users\/9"}],"replies":[{"embeddable":true,"href":"https:\/\/asvpnf.com\/index.php\/wp-json\/wp\/v2\/comments?post=6565"}],"version-history":[{"count":1,"href":"https:\/\/asvpnf.com\/index.php\/wp-json\/wp\/v2\/posts\/6565\/revisions"}],"predecessor-version":[{"id":6567,"href":"https:\/\/asvpnf.com\/index.php\/wp-json\/wp\/v2\/posts\/6565\/revisions\/6567"}],"wp:attachment":[{"href":"https:\/\/asvpnf.com\/index.php\/wp-json\/wp\/v2\/media?parent=6565"}],"wp:term":[{"taxonomy":"category","embeddable":true,"href":"https:\/\/asvpnf.com\/index.php\/wp-json\/wp\/v2\/categories?post=6565"},{"taxonomy":"post_tag","embeddable":true,"href":"https:\/\/asvpnf.com\/index.php\/wp-json\/wp\/v2\/tags?post=6565"}],"curies":[{"name":"wp","href":"https:\/\/api.w.org\/{rel}","templated":true}]}}