{"id":6568,"date":"2022-08-12T18:50:53","date_gmt":"2022-08-12T17:50:53","guid":{"rendered":"https:\/\/asvpnf.com\/?p=6568"},"modified":"2022-08-12T18:50:53","modified_gmt":"2022-08-12T17:50:53","slug":"la-dictee-de-plovan-en-aout-2022","status":"publish","type":"post","link":"https:\/\/asvpnf.com\/index.php\/2022\/08\/12\/la-dictee-de-plovan-en-aout-2022\/","title":{"rendered":"La dict\u00e9e de PLOVAN en ao\u00fbt 2022"},"content":{"rendered":"<p class=\"x_ydp1bc767c4MsoNoSpacing\"><b>Cr\u00e9\u00e9e en\u00a0 1997, l&rsquo;Association du Patrimoine\u00a0 de Plovan (F-29720 )s&rsquo;est propos\u00e9e en 2010\u00a0 de reconstituer et de valoriser l&rsquo;histoire scolaire de cette commune\u00a0 depuis les premiers temps de la 3\u00e8 R\u00e9publique.\u00a0 En mars 2022, selon le quotidien\u00a0<i>Ouest-France<\/i>,\u00a0 l<\/b><b>adite Association,\u00a0 lors de son Assembl\u00e9e g\u00e9n\u00e9rale,\u00a0 rappelait que\u00a0\u00ab\u00a0<i> si elle s&rsquo;\u00e9tait investie, depuis sa cr\u00e9ation , dans l\u2019entretien du petit patrimoine\u00a0 elle se distinguait surtout par\u00a0<\/i><\/b><b>l\u2019animation de la classe \u00e0 l\u2019ancienne<i>.\u00a0 le c\u0153ur de son action\u00a0\u00bb. \u00ab\u00a0<\/i>Sa popularit\u00e9 ne s\u2019est pas d\u00e9mentie. Les visiteurs sont nombreux, 580\u00a0l\u2019an pass\u00e9, et\u00a0la page d\u2019\u00e9criture au porte-plume\u00a0a toujours autant de succ\u00e8s\u00a0\u00bb, a soulign\u00e9 le pr\u00e9sident, Mathieu Glaz<\/b><b><i>\u00a0(cf.\u00a0<\/i><\/b><b><a href=\"https:\/\/www.ouest-france.fr\/bretagne\/plovan-29720\/patrimoine-la-classe-a-lancienne-le-coeur-de-laction-1dab3a3a-704f-4135-8cb5-afd145ef60a4\" target=\"_blank\" rel=\"nofollow noopener noreferrer\" data-auth=\"NotApplicable\" data-linkindex=\"0\"><i>https:\/\/www.ouest-france.fr\/bretagne\/plovan-29720\/patrimoine-la-classe-a-lancienne-le-coeur-de-laction-1dab3a3a-704f-4135-8cb5-afd145ef60<\/i>a4<\/a><i>\u00a0)\u00a0<\/i><\/b><\/p>\n<p class=\"x_ydp1bc767c4MsoNoSpacing\"><b>\u00a0<\/b><b>En r\u00e9alit\u00e9 :\u00a0\u00bb<i>ll suffit de passer la porte pour changer d&rsquo;\u00e9poque. Les pupitres en bois avec les porte-plumes, un set d&rsquo;imprimerie de l&rsquo;\u00e9cole Freinet, un panneau de lecture ancien, des livres scolaires d&rsquo;un autre temps&#8230; Tout semble dans son jus. Cr\u00e9\u00e9e en 1997 dans une partie de l&rsquo;ancienne \u00e9cole publique (ferm\u00e9e en 1991), la classe patrimoine de Plovan reconstitue une salle de cours telle qu&rsquo;ont pu la conna\u00eetre des \u00e9l\u00e8ves dans les ann\u00e9es 1950 et 1960.<\/i><\/b><\/p>\n<p class=\"x_ydp1bc767c4MsoNoSpacing\"><b><i>Le b\u00e2timent a \u00e9t\u00e9 construit en 1910 (salle de classe au rez-de-chauss\u00e9e et logement du directeur \u00e0 l&rsquo;\u00e9tage, avec un jardin au sud).Le lieu est ouvert au public en juillet et ao\u00fbt. Hors p\u00e9riode estivale, des visites peuvent se faire sur r\u00e9servation pour des scolaires ou des groupes d&rsquo;au moins une dizaine de personnes<\/i>\u00a0\u00bb ( cf. <i><a href=\"https:\/\/www.destination-paysbigouden.com\/a-voir-a-faire\/visites-patrimoine\/classe-ancienne-de-plovan-2375724\" target=\"_blank\" rel=\"nofollow noopener noreferrer\" data-auth=\"NotApplicable\" data-linkindex=\"1\">https:\/\/www.destination-paysbigouden.com\/a-voir-a-faire\/visites-patrimoine\/classe-ancienne-de-plovan-2375724<\/a>)<\/i><\/b><\/p>\n<p class=\"x_ydp1bc767c4MsoNoSpacing\"><b>\u00a0<\/b><b>Plusieurs adh\u00e9rents de l&rsquo;ASVPNF, inform\u00e9s de la d\u00e9marche exemplaire en cours \u00e0 Plovan, s&rsquo;y \u00e9taient rendus\u00a0 pour visiter la classe-patrimoine . L&rsquo;un d&rsquo;entre eux, y ayant particip\u00e9 r\u00e9cemment\u00a0 \u00e0\u00a0 une \u00ab\u00a0dict\u00e9e-porteplume-encre violette en encrier\u00a0\u00bb\u00a0 a propos\u00e9 de mettre en ligne\u00a0 sur ce site\u00a0 \u00a0le r\u00e9cit illustr\u00e9 de\u00a0 son exp\u00e9rience. Elle fut\u00a0 d&rsquo;autant plus \u00e9mouvante qu&rsquo;elle lui rappelait\u00a0 sa scolarit\u00e9 primaire\u00a0 dans une des Ecoles\u00a0 publiques de hameau du Finist\u00e8re, il y a pr\u00e8s de 80 ans !<\/b><\/p>\n<p class=\"x_ydp1bc767c4MsoNoSpacing\"><b>\u00a0<\/b><b>Les visiteurs pourront consulter\u00a0, <\/b><b><span style=\"font-size: 14pt\"><a href=\"http:\/\/asvpnf.com\/wp-content\/uploads\/2022\/08\/La-classe-a-lancienne-a-PLOVAN.pdf\" target=\"_blank\" rel=\"noopener\">en cliquant ici<\/a><\/span>,\u00a0<\/b><b> un fichier comportant\u00a0 :<\/b><\/p>\n<p class=\"x_ydp1bc767c4MsoNoSpacing\"><b>\u00a0<\/b><b>1. Un texte introductif\u00a0 d\u00e9volu \u00e0 la classe\u2013patrimoine de Plovan,<\/b><\/p>\n<p class=\"x_ydp1bc767c4MsoNoSpacing\"><b>\u00a0<\/b><b>2. La reproduction\u00a0 du texte de la dict\u00e9e qui eut cours, le jeudi 4 ao\u00fbt 2022,\u00a0 dans une classe bien garnie d&rsquo;\u00e9l\u00e8ves\u00a0 de tous \u00e2ges ,particuli\u00e8rement attentifs et appliqu\u00e9s\u00a0!\u00a0<\/b><\/p>\n<p class=\"x_ydp1bc767c4MsoNoSpacing\"><b>\u00a0<\/b><b>3. La repr\u00e9sentation de la page de cahier d&rsquo;\u00e9colier\u00a0 comportant, outre les\u00a0\u00ab\u00a0 pat\u00e9s\u00a0\u00bb traditionnels \u00e0 l&rsquo;encre violette, le rendu\u00a0 \u00e9maill\u00e9 de( trop) de\u00a0 fautes d&rsquo;orthographe, de la dict\u00e9e de Bernard Pivot support de l&rsquo;\u00e9preuve,<\/b><\/p>\n<p class=\"x_ydp1bc767c4MsoNoSpacing\"><b>\u00a0<\/b><b>4. Un petit ensemble de photos r\u00e9alis\u00e9es sur place , ins\u00e9r\u00e9es sur ce site avec l&rsquo;accord de principe du Pr\u00e9sident\u00a0 de l&rsquo;Association\u00a0 du Patrimoine de Plovan.<\/b><\/p>\n<p class=\"x_ydp1bc767c4MsoNoSpacing\"><b>\u00a0<\/b><b><i>Que\u00a0 les\u00a0 coll\u00e8gues, retrait\u00e9s ou non, et autres amis de l\u2019Ecole publique animateurs de la classe -patrimoine soient remerci\u00e9s chaleureusement pour leur accueil et la qualit\u00e9 de leur engagement associatif et citoyen<\/i><\/b><b>.<\/b><\/p>\n","protected":false},"excerpt":{"rendered":"<p>Cr\u00e9\u00e9e en\u00a0 1997, l&rsquo;Association du Patrimoine\u00a0 de Plovan (F-29720 )s&rsquo;est propos\u00e9e en 2010\u00a0 de reconstituer et de valoriser l&rsquo;histoire scolaire de cette commune\u00a0 depuis les premiers temps de la 3\u00e8 R\u00e9publique.\u00a0 En mars 2022, selon le quotidien\u00a0Ouest-France,\u00a0 ladite Association,\u00a0 lors <a class=\"more-link\" href=\"https:\/\/asvpnf.com\/index.php\/2022\/08\/12\/la-dictee-de-plovan-en-aout-2022\/\">En lire plus &#8230;<\/a><\/p>\n","protected":false},"author":9,"featured_media":0,"comment_status":"closed","ping_status":"closed","sticky":false,"template":"","format":"standard","meta":{"spay_email":""},"categories":[10],"tags":[47],"jetpack_featured_media_url":"","_links":{"self":[{"href":"https:\/\/asvpnf.com\/index.php\/wp-json\/wp\/v2\/posts\/6568"}],"collection":[{"href":"https:\/\/asvpnf.com\/index.php\/wp-json\/wp\/v2\/posts"}],"about":[{"href":"https:\/\/asvpnf.com\/index.php\/wp-json\/wp\/v2\/types\/post"}],"author":[{"embeddable":true,"href":"https:\/\/asvpnf.com\/index.php\/wp-json\/wp\/v2\/users\/9"}],"replies":[{"embeddable":true,"href":"https:\/\/asvpnf.com\/index.php\/wp-json\/wp\/v2\/comments?post=6568"}],"version-history":[{"count":1,"href":"https:\/\/asvpnf.com\/index.php\/wp-json\/wp\/v2\/posts\/6568\/revisions"}],"predecessor-version":[{"id":6570,"href":"https:\/\/asvpnf.com\/index.php\/wp-json\/wp\/v2\/posts\/6568\/revisions\/6570"}],"wp:attachment":[{"href":"https:\/\/asvpnf.com\/index.php\/wp-json\/wp\/v2\/media?parent=6568"}],"wp:term":[{"taxonomy":"category","embeddable":true,"href":"https:\/\/asvpnf.com\/index.php\/wp-json\/wp\/v2\/categories?post=6568"},{"taxonomy":"post_tag","embeddable":true,"href":"https:\/\/asvpnf.com\/index.php\/wp-json\/wp\/v2\/tags?post=6568"}],"curies":[{"name":"wp","href":"https:\/\/api.w.org\/{rel}","templated":true}]}}