{"id":6573,"date":"2022-08-22T17:34:46","date_gmt":"2022-08-22T16:34:46","guid":{"rendered":"https:\/\/asvpnf.com\/?p=6573"},"modified":"2022-08-22T17:34:46","modified_gmt":"2022-08-22T16:34:46","slug":"contre-le-fanatisme-pour-la-liberte-dexpression","status":"publish","type":"post","link":"https:\/\/asvpnf.com\/index.php\/2022\/08\/22\/contre-le-fanatisme-pour-la-liberte-dexpression\/","title":{"rendered":"Contre le fanatisme  pour la libert\u00e9 d&rsquo;expression"},"content":{"rendered":"<p class=\"x_ydp651f11a0yiv1623485877ydpd0507f00MsoNoSpacing\"><b>Aucune loi divine, aucun interdit religieux ne doivent\u00a0 pouvoir\u00a0 s&rsquo;imposer \u00a0sur le sol de France.\u00a0 Aucune l\u00e2chet\u00e9, aucune complaisance, aucun silence complice, aucune autocensure, aucune faiblesse ne doivent intervenir\u00a0 quand il s\u2019agit de rester vigilant et de se mobiliser contre les fanatismes et notamment ceux qui\u00a0 condamnent \u00e0 mort. Nous l&rsquo;avons d\u00e9j\u00e0 proclam\u00e9\u00a0 sur ce site. Nous le r\u00e9affirmons\u00a0 suite \u00e0 l&rsquo;agression sauvage dont a \u00e9t\u00e9 victime Salman Rushdie .\u00a0 La sauvegarde de nos libert\u00e9s et \u00a0plus particuli\u00e8rement\u00a0 notre libert\u00e9 d&rsquo;expression ne seront assur\u00e9es de fa\u00e7on p\u00e9renne\u00a0 qu&rsquo;\u00e0 ce prix &#8230;<\/b><\/p>\n<p class=\"x_ydp651f11a0yiv1623485877ydpd0507f00MsoNoSpacing\"><b>\u00a0<\/b><b>On rappellera ici un certain nombre de prises de position fortes \u00e0 cet \u00e9gard exprim\u00e9es r\u00e9cemment dans divers journaux.<\/b><\/p>\n<p class=\"x_ydp651f11a0yiv1623485877ydpd0507f00MsoNoSpacing\">\u00a0\u00a0Le quotidien <b><i>La Croix<\/i> titrait d\u00e8s le 13 ao\u00fbt 2022, au lendemain de l&rsquo;agression\u00a0 \u00a0:\u00a0<\/b><\/p>\n<p class=\"x_ydp651f11a0yiv1623485877ydpd0507f00MsoNoSpacing\"><b>\u00a0\u00a0<\/b><\/p>\n<p class=\"x_ydp651f11a0yiv1623485877ydpd0507f00MsoNoSpacing\" align=\"center\"><b>\u00ab\u00a0<\/b><b>Salman Rushdie, le symbole menac\u00e9 de la libert\u00e9 d\u2019expression qui r\u00eavait d\u2019une \u00ab\u00a0vie normale<\/b><b>\u00a0\u00a0\u00bb<\/b><b>\u00a0<\/b><\/p>\n<h3>\u00ab\u00a0Bless\u00e9 \u00e0 coups de couteau ce vendredi 12\u00a0ao\u00fbt, Salman Rushdie a v\u00e9cu ces 30 derni\u00e8res ann\u00e9es sous la menace d\u2019une fatwa prononc\u00e9e par l\u2019ayatollah Khomeiny. Regrettant d\u2019\u00eatre toujours ramen\u00e9 \u00e0 cette affaire, il r\u00eavait d\u2019une \u00ab\u00a0vie normale\u00a0\u00bb, tout en refusant de taire sa critique des obscurantismes religieux.\u00a0\u00bb (Cf\u00a0<i>; https:\/\/www.la-croix.com\/Monde\/Salman-Rushdie-symbole-menace-liberte-dexpression-revait-dune-vie-normale-2022-08-13-1201228754<\/i>)<\/h3>\n<h3><b>Dans <i>l&rsquo;Humanit\u00e9<\/i> du 16 ao\u00fbt 2022, sous la plume de <i>S\u00e9bastien Cr\u00e9pel<\/i>, on pouvait lire :<\/b><\/h3>\n<p class=\"x_ydp651f11a0yiv1623485877ydpd0507f00MsoNoSpacing\"><b>\u00a0<\/b><\/p>\n<p class=\"x_ydp651f11a0yiv1623485877ydpd0507f00MsoNoSpacing\" align=\"center\"><b>\u00ab\u00a0Nous sommes Rushdie\u00a0\u00bb<\/b><\/p>\n<p class=\"x_ydp651f11a0yiv1623485877ydpd0507f00MsoNoSpacing\"><b>\u00a0<\/b><\/p>\n<p class=\"x_ydp651f11a0yiv1623485877ydpd0507f00MsoNoSpacing\"><b>\u00ab\u00a0Il a oppos\u00e9 \u00e0 la fureur sans fin des fanatiques sa volont\u00e9 de renouer avec la vie normale. Du moins en apparence, sachant que, pour <\/b><b><span lang=\"EN-US\">l\u2019auteur<\/span><\/b> <b><span lang=\"EN-US\">des\u00a0<i>Versets sataniques<\/i>,\u00a0apr\u00e8s trente ans d\u2019\u00e9preuve d\u2019une clandestinit\u00e9 impos\u00e9e et d\u2019une protection permanente, aucun retour \u00e0 la normale n\u2019est possible. Chaque sortie publique est un acte de r\u00e9sistance \u00e0 la tyrannie et \u00e0 l\u2019intol\u00e9rance, un d\u00e9fi \u00e0 ceux qui ont voulu enterrer vivant Salman Rushdie avec leur fatwa. Partout o\u00f9 il s\u2019exprime<\/span><\/b><b>, le romancier livre bataille <i>contre l\u2019obscurantisme et<\/i> <i>l\u2019ignorance<\/i> avec ses seules armes d\u2019\u00e9crivain, mais quelles armes<i>\u2009: ses mots, les mots du rire et de la po\u00e9sie, de la fantaisie et de l\u2019\u00e9rudition<\/i>. Ces mots qui font si peur \u00e0 ceux qui veulent an\u00e9antir toute libert\u00e9\u00ad de penser et de cr\u00e9er qu\u2019ils ont projet\u00e9 de les faire taire pour de bon\u00a0\u00bb (URL.\u00a0<\/b><span lang=\"EN-US\"><a href=\"https:\/\/www.humanite.fr\/monde\/salman-rushdie\/nous-sommes-rushdie-760466\" target=\"_blank\" rel=\"nofollow noopener noreferrer\" data-auth=\"NotApplicable\" data-linkindex=\"0\"><b><i><span lang=\"FR\">https:\/\/www.humanite.fr\/monde\/salman-rushdie\/nous-sommes-rushdie-760466<\/span><\/i><\/b><\/a><\/span><b>)<\/b><b><\/b><\/p>\n<p class=\"x_ydp651f11a0yiv1623485877ydpd0507f00MsoNoSpacing\"><b>\u00a0<\/b><b>On pourra aussi d\u00e9couvrir le propos de la philosophe <i>Anna Bonalume<\/i> exprim\u00e9 dans <i>Le Monde<\/i> du 14 ao\u00fbt 2022 :\u00a0\u00a0<\/b><\/p>\n<p class=\"x_ydp651f11a0yiv1623485877ydpd0507f00MsoNoSpacing\"><b>\u00a0<\/b><b>\u00ab\u00a0Ce qu\u2019incarne Salman Rushdie, c\u2019est la libert\u00e9 d\u2019expression face \u00e0 l\u2019islamisme et aux fondamentalismes, et il l\u2019a pay\u00e9e \u00e0 plusieurs titres<\/b><b>\u00a0\u00bb<\/b><\/p>\n<p class=\"x_ydp651f11a0yiv1623485877ydpd0507f00MsoNoSpacing\"><b>\u00a0<\/b><b>\u00ab\u00a0La fatwa de l\u2019ayatollah Khomeyni contre l\u2019auteur des \u00ab\u00a0<i>Versets sataniques<\/i>\u00a0\u00bb a transform\u00e9 la vie de l\u2019\u00e9crivain en cauchemar et fait oublier les qualit\u00e9s de ce roman comme celles du reste de son \u0153uvre\u00a0\u00bb. (URL:<\/b><span lang=\"EN-US\"><a href=\"https:\/\/www.lemonde.fr\/idees\/article\/2022\/08\/14\/ce-qu-incarne-salman-rushdie-c-est-la-liberte-d-expression-face-a-l-islamisme-et-aux-fondamentalismes-et-il-l-a-payee-a-plusieurs-titres_6138000_3232.html\" target=\"_blank\" rel=\"nofollow noopener noreferrer\" data-auth=\"NotApplicable\" data-linkindex=\"1\"><b><i><span lang=\"FR\">https:\/\/www.lemonde.fr\/idees\/article\/2022\/08\/14\/ce-qu-incarne-salman-rushdie-c-est-la-liberte-d-expression-face-a-l-islamisme-et-aux-fondamentalismes-et-il-l-a-payee-a-plusieurs-titres_6138000_3232.html<\/span><\/i><\/b><\/a><\/span><b>)<\/b><\/p>\n<p class=\"x_ydp651f11a0yiv1623485877ydpd0507f00MsoNoSpacing\"><b>\u00a0\u00a0<\/b><b>L&rsquo;article \u00a0de <i>Guy Taillefer<\/i> dans <i>Le Devoir <\/i>du 16 ao\u00fbt 2022 retient aussi l&rsquo;attention\u00a0 :<\/b><\/p>\n<p class=\"x_ydp651f11a0yiv1623485877ydpd0507f00MsoNoSpacing\"><b>\u00a0<\/b><\/p>\n<p class=\"x_ydp651f11a0yiv1623485877ydpd0507f00MsoNoSpacing\" align=\"center\"><b>\u00ab\u00a0Salman Rushdie, libre penseur\u00a0\u00bb<\/b><\/p>\n<p class=\"x_ydp651f11a0yiv1623485877ydpd0507f00MsoNoSpacing\"><b>\u00a0<\/b><b>Cet auteur souligne : \u00ab\u00a0dans\u00a0Joseph Anton, une autobiographie\u00a0(2012), Salman Rushdie \u00e9crit que la litt\u00e9rature sert \u00ab\u00a0\u00e0 augmenter la somme de ce que les \u00eatres humains sont capables de percevoir, de comprendre, et donc, en d\u00e9finitive, d\u2019\u00eatre\u00a0\u00bb. Lundi, dans<i>\u00a0The Guardian<\/i>,\u00a0dans un ordre d\u2019id\u00e9es plus politique, l\u2019\u00e9crivaine Margaret Atwood fait \u00e9cho \u00e0 ces mots, soulignant qu\u2019\u00e0 faire l\u2019impasse dans nos soci\u00e9t\u00e9s sur le respect de la multiplicit\u00e9 des voix, le risque existait bel et bien qu\u2019on finisse \u00ab\u00a0par vivre sous une tyrannie\u00a0.Tyrannie, le mot n\u2019est pas trop fort. Celle des petits et des grands obscurantismes\u00a0\u00bb. (URL\u00a0: <\/b><span lang=\"EN-US\"><a href=\"https:\/\/www.ledevoir.com\/opinion\/editoriaux\/745440\/salman-rushdie-salman-rushdie-libre-penseur\" target=\"_blank\" rel=\"nofollow noopener noreferrer\" data-auth=\"NotApplicable\" data-linkindex=\"2\"><b><i><span lang=\"FR\">https:\/\/www.ledevoir.com\/opinion\/editoriaux\/745440\/salman-rushdie-salman-rushdie-libre-penseur<\/span><\/i><\/b><\/a><\/span><b>)<i>.<\/i><\/b><\/p>\n<p class=\"x_ydp651f11a0yiv1623485877ydpd0507f00MsoNoSpacing\"><b>Il est\u00a0 \u00e9galement utile de rappeler en ce moment la m\u00e9moire de ceux qui on pay\u00e9 de leur vie, en 2015, \u00a0leur farouche engagement pour la d\u00e9fense de la libert\u00e9 d\u2019expression\u00a0\u2026 \u00a0Les journalistes de <i>Charlie Hebdo<\/i>\u00a0 s\u2019expriment \u00e0 cet \u00e9gard avec beaucoup d\u2019humilit\u00e9 et de lucidit\u00e9\u00a0 \u00a0<\/b><b><span lang=\"EN-US\">\u00ab\u00a0<i>La tentative d\u2019assassinat dont a \u00e9t\u00e9 victime Salman Rushdie rappelle \u00e0 ceux qui semblaient l\u2019oublier que les libert\u00e9s fondamentales d\u2019une soci\u00e9t\u00e9 moderne, comme celle de cr\u00e9er et de s\u2019exprimer, sont constamment menac\u00e9es \u00e0 travers le monde par des id\u00e9ologies totalitaires.\u201d<\/i><\/span><\/b><\/p>\n<p class=\"x_ydp651f11a0yiv1623485877ydpd0507f00MsoNoSpacing\"><b><span lang=\"EN-US\">Nous rapportons sur ce site la contribution de\u00a0<i>Charles\u00a0 Arambourou,<\/i> admistrateur<i>\u00a0<\/i>\u00a0de l\u2019UFAL,\u00a0 relay\u00e9e par <i>Catherine Kintzler<\/i> dans son blog revue<i> Mezetulle<\/i> le 14\u00a0 \u00a0ao\u00fbt 2022, contribution accessible\u00a0 \u00e0 l\u2019URL :<\/span><\/b><b> <\/b><span lang=\"EN-US\"><a href=\"https:\/\/www.mezetulle.fr\/salman-rushdie-victime-dun-attentat-islamiste-laccusation-dislamophobie-peut-tuer\/\" target=\"_blank\" rel=\"nofollow noopener noreferrer\" data-auth=\"NotApplicable\" data-linkindex=\"3\"><b><i><span lang=\"FR\">https:\/\/www.mezetulle.fr\/salman-rushdie-victime-dun-attentat-islamiste-laccusation-dislamophobie-peut-tuer\/<\/span><\/i><\/b><\/a><\/span><\/p>\n<p class=\"x_ydp651f11a0yiv1623485877ydpd0507f00MsoNoSpacing\"><b>Elle est intitul\u00e9e\u00a0:<\/b><\/p>\n<p class=\"x_ydp651f11a0yiv1623485877ydpd0507f00MsoNoSpacing\" align=\"center\"><b>\u00a0<\/b><\/p>\n<p class=\"x_ydp651f11a0yiv1623485877ydpd0507f00MsoNoSpacing\" align=\"center\"><b>Salman Rushdie victime d\u2019un attentat islamiste<\/b><\/p>\n<p class=\"x_ydp651f11a0yiv1623485877ydpd0507f00MsoNoSpacing\" align=\"center\"><b>: l\u2019accusation d\u2019islamophobie peut tuer<\/b><b>\u00a0.<\/b><\/p>\n<p class=\"x_ydp651f11a0yiv1623485877ydpd0507f00MsoNoSpacing\"><b>\u00a0<\/b><b>Nous reproduisons ici le propos introductif de <i>Catherine Kintzler<\/i>\u00a0:\u00a0\u00ab\u00a0<\/b><b>Charles Arambourou a r\u00e9dig\u00e9 ce texte, publi\u00e9 au nom de l\u2019UFAL\u00a0sur son site\u00a0hier 13 ao\u00fbt, auquel je souscris enti\u00e8rement. Je le remercie, ainsi que l\u2019UFAL, de m\u2019autoriser \u00e0 le reprendre dans\u00a0<i>Mezetulle<\/i>. L\u2019\u00e9crivain Salman Rushdie, auteur du roman \u00ab\u00a0<i>Les Versets sataniques<\/i>\u00a0\u00bb, avait \u00e9t\u00e9 condamn\u00e9 \u00e0 mort pour blasph\u00e8me par une fatwa de l\u2019ayatollah Khomeini en 1989, et sa t\u00eate mise \u00e0 prix par le r\u00e9gime des mollahs en Iran. Bien que vivant sous protection, il vient d\u2019\u00eatre agress\u00e9 au couteau \u00e0 New York par un fanatique chiite, et gravement bless\u00e9.\u00a0\u00bb<\/b><\/p>\n<p class=\"x_ydp651f11a0yiv1623485877ydpd0507f00MsoNoSpacing\"><b>Que <i>Catherine Kintzler<\/i> soit\u00a0 cordialement remerci\u00e9e de nous permettre ce nouvel emprunt\u00a0!<\/b><\/p>\n","protected":false},"excerpt":{"rendered":"<p>Aucune loi divine, aucun interdit religieux ne doivent\u00a0 pouvoir\u00a0 s&rsquo;imposer \u00a0sur le sol de France.\u00a0 Aucune l\u00e2chet\u00e9, aucune complaisance, aucun silence complice, aucune autocensure, aucune faiblesse ne doivent intervenir\u00a0 quand il s\u2019agit de rester vigilant et de se mobiliser contre <a class=\"more-link\" href=\"https:\/\/asvpnf.com\/index.php\/2022\/08\/22\/contre-le-fanatisme-pour-la-liberte-dexpression\/\">En lire plus &#8230;<\/a><\/p>\n","protected":false},"author":9,"featured_media":0,"comment_status":"closed","ping_status":"closed","sticky":false,"template":"","format":"standard","meta":{"spay_email":""},"categories":[11],"tags":[],"jetpack_featured_media_url":"","_links":{"self":[{"href":"https:\/\/asvpnf.com\/index.php\/wp-json\/wp\/v2\/posts\/6573"}],"collection":[{"href":"https:\/\/asvpnf.com\/index.php\/wp-json\/wp\/v2\/posts"}],"about":[{"href":"https:\/\/asvpnf.com\/index.php\/wp-json\/wp\/v2\/types\/post"}],"author":[{"embeddable":true,"href":"https:\/\/asvpnf.com\/index.php\/wp-json\/wp\/v2\/users\/9"}],"replies":[{"embeddable":true,"href":"https:\/\/asvpnf.com\/index.php\/wp-json\/wp\/v2\/comments?post=6573"}],"version-history":[{"count":1,"href":"https:\/\/asvpnf.com\/index.php\/wp-json\/wp\/v2\/posts\/6573\/revisions"}],"predecessor-version":[{"id":6574,"href":"https:\/\/asvpnf.com\/index.php\/wp-json\/wp\/v2\/posts\/6573\/revisions\/6574"}],"wp:attachment":[{"href":"https:\/\/asvpnf.com\/index.php\/wp-json\/wp\/v2\/media?parent=6573"}],"wp:term":[{"taxonomy":"category","embeddable":true,"href":"https:\/\/asvpnf.com\/index.php\/wp-json\/wp\/v2\/categories?post=6573"},{"taxonomy":"post_tag","embeddable":true,"href":"https:\/\/asvpnf.com\/index.php\/wp-json\/wp\/v2\/tags?post=6573"}],"curies":[{"name":"wp","href":"https:\/\/api.w.org\/{rel}","templated":true}]}}