{"id":6590,"date":"2022-09-18T18:32:23","date_gmt":"2022-09-18T17:32:23","guid":{"rendered":"https:\/\/asvpnf.com\/?p=6590"},"modified":"2022-09-18T22:20:47","modified_gmt":"2022-09-18T21:20:47","slug":"le-choeur-mixte-des-gaillards-davant-a-ergue-gaberic-f-29500-un-epilogue-dans-la-bonne-humeur","status":"publish","type":"post","link":"https:\/\/asvpnf.com\/index.php\/2022\/09\/18\/le-choeur-mixte-des-gaillards-davant-a-ergue-gaberic-f-29500-un-epilogue-dans-la-bonne-humeur\/","title":{"rendered":"Le choeur mixte des Gaillards d&rsquo;Avant    \u00e0 Ergu\u00e9-Gab\u00e9ric (F-29500):  Un \u00e9pilogue dans la bonne humeur !"},"content":{"rendered":"<p class=\"x_ydpe1da0c73MsoNoSpacing\"><b>Le deux septembre 2022, ledit Choeur mixte se produisait \u00e0\u00a0 Ergu\u00e9-Gab\u00e9ric ,dans la banlieue Est de Quimper,\u00a0 sous l&rsquo;\u00e9gide de son chef\u00a0 et de\u00a0<i>Max<\/i>, ma\u00eetre de c\u00e9r\u00e9monie du jour. Les visiteurs int\u00e9ress\u00e9s par les exploits des choristes en question-anciens \u00e9l\u00e8ves-ma\u00eetres de l&rsquo;ENG de Quimper du milieu des ann\u00e9es 50 du si\u00e8cle pr\u00e9c\u00e9dent et leurs compagnes pourront consulter les fichiers suivants d\u00e9di\u00e9s \u00e0 cette journ\u00e9e\u00a0 (en cliquant sur document 1 puis sur \u00a0document 2)\u00a0:<\/b><\/p>\n<p class=\"x_ydpe1da0c73MsoNoSpacing\"><b>\u00a0<\/b><\/p>\n<p class=\"x_ydpe1da0c73MsoNoSpacing\"><b>\u00a0 \u00a0 \u00a0 <\/b><b><a href=\"http:\/\/asvpnf.com\/wp-content\/uploads\/2022\/09\/Document-1.La-fin-fdun-beau-voyage-par-A.Le-Goff.pdf\" target=\"_blank\" rel=\"noopener\"><span style=\"font-size: 14pt\">DOCUMENT 1.<\/span><\/a> \u00a0 Un texte intitul\u00e9\u00a0 :\u00a0\u00bb<i>La fin d&rsquo;un beau voyage<\/i>\u00a0\u00bb \u00e9crit et illustr\u00e9<i>\u00a0 A. Le Goff\u00a0,<\/i><\/b><\/p>\n<p class=\"x_ydpe1da0c73MsoNoSpacing\"><b>\u00a0<\/b><\/p>\n<p class=\"x_ydpe1da0c73MsoNoSpacing\"><b>\u00a0 \u00a0 \u00a0 <span style=\"font-size: 14pt\"><a href=\"http:\/\/asvpnf.com\/wp-content\/uploads\/2022\/09\/Document-2-.Le-choeur-mixte-des-Gaillards-dAvant-a-Ergue-Gaberic-le-02-09-2022.pdf\" target=\"_blank\" rel=\"noopener\">DOCUMENT 2 <\/a><\/span>. Un mini reportage photographique pr\u00e9par\u00e9 par un des choristes \u00a0 souhaitant garder l&rsquo;anonymat .<\/b><\/p>\n<p class=\"x_ydpe1da0c73MsoNoSpacing\"><b>\u00a0<\/b><\/p>\n<p class=\"x_ydpe1da0c73MsoNoSpacing\"><b>Que tous les acteurs de cette journ\u00e9e singuli\u00e8re soient chaleureusement remerci\u00e9s pour leur implication , la qualit\u00e9 de leurs productions et leur bonne humeur communicative .\u00a0<\/b><\/p>\n","protected":false},"excerpt":{"rendered":"<p>Le deux septembre 2022, ledit Choeur mixte se produisait \u00e0\u00a0 Ergu\u00e9-Gab\u00e9ric ,dans la banlieue Est de Quimper,\u00a0 sous l&rsquo;\u00e9gide de son chef\u00a0 et de\u00a0Max, ma\u00eetre de c\u00e9r\u00e9monie du jour. Les visiteurs int\u00e9ress\u00e9s par les exploits des choristes en question-anciens \u00e9l\u00e8ves-ma\u00eetres <a class=\"more-link\" href=\"https:\/\/asvpnf.com\/index.php\/2022\/09\/18\/le-choeur-mixte-des-gaillards-davant-a-ergue-gaberic-f-29500-un-epilogue-dans-la-bonne-humeur\/\">En lire plus &#8230;<\/a><\/p>\n","protected":false},"author":9,"featured_media":0,"comment_status":"closed","ping_status":"closed","sticky":false,"template":"","format":"standard","meta":{"spay_email":""},"categories":[16],"tags":[],"jetpack_featured_media_url":"","_links":{"self":[{"href":"https:\/\/asvpnf.com\/index.php\/wp-json\/wp\/v2\/posts\/6590"}],"collection":[{"href":"https:\/\/asvpnf.com\/index.php\/wp-json\/wp\/v2\/posts"}],"about":[{"href":"https:\/\/asvpnf.com\/index.php\/wp-json\/wp\/v2\/types\/post"}],"author":[{"embeddable":true,"href":"https:\/\/asvpnf.com\/index.php\/wp-json\/wp\/v2\/users\/9"}],"replies":[{"embeddable":true,"href":"https:\/\/asvpnf.com\/index.php\/wp-json\/wp\/v2\/comments?post=6590"}],"version-history":[{"count":6,"href":"https:\/\/asvpnf.com\/index.php\/wp-json\/wp\/v2\/posts\/6590\/revisions"}],"predecessor-version":[{"id":6599,"href":"https:\/\/asvpnf.com\/index.php\/wp-json\/wp\/v2\/posts\/6590\/revisions\/6599"}],"wp:attachment":[{"href":"https:\/\/asvpnf.com\/index.php\/wp-json\/wp\/v2\/media?parent=6590"}],"wp:term":[{"taxonomy":"category","embeddable":true,"href":"https:\/\/asvpnf.com\/index.php\/wp-json\/wp\/v2\/categories?post=6590"},{"taxonomy":"post_tag","embeddable":true,"href":"https:\/\/asvpnf.com\/index.php\/wp-json\/wp\/v2\/tags?post=6590"}],"curies":[{"name":"wp","href":"https:\/\/api.w.org\/{rel}","templated":true}]}}