{"id":6707,"date":"2022-11-27T18:49:08","date_gmt":"2022-11-27T17:49:08","guid":{"rendered":"https:\/\/asvpnf.com\/?p=6707"},"modified":"2022-11-27T18:49:08","modified_gmt":"2022-11-27T17:49:08","slug":"manifeste-progressiste-pour-la-defense-de-la-langue-francaise-in-dossier-parlons-francais-ufal-info-2022-avril-mai-juin-n-8911-13","status":"publish","type":"post","link":"https:\/\/asvpnf.com\/index.php\/2022\/11\/27\/manifeste-progressiste-pour-la-defense-de-la-langue-francaise-in-dossier-parlons-francais-ufal-info-2022-avril-mai-juin-n-8911-13\/","title":{"rendered":"Manifeste progressiste pour la d\u00e9fense de la  langue fran\u00e7aise.    In  Dossier-Parlons fran\u00e7ais\u00a0!  Ufal INFO\u00a0;2022 , Avril-Mai-Juin n\u00b0 89,11-13"},"content":{"rendered":"<p class=\"x_ydp7e128949MsoNormal\"><b>Avec l\u2019accord de la Secr\u00e9taire de r\u00e9daction de <i>Ufal INFO,<\/i> nous reproduisons ici le manifeste progressiste pour la d\u00e9fense de la langue fran\u00e7aise publi\u00e9 dans ce magazine .<\/b><\/p>\n<p class=\"x_ydp7e128949MsoNormal\"><b>Celui-ci soulignait, en guise d\u2019introduction que\u00a0:\u00a0\u00ab\u00a0Georges Hage, d\u00e9c\u00e9d\u00e9, ancien d\u00e9put\u00e9 honoraire du Nord\u00a0;doyen de l\u2019Assembl\u00e9e nationale, et Georges Gastaud, philosophe, auteur de la <i>Lettre ouverte aux \u00ab\u00a0bons Fran\u00e7ais\u00a0\u00bb qui assassinent la France <\/i>et d\u2019un trait\u00e9 de philosophie en quatre volumes <i>Lumi\u00e8res communes <\/i>ainsi que mille militants politiques et syndicaux, anciens r\u00e9sistants, \u00e9crivains, \u00e9diteurs, artistes, ouvriers et employ\u00e9s, \u00e9tudiants, enseignants, ing\u00e9nieurs, chercheurs\u2026<\/b><\/p>\n<p class=\"x_ydp7e128949MsoNormal\"><b>\u2026 appellent \u00a0les travailleurs manuels et intellectuels, les \u00e9tudiants et les d\u00e9mocrates \u00e0 <\/b><b>la r\u00e9sistance sociale, politique et \u2026 linguistique\u00a0!<\/b><\/p>\n<p class=\"x_ydp7e128949MsoNormal\"><b>\u00a0<\/b><b><i>D\u00e9fendons la langue fran\u00e7aise contre la langue, la pens\u00e9e, la politique et l\u2019\u00e9conomie uniques\u00a0!<\/i><\/b><\/p>\n<p class=\"x_ydp7e128949MsoNormal\"><b>Le manifeste est accessible sur ce site <\/b><b><span style=\"font-size: 14pt\"><a href=\"http:\/\/asvpnf.com\/wp-content\/uploads\/2022\/11\/Manifeste-progressiste-pour-la-defense-de-la-langue-francaise.pdf\" target=\"_blank\" rel=\"noopener\">en cliquant ici<\/a><\/span>.<\/b><\/p>\n<div><b>Les visiteurs pourront retrouver la liste compl\u00e8te de tous les signataires dudit manifeste \u00e0\u00a0 l\u2019adresse\u00a0: <i><a href=\"https:\/\/courriel-langue-francaise.com\/\" target=\"_blank\" rel=\"nofollow noopener noreferrer\" data-auth=\"NotApplicable\" data-linkindex=\"0\">https:\/\/courriel-langue-francaise.com\/<\/a> les-signataires\/<\/i>.Ceux-ci se proposaient, pour d\u00e9fendre \u00a0le fran\u00e7ais, de constituer un Collectif R\u00e9publicain pour la R\u00e9sistance, l\u2019Initiative et l\u2019Emancipation Linguistique (C.O.U.R.R.I.E.L) que l\u2019on retrouvera \u00e0 <i><a href=\"https:\/\/courriel-languefrancaise.com\/\" target=\"_blank\" rel=\"nofollow noopener noreferrer\" data-auth=\"NotApplicable\" data-linkindex=\"1\">https:\/\/courriel-languefrancaise.com\/<\/a><\/i>.Ce collectif militera pour que \u00ab\u00a0l\u2019enseignement du fran\u00e7ais soit r\u00e9tabli dans toute sa force, car la ma\u00eetrise par tous de la langue nationale est la cl\u00e9 de la citoyennet\u00e9\u00a0\u00bb.<\/b><\/div>\n","protected":false},"excerpt":{"rendered":"<p>Avec l\u2019accord de la Secr\u00e9taire de r\u00e9daction de Ufal INFO, nous reproduisons ici le manifeste progressiste pour la d\u00e9fense de la langue fran\u00e7aise publi\u00e9 dans ce magazine . Celui-ci soulignait, en guise d\u2019introduction que\u00a0:\u00a0\u00ab\u00a0Georges Hage, d\u00e9c\u00e9d\u00e9, ancien d\u00e9put\u00e9 honoraire du <a class=\"more-link\" href=\"https:\/\/asvpnf.com\/index.php\/2022\/11\/27\/manifeste-progressiste-pour-la-defense-de-la-langue-francaise-in-dossier-parlons-francais-ufal-info-2022-avril-mai-juin-n-8911-13\/\">En lire plus &#8230;<\/a><\/p>\n","protected":false},"author":9,"featured_media":0,"comment_status":"closed","ping_status":"closed","sticky":false,"template":"","format":"standard","meta":{"spay_email":""},"categories":[10],"tags":[47],"jetpack_featured_media_url":"","_links":{"self":[{"href":"https:\/\/asvpnf.com\/index.php\/wp-json\/wp\/v2\/posts\/6707"}],"collection":[{"href":"https:\/\/asvpnf.com\/index.php\/wp-json\/wp\/v2\/posts"}],"about":[{"href":"https:\/\/asvpnf.com\/index.php\/wp-json\/wp\/v2\/types\/post"}],"author":[{"embeddable":true,"href":"https:\/\/asvpnf.com\/index.php\/wp-json\/wp\/v2\/users\/9"}],"replies":[{"embeddable":true,"href":"https:\/\/asvpnf.com\/index.php\/wp-json\/wp\/v2\/comments?post=6707"}],"version-history":[{"count":1,"href":"https:\/\/asvpnf.com\/index.php\/wp-json\/wp\/v2\/posts\/6707\/revisions"}],"predecessor-version":[{"id":6709,"href":"https:\/\/asvpnf.com\/index.php\/wp-json\/wp\/v2\/posts\/6707\/revisions\/6709"}],"wp:attachment":[{"href":"https:\/\/asvpnf.com\/index.php\/wp-json\/wp\/v2\/media?parent=6707"}],"wp:term":[{"taxonomy":"category","embeddable":true,"href":"https:\/\/asvpnf.com\/index.php\/wp-json\/wp\/v2\/categories?post=6707"},{"taxonomy":"post_tag","embeddable":true,"href":"https:\/\/asvpnf.com\/index.php\/wp-json\/wp\/v2\/tags?post=6707"}],"curies":[{"name":"wp","href":"https:\/\/api.w.org\/{rel}","templated":true}]}}