{"id":6710,"date":"2022-11-30T00:03:08","date_gmt":"2022-11-29T23:03:08","guid":{"rendered":"https:\/\/asvpnf.com\/?p=6710"},"modified":"2022-11-30T00:03:08","modified_gmt":"2022-11-29T23:03:08","slug":"turpitudes-clericales-autour-du-celibat-sacerdotal","status":"publish","type":"post","link":"https:\/\/asvpnf.com\/index.php\/2022\/11\/30\/turpitudes-clericales-autour-du-celibat-sacerdotal\/","title":{"rendered":"Turpitudes cl\u00e9ricales autour du c\u00e9libat sacerdotal"},"content":{"rendered":"<p><b>Selon <i>Marcel Metzger<\/i> (Lettre d\u2019information de <i>Golias Hebdo<\/i>, 23 novembre 2022)<\/b>\u00a0:\u00a0\u00ab\u00a0<b><i>Avant le temps du concile Vatican II, des cur\u00e9s, que leur formation au s\u00e9minaire avait convaincus de la sup\u00e9riorit\u00e9 du c\u00e9libat cl\u00e9rical, consid\u00e9raient le mariage comme \u00ab\u00a0un rem\u00e8de contre la concupiscence\u00a0\u00bb. La formule r\u00e9sume un propos de saint Augustin\u00a0: \u00ab\u00a0Le sacrement de mariage, en donnant la gr\u00e2ce, r\u00e9prime la concupiscence dans sa racine.\u00a0\u00bb Dans la pastorale, on n\u2019ose plus tenir de tels propos\u2026\u00bb<\/i><\/b><\/p>\n<p aria-hidden=\"true\">\n<p><b><span style=\"font-size: x-large\">On retiendra ici le propos introductif de l&rsquo;article<\/span>\u00a0 :\u00a0\u00ab\u00a0<\/b><b>Par les temps qui courent, la formule pourrait fort bien \u00eatre appliqu\u00e9e au clerg\u00e9 de l\u2019\u00c9glise romaine, apr\u00e8s les scandaleuses r\u00e9v\u00e9lations d\u2019abus sexuels commis par des pr\u00eatres, des \u00e9v\u00eaques et m\u00eame des cardinaux. D\u2019innocentes victimes, en particulier des enfants, ont fait les frais de la concupiscence de ces clercs d\u00e9voy\u00e9s. Tout cela aurait pu \u00eatre \u00e9vit\u00e9 si, dans l\u2019\u00c9glise romaine, on avait pris au s\u00e9rieux cette maxime de Pascal\u00a0: \u00ab\u00a0Qui veut faire l\u2019ange fait la b\u00eate\u00a0\u00bb<\/b> .<\/p>\n<p><b>La question de bon sens que tous les citoyen ordinaires, croyants ou non, se posent<\/b>\u00a0<b><i>: <\/i><\/b><\/p>\n<p><b><i>\u00ab\u00a0Fallait-il donc attendre l\u2019\u00e9pouvantable d\u00e9bandade actuelle pour se rendre enfin \u00e0 l\u2019\u00e9vidence\u00a0?\u00a0\u00bb<\/i><\/b><\/p>\n<p><b>Les visiteurs de ce site pourront consulter, <\/b><b><span style=\"font-size: 14pt\"><a href=\"http:\/\/asvpnf.com\/wp-content\/uploads\/2022\/11\/Pour-un-Concile-national.pdf\" target=\"_blank\" rel=\"noopener\">en cliquant ici<\/a><\/span>, la majeure partie de l\u2019article de <i>Marcel Metzger<\/i>. Ils y auront \u00ab\u00a0\u00e9galement acc\u00e8s \u00e0 l\u2019URL\u00a0: <\/b><a class=\"\" href=\"https:\/\/www.golias-editions.fr\/2022\/11\/24\/pour-un-concile-national\/\" target=\"_blank\" rel=\"nofollow noopener noreferrer\" data-auth=\"NotApplicable\" data-linkindex=\"0\">https:\/\/www.golias-editions.fr\/2022\/11\/24\/pour-un-concile-national\/<\/a><\/p>\n<div><\/div>\n<div><b>Il s\u2019intitule<\/b>\u00a0:<\/div>\n<p aria-hidden=\"true\">\n<p align=\"center\">\u00ab\u00a0 <b>Pour un Concile national\u00a0\u00bb<\/b><\/p>\n<p aria-hidden=\"true\">\n<p align=\"center\"><b>On rappellera \u00e0 ce propos\u00a0 que :<\/b><\/p>\n<p><b>selon\u00a0<i>Wikipedia<\/i>\u00a0:\u00ab\u00a0Un\u00a0concile\u00a0(du\u00a0<\/b><a href=\"https:\/\/fr.wikipedia.org\/wiki\/Latin\" target=\"_blank\" rel=\"nofollow noopener noreferrer\" data-auth=\"NotApplicable\" data-linkindex=\"1\"><b>latin<\/b><\/a><b>\u00a0concilium, \u00ab\u00a0assembl\u00e9e\u00a0\u00bb), ou\u00a0<\/b><a href=\"https:\/\/fr.wikipedia.org\/wiki\/Synode\" target=\"_blank\" rel=\"nofollow noopener noreferrer\" data-auth=\"NotApplicable\" data-linkindex=\"2\"><b>synode<\/b><\/a><b>\u00a0(du\u00a0<\/b><a href=\"https:\/\/fr.wikipedia.org\/wiki\/Grec_ancien\" target=\"_blank\" rel=\"nofollow noopener noreferrer\" data-auth=\"NotApplicable\" data-linkindex=\"3\"><b>grec ancien<\/b><\/a><b>\u00a0sun-odos\u00a0\u00ab\u00a0chemin commun\u00a0\u00bb ), est une assembl\u00e9e d&rsquo;<\/b><a href=\"https:\/\/fr.wikipedia.org\/wiki\/%C3%89v%C3%AAque\" target=\"_blank\" rel=\"nofollow noopener noreferrer\" data-auth=\"NotApplicable\" data-linkindex=\"4\"><b>\u00e9v\u00eaques<\/b><\/a><b>\u00a0de l&rsquo;<\/b><a href=\"https:\/\/fr.wikipedia.org\/wiki\/%C3%89glise_catholique\" target=\"_blank\" rel=\"nofollow noopener noreferrer\" data-auth=\"NotApplicable\" data-linkindex=\"5\"><b>\u00c9glise catholique<\/b><\/a><b>\u00a0(latine ou non) ou\u00a0<\/b><a href=\"https:\/\/fr.wikipedia.org\/wiki\/%C3%89glises_orthodoxes\" target=\"_blank\" rel=\"nofollow noopener noreferrer\" data-auth=\"NotApplicable\" data-linkindex=\"6\"><b>orthodoxe<\/b><\/a><b>. Il manifeste une dimension essentielle de toute\u00a0<\/b><a href=\"https:\/\/fr.wikipedia.org\/wiki\/%C3%89glise_chr%C3%A9tienne\" target=\"_blank\" rel=\"nofollow noopener noreferrer\" data-auth=\"NotApplicable\" data-linkindex=\"7\"><b>\u00c9glise chr\u00e9tienne<\/b><\/a><b>\u00a0: la synodalit\u00e9 ou organisation hi\u00e9rarchique du corps en vertu de laquelle les\u00a0<\/b><a href=\"https:\/\/fr.wikipedia.org\/wiki\/Pr%C3%A9lature\" target=\"_blank\" rel=\"nofollow noopener noreferrer\" data-auth=\"NotApplicable\" data-linkindex=\"8\"><b>pr\u00e9lats<\/b><\/a><b>\u00a0charg\u00e9s du gouvernement de chaque portion de l&rsquo;\u00c9glise (<\/b><a href=\"https:\/\/fr.wikipedia.org\/wiki\/%C3%89v%C3%AAque\" target=\"_blank\" rel=\"nofollow noopener noreferrer\" data-auth=\"NotApplicable\" data-linkindex=\"9\"><b>\u00e9v\u00eaques<\/b><\/a><b>) sont susceptibles de se r\u00e9unir pour prendre l&rsquo;ensemble des d\u00e9cisions qui engagent la\u00a0<\/b><a href=\"https:\/\/fr.wikipedia.org\/wiki\/Foi_chr%C3%A9tienne\" target=\"_blank\" rel=\"nofollow noopener noreferrer\" data-auth=\"NotApplicable\" data-linkindex=\"10\"><b>foi<\/b><\/a><b>\u00a0et la discipline de tous sous l&rsquo;autorit\u00e9 d&rsquo;un\u00a0<\/b><a href=\"https:\/\/fr.wikipedia.org\/wiki\/Primatie\" target=\"_blank\" rel=\"nofollow noopener noreferrer\" data-auth=\"NotApplicable\" data-linkindex=\"11\"><b>primat<\/b><\/a><b>\u201d. Cf. <\/b><a href=\"https:\/\/fr.wikipedia.org\/wiki\/Concile\" target=\"_blank\" rel=\"nofollow noopener noreferrer\" data-auth=\"NotApplicable\" data-linkindex=\"12\"><b><i>https:\/\/fr.wikipedia.org\/wiki\/Concile<\/i><\/b><\/a><b> , pour plus de \u00a0d\u00e9tails.<\/b><\/p>\n<p align=\"center\"><b>Qui donc prendra-t-il l\u2019initiative d\u2019une telle d\u00e9marche\u00a0?<\/b><\/p>\n<p class=\"x_ydpaf6f7f91MsoNormal\">\n<p class=\"x_ydpaf6f7f91MsoSubtitle\"><b><span style=\"font-size: medium\">\u00a0 On ne le sait\u2026 aussi en attendant est-il n\u00e9cessaire de se tenir inform\u00e9 de la question. On propose ici quelques lectures \u00e9clairantes permettant de se construire un point de vue au-del\u00e0 des opinions\u00a0.<\/span><\/b><\/p>\n<p class=\"x_ydpaf6f7f91MsoSubtitle\"><span style=\"font-size: x-large\"><b>Ainsi\u00a0 l\u2019hebdomadaire<\/b><b> Marianne<\/b><b>\u00a0 fait \u00e9tat d\u2019un article \u00a0\u00a0intitul\u00e9\u00a0:<\/b><\/span><\/p>\n<p class=\"x_ydpaf6f7f91MsoNormal\" align=\"center\"><b><span lang=\"EN-US\">C\u00e9libat des pr\u00eatres :<\/span><\/b><\/p>\n<p class=\"x_ydpaf6f7f91MsoNormal\" align=\"center\"><b>\u00ab\u00a0C&rsquo;est tout le syst\u00e8me prohibitionniste sur la sexualit\u00e9 qu&rsquo;il faut repenser\u00a0\u00bb<\/b><\/p>\n<p class=\"x_ydpaf6f7f91MsoNormal\" align=\"center\"><b>Propos recueillis par\u00a0<\/b><b><i><span lang=\"EN-US\"><a href=\"https:\/\/www.marianne.net\/auteur\/jean-loup-adenor\" target=\"_blank\" rel=\"nofollow noopener noreferrer\" data-auth=\"NotApplicable\" data-linkindex=\"13\"><span lang=\"FR\">Jean-Loup Adenor<\/span><\/a><\/span><\/i><\/b><b><i><\/i><\/b><\/p>\n<p class=\"x_ydpaf6f7f91MsoNormal\" align=\"center\"><b><span lang=\"EN-US\">\u00a0<\/span><\/b><\/p>\n<p class=\"x_ydpaf6f7f91MsoNormal\"><b><span lang=\"EN-US\">\u00a0<\/span><\/b><b>Selon cet auteur\u00a0: \u00ab\u00a0Alors que l&rsquo;Eglise est secou\u00e9e par les accusations d&rsquo;agression sexuelle contre le cardinal Ricard, les \u00e9v\u00eaques de Beauvais et de Soissons ont recens\u00e9 11 nouvelles victimes pr\u00e9sum\u00e9es de violences sexuelles dans leurs dioc\u00e8ses. <\/b><b><span lang=\"EN-US\">Et comme \u00e0 chaque fois que le sujet des abus sexuels commis dans l&rsquo;\u00e9glise catholique revient dans le d\u00e9bat, la question sur\u00a0la fin du c\u00e9libat des pr\u00eatres ressurgit.\u00a0\u00bb<\/span><\/b><\/p>\n<p class=\"x_ydpaf6f7f91MsoNormal\" align=\"center\"><b><span lang=\"EN-US\">Entretien avec\u00a0<i>Christine Pedotti<\/i>,<\/span><\/b><\/p>\n<p class=\"x_ydpaf6f7f91MsoNormal\" align=\"center\"><b>fondatrice de la revue \u00ab\u00a0<i>T\u00e9moignage chr\u00e9tien<\/i>\u00a0\u00bb.<\/b><\/p>\n<p class=\"x_ydpaf6f7f91MsoNormal\"><b><span lang=\"EN-US\">\u00a0<\/span><\/b><\/p>\n<p class=\"x_ydpaf6f7f91MsoNormal\"><b>\u201cLa fin d&rsquo;une tradition quasi-mill\u00e9naire ? <\/b><b><span lang=\"EN-US\">La r\u00e9v\u00e9lation d&rsquo;un nouveau scandale d&rsquo;agression sexuelle,\u00a0<a href=\"https:\/\/www.marianne.net\/societe\/laicite-et-religions\/affaire-du-cardinal-ricard-dans-les-milieux-catholiques-dautres-noms-circulent\" target=\"_blank\" rel=\"nofollow noopener noreferrer\" data-auth=\"NotApplicable\" data-linkindex=\"14\">concernant cette fois-ci le cardinal\u00a0Ricard<\/a>, accus\u00e9 d&rsquo;avoir eu\u00a0une conduite \u00ab\u00a0r\u00e9pr\u00e9hensible avec une jeune fille de 14 ans\u00a0\u00bb, fait \u00e0 nouveau tanguer l&rsquo;\u00c9glise catholique. Parmi les pistes envisag\u00e9es par les catholiques pour assainir l&rsquo;institution : mettre fin au c\u00e9libat des pr\u00eatres. Une bonne id\u00e9e, selon Christine Pedotti, directrice de la r\u00e9daction de la revue\u00a0T\u00e9moignage chr\u00e9tien. <\/span><\/b><b>Car si elle ne r\u00e9glerait pas tout, la fin du c\u00e9libat des pr\u00eatres permettrait de r\u00e9viser la doctrine catholique sur la sexualit\u00e9, toujours per\u00e7ue comme \u00ab\u00a0malsaine\u00a0\u00bb, d&rsquo;apr\u00e8s elle. <\/b><b><span lang=\"EN-US\">(Cf\u00a0.<\/span><\/b> <b><i><span lang=\"EN-US\"><a href=\"https:\/\/www.marianne.net\/societe\/laicite-et-religions\/celibat-des-pretres-cest-tout-le-systeme-prohibitionniste-sur-la-sexualite-quil-faut-repenser\" target=\"_blank\" rel=\"nofollow noopener noreferrer\" data-auth=\"NotApplicable\" data-linkindex=\"15\">https:\/\/www.marianne.net\/societe\/laicite-et-religions\/celibat-des-pretres-cest-tout-le-systeme-prohibitionniste-sur-la-sexualite-quil-faut-repenser<\/a> <\/span><\/i><\/b><b><span lang=\"EN-US\">)<\/span><\/b><\/p>\n<p class=\"x_ydpaf6f7f91MsoNormal\"><b>Les visiteurs pourront aussi (la\u00a0 recherche est loin d\u2019\u00eatre \u00e9puis\u00e9e)trouver des r\u00e9f\u00e9rences importantes dans\u00a0l\u2019ouvrage de\u00a0 <i>Jean Mercier\u00a0 <\/i>paru en 2014\u00a0:<\/b><\/p>\n<p class=\"x_ydpaf6f7f91MsoNormal\"><b>\u00a0<\/b><\/p>\n<h1 align=\"center\">C\u00e9libat des pr\u00eatres &#8211; La discipline de l&rsquo;\u00c9glise doit-elle changer\u00a0?<\/h1>\n<h1 align=\"center\"><span class=\"x_ydpaf6f7f91format\">&#8211; E-book &#8211; PDF<\/span><\/h1>\n<h2><\/h2>\n<p class=\"x_ydpaf6f7f91MsoNormal\"><b>\u00ab\u00a0Le c\u00e9libat des pr\u00eatres est-il responsable de la p\u00e9nurie des vocations qui frappe l&rsquo;\u00c9glise catholique ?L&rsquo;ordination d&rsquo;hommes mari\u00e9s permettrait-elle de rem\u00e9dier \u00e0 ce probl\u00e8me \u00a0Jean Mercier r\u00e9pond \u00e0 ces deux questions qui font l&rsquo;objet d&rsquo;un d\u00e9bat souvent passionnel. Reprenant le sujet en amont, avec la volont\u00e9 de se d\u00e9gager des id\u00e9es re\u00e7ues, il a le souci de dessiner des pistes d&rsquo;avenir r\u00e9alistes, hors de toute pol\u00e9mique st\u00e9rile.<br aria-hidden=\"true\" \/>Au fil des pages, l&rsquo;auteur fait le bilan des difficult\u00e9s et des atouts du c\u00e9libat sacerdotal, et des d\u00e9fis qu&rsquo;il a suscit\u00e9s au sein de l&rsquo;\u00c9glise depuis deux mille ans. Il pr\u00e9sente la synth\u00e8se des fondements th\u00e9ologiques et spirituels du c\u00e9libat et aborde la question essentielle de l&rsquo;\u00e9quilibre psychologique et affectif du pr\u00eatre. On trouvera surtout ici la premi\u00e8re \u00e9tude de la faisabilit\u00e9 d l&rsquo;ordination d&rsquo;hommes mari\u00e9s, \u00e9tablie en particulier \u00e0 partir d&rsquo;un audit totalement in\u00e9dit de la vie des pr\u00eatres mari\u00e9s (anciens pr\u00eatres anglicans ou pasteurs protestants) que compte l&rsquo;\u00c9glise catholique, notamment en Angleterre<\/b> <b>\u00bb. <\/b><b>On notera que<i> Jean Mercier <\/i>est journaliste, r\u00e9dacteur en chef adjoint \u00e0 <i>La Vie<\/i>, en charge des questions religieuses et plus particuli\u00e8rement de l&rsquo;actualit\u00e9. <\/b><b><span lang=\"EN-US\">(Cf.<\/span><\/b> <b><i><span lang=\"EN-US\"><a class=\"\" href=\"https:\/\/www.decitre.fr\/ebooks\/celibat-des-pretres-la-discipline-de-l-eglise-doit-elle-changer-9782220066929_9782220066929_9.html\" target=\"_blank\" rel=\"nofollow noopener noreferrer\" data-auth=\"NotApplicable\" data-linkindex=\"16\">https:\/\/www.decitre.fr\/ebooks\/celibat-des-pretres-la-discipline-de-l-eglise-doit-elle-changer-9782220066929_9782220066929_9.html<\/a><\/span><\/i><\/b><b><span lang=\"EN-US\">)<\/span><\/b><\/p>\n<p class=\"x_ydpaf6f7f91MsoNormal\"><b><span lang=\"EN-US\">Que Ch<i>ristian Terras<\/i>, R\u00e9dacteur en chef de <i>Golias,\u00a0<\/i>soit cordialement remerci\u00e9 de nous autoriser ce nouvel emprunt !<\/span><\/b><\/p>\n","protected":false},"excerpt":{"rendered":"<p>Selon Marcel Metzger (Lettre d\u2019information de Golias Hebdo, 23 novembre 2022)\u00a0:\u00a0\u00ab\u00a0Avant le temps du concile Vatican II, des cur\u00e9s, que leur formation au s\u00e9minaire avait convaincus de la sup\u00e9riorit\u00e9 du c\u00e9libat cl\u00e9rical, consid\u00e9raient le mariage comme \u00ab\u00a0un rem\u00e8de contre la <a class=\"more-link\" href=\"https:\/\/asvpnf.com\/index.php\/2022\/11\/30\/turpitudes-clericales-autour-du-celibat-sacerdotal\/\">En lire plus &#8230;<\/a><\/p>\n","protected":false},"author":9,"featured_media":0,"comment_status":"closed","ping_status":"closed","sticky":false,"template":"","format":"standard","meta":{"spay_email":""},"categories":[11],"tags":[],"jetpack_featured_media_url":"","_links":{"self":[{"href":"https:\/\/asvpnf.com\/index.php\/wp-json\/wp\/v2\/posts\/6710"}],"collection":[{"href":"https:\/\/asvpnf.com\/index.php\/wp-json\/wp\/v2\/posts"}],"about":[{"href":"https:\/\/asvpnf.com\/index.php\/wp-json\/wp\/v2\/types\/post"}],"author":[{"embeddable":true,"href":"https:\/\/asvpnf.com\/index.php\/wp-json\/wp\/v2\/users\/9"}],"replies":[{"embeddable":true,"href":"https:\/\/asvpnf.com\/index.php\/wp-json\/wp\/v2\/comments?post=6710"}],"version-history":[{"count":1,"href":"https:\/\/asvpnf.com\/index.php\/wp-json\/wp\/v2\/posts\/6710\/revisions"}],"predecessor-version":[{"id":6712,"href":"https:\/\/asvpnf.com\/index.php\/wp-json\/wp\/v2\/posts\/6710\/revisions\/6712"}],"wp:attachment":[{"href":"https:\/\/asvpnf.com\/index.php\/wp-json\/wp\/v2\/media?parent=6710"}],"wp:term":[{"taxonomy":"category","embeddable":true,"href":"https:\/\/asvpnf.com\/index.php\/wp-json\/wp\/v2\/categories?post=6710"},{"taxonomy":"post_tag","embeddable":true,"href":"https:\/\/asvpnf.com\/index.php\/wp-json\/wp\/v2\/tags?post=6710"}],"curies":[{"name":"wp","href":"https:\/\/api.w.org\/{rel}","templated":true}]}}