{"id":6799,"date":"2023-02-01T19:51:30","date_gmt":"2023-02-01T18:51:30","guid":{"rendered":"https:\/\/asvpnf.com\/?p=6799"},"modified":"2023-02-01T19:51:30","modified_gmt":"2023-02-01T18:51:30","slug":"chronique-des-tribulations-et-turpitudes-clericales-de-2023-suite","status":"publish","type":"post","link":"https:\/\/asvpnf.com\/index.php\/2023\/02\/01\/chronique-des-tribulations-et-turpitudes-clericales-de-2023-suite\/","title":{"rendered":"Chronique des tribulations et turpitudes cl\u00e9ricales de 2023 (suite)"},"content":{"rendered":"<p><b>La litanie des abus sexuels et spirituels commis au sein de l&rsquo;Eglise catholique\u00a0 ne cesse de s\u2019allonger et les non-croyants ou \u00ab\u00a0m\u00e9cr\u00e9ants du monde\u00a0\u00bb, citoyens ordinaires de la R\u00e9publique \u00e9tonn\u00e9s de tant d\u2019atteintes \u00e0 la dignit\u00e9 humaine, n\u2019ont finalement qu\u2019\u00e0 compter les marches d\u2019une descente aux enfers et tous les maux et souffrances qui lui sont associ\u00e9s. Doivent-ils dans cette triste contemplation faire abstraction des dommages collat\u00e9raux que ces dysfonctionnements provoquent aux diff\u00e9rents niveaux de notre soci\u00e9t\u00e9 et de ses institutions\u00a0?\u00a0\u00a0 Ce site\u00a0 a fait le choix de proposer\u00a0 \u00e0 la consultation de\u00a0 ses visiteurs, des articles qui a priori ne peuvent relever de choix partiaux guid\u00e9s par ce qui pourrait se d\u00e9signer\u00a0 par de l\u2019anticl\u00e9ricalisme primaire. Ils sont le plus souvent\u00a0 \u00e9crits par des journalistes proches de l\u2019Eglise, acteurs de progr\u00e8s du catholicisme fran\u00e7ais .<\/b><\/p>\n<p><b>\u00a0<\/b><\/p>\n<p><b>C\u2019est ainsi que l\u2019on peut d\u00e9couvrir dans le site <i>Cath\u2019lib<\/i> de <i>Ren\u00e9 Poujol<\/i> , dans un article d\u00e9volu au devenir tumultueux\u00a0 des \u00ab\u00a0communaut\u00e9s nouvelles\u00a0\u00bb, qu\u2019il est\u00a0\u00ab\u00a0difficile d\u2019accuser l\u2019Eglise de total immobilisme concernant la p\u00e9docriminalit\u00e9 dans ses rangs. Sans doute doit-on lui conc\u00e9der que la r\u00e9ponse ne pourra \u00eatre que progressive, au rythme de la prise de conscience des divers acteurs pastoraux et des fid\u00e8les eux-m\u00eames. Il n\u2019emp\u00eache : les dispositifs mis en place en termes de reconnaissance et de r\u00e9paration font d\u00e9j\u00e0 appara\u00eetre de nombreux \u00ab\u00a0trous dans la raquette\u00a0\u00bb. <i>Et le refus persistant de prendre en compte des abus non directement sexuels, mais spirituels ou de pouvoir, aux cons\u00e9quences analogues, devient aujourd\u2019hui <\/i><\/b><b><i>un vrai scandale<\/i><\/b><b><i>. <\/i><\/b><b>L\u2019actualit\u00e9 est l\u00e0 pour en t\u00e9moigner, concernant certaines communaut\u00e9s r\u00e9tives au changement, sur lesquelles aucune autorit\u00e9 eccl\u00e9siale ne semble avoir prise. <i>Au point de se demander si les r\u00e9former n\u2019est pas une illusion et s\u2019il ne faudrait pas envisager plut\u00f4t leur dissolution<\/i>.\u00a0\u00bb<\/b><\/p>\n<div>\n<p class=\"x_ydp437936ceStandard\"><b>Les visiteurs pourront\u00a0 consulter \u00e0 ce propos l\u2019article complet de <i>Ren\u00e9 Poujol. <\/i>Il s\u2019intitule<i>\u00a0:<\/i><\/b><\/p>\n<p class=\"x_ydp437936ceStandard\"><b><i>\u00a0<\/i><\/b><\/p>\n<p class=\"x_ydp437936ceStandard\" align=\"center\"><b>\u00ab\u00a0Abus spirituels : faut-il dissoudre les communaut\u00e9s nouvelles ?\u00a0\u00bb<\/b><\/p>\n<p class=\"x_ydp437936ceStandard\" align=\"center\"><b>\u00a0<\/b><\/p>\n<p class=\"x_ydp437936ceStandard\"><b>Il est accessible\u00a0<\/b><span style=\"font-size: 14pt\"><b><a href=\"http:\/\/asvpnf.com\/wp-content\/uploads\/2023\/02\/Abus-spirituels.pdf\" target=\"_blank\" rel=\"noopener\">en cliquant ici<\/a> <\/b><\/span><b>(Document 1)<\/b><b> ou \u00e0 l\u2019URL\u00a0:<\/b><\/p>\n<p class=\"x_ydp437936ceStandard\"><b><i>\u00a0<\/i><\/b><\/p>\n<p class=\"x_ydp437936ceStandard\"><b><i>https:\/\/www.renepoujol.fr\/abus-spirituels-faut-il-dissoudre-les-communautes-nouvelles\/#more-7517<\/i><\/b><\/p>\n<\/div>\n<p><b><i>\u00a0<\/i><\/b><\/p>\n<p><b>Mais on d\u00e9couvre aussi dans la\u00a0<i>\u00a0Lettre de Golias hebdo <\/i>du 19 janvier 2023, un article de <i>Christian Terras<\/i> intitul\u00e9\u00a0:<\/b><\/p>\n<p class=\"x_ydp437936ceStandard\" align=\"center\"><b>\u00a0<\/b><\/p>\n<p class=\"x_ydp437936ceStandard\" align=\"center\"><b>\u00ab\u00a0Comment le Vatican a enterr\u00e9 l\u2019affaire Ouellet\u00a0?\u00a0\u00bb<\/b><\/p>\n<p class=\"x_ydp437936ceStandard\"><i>https:\/\/www.golias-editions.fr\/2023\/01\/19\/comment-le-vatican-a-enterre-laffaire-ouellet\/<\/i><\/p>\n<p><b>Marc\u00a0 Ouellet est\u00a0 l\u2019ancien archev\u00eaque du Qu\u00e9bec (2003-2010). Il est cit\u00e9 dans une liste rendue publique le 16 ao\u00fbt 2022, \u00e9tablie dans le cadre d\u2019une action collective contre le dioc\u00e8se. Il\u00a0 est accus\u00e9 de propos d\u00e9plac\u00e9s et \u00ab d\u2019attouchements de nature sexuelle non consentis \u00bb, commis entre 2008 et 2010 sur une jeune agente de pastorale.\u00a0 Pr\u00e9fet de la congr\u00e9gation des Ev\u00eaques \u00e0 Rome depuis 2010,\u00a0 il <\/b><b>a<\/b> <b>b\u00e9n\u00e9fici\u00e9 de la cl\u00e9mence du Vatican, qui, apr\u00e8s une enqu\u00eate controvers\u00e9e, estime qu\u2019il n\u2019y a pas mati\u00e8re \u00e0 poursuivre. Mais ces accusations devraient d\u00e9boucher \u00e0 terme sur un proc\u00e8s au civil au Canada\u2026.<\/b><\/p>\n<p><b>Les visiteurs pourront consulter un r\u00e9sum\u00e9 de l\u2019article\u00a0<\/b><span style=\"font-size: 14pt\"><b><a href=\"http:\/\/asvpnf.com\/wp-content\/uploads\/2023\/02\/Comment-le-Vatican-a-enterre-1.pdf\" target=\"_blank\" rel=\"noopener\">en cliquant ici<\/a> <\/b><\/span><b>(<\/b><b>Document 2<\/b><b>).<\/b><\/p>\n<div><b>\u00a0<\/b><\/div>\n<div><b>Devant le\u00a0 panorama de telles affaires\u00a0 on ne peut\u00a0 s\u2019\u00e9tonner-en toute bonne foi- de\u00a0 voir la fonction \u00e9piscopale et ses ministres\u00a0 d\u00e9bord\u00e9s par les questions institutionnelles au point de conduire \u00e0 des pertes de vocation, \u00e0 des\u00a0 \u00ab\u00a0burn- out\u00a0\u00bb et \u00e0 des refus d\u2019ordination sacerdotale.\u00a0 Par ailleurs certains des protagonistes en question se plaignent ouvertement d\u2019\u00eatre l\u2019objet d\u2019un v\u00e9ritable \u00ab\u00a0bashing\u00a0\u00bb\u00a0 en mati\u00e8re d\u2019abus sexuels.<\/b><b><i> <\/i><\/b><b>Ils conviennent cependant, en chargeant les plus anciens parfois \u00e9v\u00eaques encore en activit\u00e9, de \u00ab\u00a0<\/b><b><i>silences coupables, d\u2019affaires \u00e9touff\u00e9es, de pr\u00eatres abuseurs prot\u00e9g\u00e9s et<\/i><\/b><b> <i>d\u00e9plac\u00e9s\u00a0\u00bb <\/i>. On trouvera , \u00e0 ce propos un article de<i> Alexandre Ballario<\/i> publi\u00e9 dans <i>Golias<\/i> le 19 janvier 2023. Il est intitul\u00e9\u00a0:<\/b><\/div>\n<p><b>\u00a0<\/b><\/p>\n<p class=\"x_ydp437936ceStandard\" align=\"center\"><b>\u00ab\u00a0Ev\u00eaques : les limites d\u2019un constat\u00a0\u00bb<\/b><\/p>\n<p><b>\u00a0<\/b><\/p>\n<div><b>\u00a0<\/b><\/div>\n<div><b>\u00a0On pourra y acc\u00e9der\u00a0<\/b><span style=\"font-size: 14pt\"><b><a href=\"http:\/\/asvpnf.com\/wp-content\/uploads\/2023\/02\/Eveques.pdf\" target=\"_blank\" rel=\"noopener\">en cliquant ici<\/a> <\/b><\/span><b>(Document 3)<\/b><b> ou en se rendant \u00e0\u00a0:<\/b><\/div>\n<p class=\"x_ydp437936ceStandard\">\n<p class=\"x_ydp437936ceStandard\"><b><span lang=\"EN-US\">l\u2019URL\u00a0: <\/span><\/b><b><i><span lang=\"EN-US\">https:\/\/www.golias-editions.fr\/2023\/01\/19\/eveques-les-limites-dun-constat\/<\/span><\/i><\/b><\/p>\n<p><b><i><span lang=\"EN-US\">\u00a0<\/span><\/i><\/b><\/p>\n<div>\n<p class=\"x_ydp437936ceStandard\"><b>On voit bien\u00a0 que si une r\u00e9forme de fond est n\u00e9cessaire,\u00a0 il sera difficile de s\u2019y r\u00e9signer. On voit bien aussi au final que \u00a0\u00a0\u00ab\u00a0pour restaurer une cloche il faut la refondre enti\u00e8rement\u00a0\u00bb\u00a0; cela ne sera pas facile.\u00a0 Faut-il\u00a0 rappeler qu\u2019\u00e0 cet \u00e9gard,\u00a0 Martin\u00a0\u00a0 Luther (1483-1546)\u00a0\u00a0 \u00e9crivait d\u00e9j\u00e0\u00a0:\u00a0 <\/b><\/p>\n<div><span lang=\"EN-US\"><a href=\"http:\/\/evene.lefigaro.fr\/citation\/reste-france-catholicisme-bruit-cloches-54155.php\" target=\"_blank\" rel=\"nofollow noopener noreferrer\" data-auth=\"NotApplicable\" data-linkindex=\"0\"><b><i><span lang=\"FR\">\u201cIl ne reste en France du catholicisme que le bruit des cloches.\u201d<\/span><\/i><\/b><\/a><\/span><\/div>\n<p class=\"x_ydp437936ceStandard\"><b>Et en 2022\u00a0 qu\u2019en reste-t-il\u00a0?\u00a0 Il reste un naufrage avec ses effets collat\u00e9raux que les principaux int\u00e9ress\u00e9s\u00a0 et leurs institutions vont avoir \u00e0 affronter avec probit\u00e9 intellectuelle, un minimum de rationalisme r\u00e9publicain sans vouloir se<\/b> <b>raccrocher \u00e0 d&rsquo;autres formes de cl\u00e9ricalisme notamment en mati\u00e8re de relations \u00e0 l&rsquo;enfance et \u00e0 la jeunesse.<\/b><\/p>\n<p class=\"x_ydp437936ceStandard\"><b>Cependant on d\u00e9couvre d\u00e9j\u00e0 dans la presse bien inform\u00e9e des formes inqui\u00e9tantes de r\u00e9sistance \u00e0 l&rsquo;\u00e9mergence de la v\u00e9rit\u00e9 dans certains milieux\u00a0 de l&rsquo;enseignement confessionnel dit libre\u00a0. C&rsquo;est ainsi que <i>Marianne<\/i>\u00a0\u00a0 (n\u00b0 1350)du 26 janvier 2023 via la plume de <i>Hadrien Brachet<\/i>\u00a0 interpelle ses lecteurs\u00a0 sur\u00a0 la (re)naissance de\u00a0 l&rsquo;Ecole de La Discorde \u00e0\u00a0 Chanceaux-sur-Choisille en Indre-et-Loire .Cf.\u00a0 <\/b><b><i>:https:\/\/www.marianne.net\/societe\/education\/fraternite-saint-pie-x-quand-larrivee-dune-ecole-integriste-chamboule-une-petite-ville-de-touraine<\/i><\/b><b>\u00a0\u00a0 .\u00a0\u00a0\u00a0\u00a0\u00a0\u00a0\u00a0\u00a0\u00a0\u00a0\u00a0\u00a0\u00a0\u00a0\u00a0\u00a0\u00a0\u00a0\u00a0\u00a0\u00a0\u00a0\u00a0\u00a0\u00a0\u00a0\u00a0\u00a0\u00a0\u00a0\u00a0\u00a0\u00a0\u00a0\u00a0\u00a0\u00a0\u00a0 <\/b><\/p>\n<p class=\"x_ydp437936ceStandard\"><b>En cette charmante commune de France des chr\u00e9tiens traditionalistes,\u00a0 se r\u00e9f\u00e9rant \u00e0 des principes d&rsquo;extr\u00eame droite, se proposent d&rsquo;implanter, avec la complaisance coupable d&rsquo;un \u00e9dile &#8211; sans doute acquis\u00a0 \u00e0 leurs id\u00e9es- un p\u00f4le scolaire priv\u00e9 de la Fraternit\u00e9 Saint-Pie-X. Fort heureusement,\u00a0 il leur reste \u00e0 vaincre\u00a0 le collectif \u00ab\u00a0<i>Chanceaux\u00a0 La\u00efcit\u00e9<\/i>\u00a0\u00bb cr\u00e9\u00e9 par deux <\/b><b>instituteurs<\/b><b> \u00e0 la retraite fermement oppos\u00e9s \u00e0 l&rsquo;installation en ces lieux\u00a0 d&rsquo;un \u00e9tablissement scolaire \u00ab\u00a0pas comme les autres\u00a0\u00bb.\u00a0 Pourront-ils compter sur l&rsquo;Etat (Le Pr\u00e9fet d&rsquo;Indre-et-Loire en l&rsquo;occurrence)\u00a0 qui\u00a0 fait d\u00e9clarer \u00ab\u00a0il y a un \u00e9quilibre \u00e0 trouver entre la libert\u00e9 de l&rsquo;enseignement et la protection de l&rsquo;enfance\u00a0\u00bb.\u00a0\u00a0 Certes un \u00e9quilibre, mais encore\u00a0?&#8230;<\/b><\/p>\n<p class=\"x_ydp437936ceStandard\"><b>Faut-il rappeler plus simplement, qu&rsquo;en France sous les auspices de la R\u00e9publique et\u00a0\u00a0 depuis l&rsquo;adoption et la mise en application\u00a0 des lois scolaires de la 3\u00e8 R\u00e9publique l&rsquo;instruction est gratuite, obligatoire et la\u00efque\u00a0!&#8230; Ceci au moment o\u00f9 dans lesdites\u00a0\u00ab\u00a0<i>\u00e9coles de la discorde<\/i>\u00a0\u00bb on ne \u00ab\u00a0distingue pas toujours explicitement les faits historiques des conceptions religieuses\u00a0\u00bb et o\u00f9\u00a0 l&rsquo;on a \u00ab\u00a0recours \u00e0 la notion de race sans pr\u00e9caution\u00a0\u00bb et o\u00f9\u00a0 \u00ab\u00a0l&rsquo;acquisition et le partage des valeurs de la R\u00e9publique, la construction d&rsquo;une culture civique sont \u00e9vinc\u00e9s au profit de la construction d&rsquo;une culture religieuse\u00a0\u00bb\u00a0!<\/b><\/p>\n<p class=\"x_ydp437936ceStandard\"><b>Peut-on\u00a0 accepter sans s&rsquo;indigner\u00a0 de voir ainsi \u00e9vinc\u00e9s sans scrupule les principes de notre R\u00e9publique indivisible, la\u00efque, d\u00e9mocratique et\u00a0 sociale\u00a0?<\/b><\/p>\n<div><b>Nous assurons le comit\u00e9 \u00ab\u00a0<i>Chanceaux La\u00efcit\u00e9<\/i>\u00a0\u00bb de notre soutien\u00a0 et appelons tous ceux qui ont des oreilles pour entendre que, s&rsquo;il n&rsquo;est pas toujours convenable de tirer sur une ambulance, il est grand temps que les citoyens \u00e9mancip\u00e9s de France, d\u00e9fenseurs\u00a0 de l&rsquo;Ecole la\u00efque,\u00a0 se sentent autoris\u00e9s \u00e0 stigmatiser et \u00e0 condamner avec la plus grande rigueur les d\u00e9rives et abus qui ont cours au sein de l&rsquo;Eglise catholique\u00a0 et notamment celle de France\u2026<\/b><\/div>\n<div><b>\u00a0<\/b><\/div>\n<div dir=\"ltr\" data-setdir=\"false\"><span style=\"font-family: Cambria, serif\"><b>\u00a0 Que<i> Ren\u00e9 Poujol<\/i> et <i>Christian Terras<\/i> soient cordialement remerci\u00e9s de nous avoir autoris\u00e9 \u00e0 reproduire des articles publi\u00e9s dans leurs sites respectifs.<\/b><\/span><\/div>\n<\/div>\n","protected":false},"excerpt":{"rendered":"<p>La litanie des abus sexuels et spirituels commis au sein de l&rsquo;Eglise catholique\u00a0 ne cesse de s\u2019allonger et les non-croyants ou \u00ab\u00a0m\u00e9cr\u00e9ants du monde\u00a0\u00bb, citoyens ordinaires de la R\u00e9publique \u00e9tonn\u00e9s de tant d\u2019atteintes \u00e0 la dignit\u00e9 humaine, n\u2019ont finalement qu\u2019\u00e0 <a class=\"more-link\" href=\"https:\/\/asvpnf.com\/index.php\/2023\/02\/01\/chronique-des-tribulations-et-turpitudes-clericales-de-2023-suite\/\">En lire plus &#8230;<\/a><\/p>\n","protected":false},"author":9,"featured_media":0,"comment_status":"closed","ping_status":"closed","sticky":false,"template":"","format":"standard","meta":{"spay_email":""},"categories":[11],"tags":[],"jetpack_featured_media_url":"","_links":{"self":[{"href":"https:\/\/asvpnf.com\/index.php\/wp-json\/wp\/v2\/posts\/6799"}],"collection":[{"href":"https:\/\/asvpnf.com\/index.php\/wp-json\/wp\/v2\/posts"}],"about":[{"href":"https:\/\/asvpnf.com\/index.php\/wp-json\/wp\/v2\/types\/post"}],"author":[{"embeddable":true,"href":"https:\/\/asvpnf.com\/index.php\/wp-json\/wp\/v2\/users\/9"}],"replies":[{"embeddable":true,"href":"https:\/\/asvpnf.com\/index.php\/wp-json\/wp\/v2\/comments?post=6799"}],"version-history":[{"count":1,"href":"https:\/\/asvpnf.com\/index.php\/wp-json\/wp\/v2\/posts\/6799\/revisions"}],"predecessor-version":[{"id":6803,"href":"https:\/\/asvpnf.com\/index.php\/wp-json\/wp\/v2\/posts\/6799\/revisions\/6803"}],"wp:attachment":[{"href":"https:\/\/asvpnf.com\/index.php\/wp-json\/wp\/v2\/media?parent=6799"}],"wp:term":[{"taxonomy":"category","embeddable":true,"href":"https:\/\/asvpnf.com\/index.php\/wp-json\/wp\/v2\/categories?post=6799"},{"taxonomy":"post_tag","embeddable":true,"href":"https:\/\/asvpnf.com\/index.php\/wp-json\/wp\/v2\/tags?post=6799"}],"curies":[{"name":"wp","href":"https:\/\/api.w.org\/{rel}","templated":true}]}}