{"id":6837,"date":"2023-03-01T20:03:01","date_gmt":"2023-03-01T19:03:01","guid":{"rendered":"https:\/\/asvpnf.com\/?p=6837"},"modified":"2023-03-01T20:03:01","modified_gmt":"2023-03-01T19:03:01","slug":"chronique-des-turpitudes-et-contre-turpitudes-ecclesiales-et-clericales-suite","status":"publish","type":"post","link":"https:\/\/asvpnf.com\/index.php\/2023\/03\/01\/chronique-des-turpitudes-et-contre-turpitudes-ecclesiales-et-clericales-suite\/","title":{"rendered":"Chronique des turpitudes et contre-turpitudes eccl\u00e9siales et cl\u00e9ricales (suite)"},"content":{"rendered":"<p class=\"x_ydp6a8ed56eyiv3144027673ydp482d10b9yiv9051121284ydp6a51c6d9yiv7046754347ydpdca5438bMsoNoSpacing\"><b>Sur ce site on s\u2019est propos\u00e9 de tenter de rendre compte et de d\u00e9noncer, au moyen de coupures de presse et d\u2019articles mis en ligne, les pratiques perverses et d\u00e9voy\u00e9es\u00a0 commises par les pr\u00eatres de \u00a0l\u2019Eglise catholique sous le couvert d\u2019emprises dites spirituelles\u00a0&#8211;\u00a0condamnables par la justice des hommes. Ainsi que d\u00e9j\u00e0 mentionn\u00e9, l\u2019actualit\u00e9 reste tr\u00e8s pr\u00e9gnante \u00e0 cet \u00e9gard\u00a0; les affaires mises \u00e0 jour aux diff\u00e9rents niveaux de la hi\u00e9rarchie (y compris les plus \u00e9lev\u00e9s ) venant enrichir\u00a0 des dossiers d\u00e9j\u00e0 bien charg\u00e9s. <\/b><\/p>\n<p class=\"x_ydp6a8ed56eyiv3144027673ydp482d10b9yiv9051121284ydp6a51c6d9yiv7046754347ydpdca5438bMsoNoSpacing\"><b>C\u2019est au point que l\u2019indignation\u00a0 provoqu\u00e9e par le r\u00e9cit des scandales ayant eu cours au sein de l\u2019Eglise et de ses institions\u00a0 ne laisse\u00a0 place que rarement \u00e0 l\u2019\u00e9vocation des souffrances et traumatismes caus\u00e9s aux victimes. Que dire\u00a0\u00a0 de la mise en lumi\u00e8re des r\u00e9parations\u00a0 exemplaires qu\u2019ils m\u00e9ritent\u00a0 sans compter les sanctions p\u00e9nales qui devraient \u00eatre encourues par des\u00a0\u00ab\u00a0abuseurs\u00a0\u00bb b\u00e9n\u00e9ficiant, <i>a priori<\/i>, de l\u2019absolution divine\u00a0? . L\u2019\u00e9lucidation et l\u2019analyse des \u00a0facteurs explicatifs humains et institutionnels ayant conduit \u00e0 ces d\u00e9rives \u00a0\u00a0demeurent aussi tr\u00e8s t\u00e9nues\u00a0 ceci \u00e9tant \u00e0 l\u2019aune de la r\u00e9sistance offerte par le syst\u00e8me cl\u00e9rical aux abois\u00a0! On sait bien qu\u2019une institution qui tol\u00e8re le mal et parfois m\u00eame le masque en devient complice\u2026<\/b><\/p>\n<p class=\"x_ydp6a8ed56eyiv3144027673ydp482d10b9yiv9051121284ydp6a51c6d9yiv7046754347ydpdca5438bMsoNoSpacing\"><b>La pr\u00e9sente parution se propose de \u00a0verser au dossier trois nouveaux articles\u00a0 annonc\u00e9s dans la Newsletter\u00a0 de <i>Golias<\/i> <i>Hebdo<\/i> du 24 f\u00e9vrier 2023\u00a0:<\/b><\/p>\n<p class=\"x_ydp6a8ed56eyiv3144027673ydp482d10b9yiv9051121284ydp6a51c6d9yiv7046754347ydpdca5438bMsoNoSpacing\"><b>\u00a0<\/b><\/p>\n<div><b>\u00a01<\/b><b>. <\/b><b>Affaire Philippe et Vanier : une secte prot\u00e9g\u00e9e en haut lieu\u00a0\u00a0<\/b><\/div>\n<div><b>\u00a0<\/b><\/div>\n<div><b>par <i>Xavier Charpe<\/i> et <i>Christian Terras .\u00a0<\/i><\/b><\/div>\n<div><b>\u00a0<\/b><\/div>\n<div><span style=\"font-size: 14pt\"><strong>Document 1<\/strong><\/span><b>, accessible <span style=\"font-size: 14pt\"><a href=\"http:\/\/asvpnf.com\/wp-content\/uploads\/2023\/03\/Affaire-Philippe-et-Vanie1.pdf\" target=\"_blank\" rel=\"noopener\">en cliquant ici<\/a><\/span>.<\/b><\/div>\n<p class=\"x_ydp6a8ed56eyiv3144027673ydp482d10b9yiv9051121284ydp6a51c6d9yiv7046754347ydpdca5438bMsoNoSpacing\"><b><i>\u00a0<\/i><\/b><\/p>\n<div><b>2. Le p\u00e9ch\u00e9 : une obsession catholique<\/b><\/div>\n<div><b>\u00a0<\/b><\/div>\n<div><b>par<i> Paul Fleuret.<\/i><\/b><\/div>\n<p class=\"x_ydp6a8ed56eyiv3144027673ydp482d10b9yiv9051121284ydp6a51c6d9yiv7046754347ydpdca5438bMsoNoSpacing\"><b><span style=\"font-size: 14pt\">Document 2<\/span> , accessible <span style=\"font-size: 14pt\"><a href=\"http:\/\/asvpnf.com\/wp-content\/uploads\/2023\/03\/Le-peche.pdf\" target=\"_blank\" rel=\"noopener\">en cliquant ici<\/a><\/span>.\u00a0<\/b><\/p>\n<p class=\"x_ydp6a8ed56eyiv3144027673ydp482d10b9yiv9051121284ydp6a51c6d9yiv7046754347ydpdca5438bMsoNoSpacing\"><b>\u00a0<\/b><\/p>\n<div><b>3. D\u00e9lire et perversion au c\u0153ur de l\u2019\u00e9glise<\/b><b>\u00a0<\/b><\/div>\n<div><b>\u00a0<\/b><\/div>\n<div><b>par <i>Golias.<\/i><\/b><\/div>\n<div><b>\u00a0<\/b><\/div>\n<div><b><span style=\"font-size: 14pt\">Document 3<\/span> , accessible <\/b><b><span style=\"font-size: 14pt\"><a href=\"http:\/\/asvpnf.com\/wp-content\/uploads\/2023\/03\/Delire-et-perversion-au-coeur-de-l.pdf\" target=\"_blank\" rel=\"noopener\">en cliquant ici<\/a><\/span>.<\/b><\/div>\n<p class=\"x_ydp6a8ed56eyiv3144027673ydp482d10b9yiv9051121284ydp6a51c6d9yiv7046754347ydpdca5438bMsoNoSpacing\"><b>On retiendra entre autres\u00a0 que le p\u00e9ch\u00e9 constitue pour le clerg\u00e9 \u00ab\u00a0une mani\u00e8re bien sournoise de conserver le contr\u00f4le sur les \u00e2mes et les consciences\u2026 un pouvoir de vie et de mort sur les fid\u00e8les\u00a0\u00bb. Au demeurant il lui permet d\u2019user du spirituel au profit du temporel et de se rendre compte qu\u2019en absence\u00a0 de p\u00e9ch\u00e9 il n\u2019y a pas d\u2019emprise possible\u2026<\/b><\/p>\n<p class=\"x_ydp6a8ed56eyiv3144027673ydp482d10b9yiv9051121284ydp6a51c6d9yiv7046754347ydpdca5438bMsoNoSpacing\"><b>Au final on rappellera qu&rsquo;<i>a contrario <\/i>\u00a0l\u2019Ecole publique la\u00efque, parfois mise en cause dans les discussions suscit\u00e9es par certains articles mis en ligne par \u00a0<i>Golias<\/i>, a pour\u00a0 objet l\u2019\u00e9mancipation des \u00e2mes et \u00a0des consciences. Sous son auspice, la Raison ne reconna\u00eet aucune tutelle politique ou religieuse , elle y est donc parfaitement autonome\u2026<\/b><\/p>\n<p class=\"x_ydp6a8ed56eyiv3144027673ydp482d10b9yiv9051121284ydp6a51c6d9yiv7046754347ydpdca5438bMsoNoSpacing\"><b>\u00a0<\/b><\/p>\n<div><b>Les difficult\u00e9s et d\u00e9rives \u00a0des deux institutions adversaires , souvent nomm\u00e9es de la m\u00eame mani\u00e8re dans les medias, \u00a0ne \u00a0rel\u00e8vent \u00a0pas du m\u00eame domaine de l\u2019activit\u00e9 humaine.\u00a0 Leurs d\u00e9terminants\u00a0 tant sur le plan philosophique \u00a0que sur le plan\u00a0 politique\u00a0 sont essentiellement diff\u00e9rents. Il est parfois salutaire de le rappeler\u00a0 pour que les citoyens ordinaires et \u00e9mancip\u00e9s ne c\u00e8dent pas en la mati\u00e8re \u00e0 la \u00ab\u00a0redoutable tentation de l\u2019amalgame\u00a0\u00bb.<\/b><\/div>\n","protected":false},"excerpt":{"rendered":"<p>Sur ce site on s\u2019est propos\u00e9 de tenter de rendre compte et de d\u00e9noncer, au moyen de coupures de presse et d\u2019articles mis en ligne, les pratiques perverses et d\u00e9voy\u00e9es\u00a0 commises par les pr\u00eatres de \u00a0l\u2019Eglise catholique sous le couvert <a class=\"more-link\" href=\"https:\/\/asvpnf.com\/index.php\/2023\/03\/01\/chronique-des-turpitudes-et-contre-turpitudes-ecclesiales-et-clericales-suite\/\">En lire plus &#8230;<\/a><\/p>\n","protected":false},"author":9,"featured_media":0,"comment_status":"closed","ping_status":"closed","sticky":false,"template":"","format":"standard","meta":{"spay_email":""},"categories":[11],"tags":[],"jetpack_featured_media_url":"","_links":{"self":[{"href":"https:\/\/asvpnf.com\/index.php\/wp-json\/wp\/v2\/posts\/6837"}],"collection":[{"href":"https:\/\/asvpnf.com\/index.php\/wp-json\/wp\/v2\/posts"}],"about":[{"href":"https:\/\/asvpnf.com\/index.php\/wp-json\/wp\/v2\/types\/post"}],"author":[{"embeddable":true,"href":"https:\/\/asvpnf.com\/index.php\/wp-json\/wp\/v2\/users\/9"}],"replies":[{"embeddable":true,"href":"https:\/\/asvpnf.com\/index.php\/wp-json\/wp\/v2\/comments?post=6837"}],"version-history":[{"count":1,"href":"https:\/\/asvpnf.com\/index.php\/wp-json\/wp\/v2\/posts\/6837\/revisions"}],"predecessor-version":[{"id":6841,"href":"https:\/\/asvpnf.com\/index.php\/wp-json\/wp\/v2\/posts\/6837\/revisions\/6841"}],"wp:attachment":[{"href":"https:\/\/asvpnf.com\/index.php\/wp-json\/wp\/v2\/media?parent=6837"}],"wp:term":[{"taxonomy":"category","embeddable":true,"href":"https:\/\/asvpnf.com\/index.php\/wp-json\/wp\/v2\/categories?post=6837"},{"taxonomy":"post_tag","embeddable":true,"href":"https:\/\/asvpnf.com\/index.php\/wp-json\/wp\/v2\/tags?post=6837"}],"curies":[{"name":"wp","href":"https:\/\/api.w.org\/{rel}","templated":true}]}}