{"id":6878,"date":"2023-04-02T22:12:49","date_gmt":"2023-04-02T21:12:49","guid":{"rendered":"https:\/\/asvpnf.com\/?p=6878"},"modified":"2023-04-02T22:12:49","modified_gmt":"2023-04-02T21:12:49","slug":"jean-savina","status":"publish","type":"post","link":"https:\/\/asvpnf.com\/index.php\/2023\/04\/02\/jean-savina\/","title":{"rendered":"Jean Savina"},"content":{"rendered":"<p class=\"x_ydp3f268fd9MsoNormal\" align=\"center\"><b><span style=\"font-size: x-large\">Hussard de la R\u00e9publique<\/span><\/b><\/p>\n<p class=\"x_ydp3f268fd9MsoNormal\" align=\"center\"><b><span style=\"font-size: x-large\">et<\/span><\/b><\/p>\n<p class=\"x_ydp3f268fd9MsoNormal\" align=\"center\"><b><span style=\"font-size: x-large\">Historien autodidacte de la R\u00e9volution<\/span><\/b><\/p>\n<p class=\"x_ydp3f268fd9MsoNormal\"><b><span style=\"font-size: x-large\">\u00a0<\/span><\/b><\/p>\n<p class=\"x_ydp3f268fd9MsoNormal\"><b>Jean Savin, fils de cultivateur,\u00a0 naquit \u00e0 la ferme de ses parents sise au village de Le Losquet en Plogastel-Saint-Germain le 14 f\u00e9vrier 1876. Apr\u00e8s une scolarit\u00e9 \u00e0 l\u2019Ecole publique communale de Plogastel\u00a0, il b\u00e9n\u00e9ficia d\u2019une formation primaire sup\u00e9rieure \u00e0 l\u2019EPS de Douarnenez. Ceci lui permit de passer avec succ\u00e8s les \u00e9preuves du concours d\u2019entr\u00e9e \u00e0 l\u2019Ecole normale de gar\u00e7ons\u00a0 de Quimper o\u00f9 il fut, selon toute vraisemblance, \u00e9l\u00e8ve-ma\u00eetre de 1892 \u00e0 1895\u2026Son Ecole\u00a0 venait d\u2019\u00eatre inaugur\u00e9e en 1884,\u00a0 les Lois scolaires fondatrices\u00a0 de la III\u00e8 R\u00e9publique \u00e9taient mises en application (parfois laborieusement) alors que\u00a0 la Loi qui, 10 ans plus tard,\u00a0\u00a0\u00a0 \u00a0instituera\u00a0 la s\u00e9paration des \u00e9glises et de l\u2019Etat n\u2019\u00e9tait encore qu\u2019un avant-projet dans le milieux politiques r\u00e9publicains .<\/b><\/p>\n<p class=\"x_ydp3f268fd9MsoNormal\"><b>Mais qu\u2019importe, \u00e0 l\u2019instar de Chales P\u00e9guy, on peut sans ambage classer J. Savina \u00a0parmi les pionniers des \u00ab\u00a0Hussards noirs de la R\u00e9publique\u00a0\u00bb. C\u2019est\u00a0 P\u00e9guy le premier qui utilisa cette expression \u00a0pour surnommer les\u00a0 \u00e9l\u00e8ves-ma\u00eetres de l\u2019Ecole normale d\u2019Orl\u00e9ans venant tour \u00e0 tour faire l\u2019apprentissage de leur futur m\u00e9tier \u00e0 l\u2019Ecole annexe(qu\u2019il fr\u00e9quenta de 1879 \u00e0 1885). Elle qualifiait \u00ab l&rsquo;esprit missionnaire qui \u00a0animait ces instituteurs, promoteurs de l&rsquo;instruction obligatoire, gratuite et la\u00efque\u00a0\u00bb<\/b><\/p>\n<p class=\"x_ydp3f268fd9MsoNormal\"><b>L\u2019 \u00c9cole normale de Jean\u00a0 Savina comme celle d\u00e9crite par C. P\u00e9guy \u00ab\u00a0semblait un r\u00e9giment in\u00e9puisable. Elle \u00e9tait comme un immense d\u00e9p\u00f4t, gouvernemental, de jeunesse et de civisme. Le gouvernement de la R\u00e9publique \u00e9tait charg\u00e9 de nous fournir tant de s\u00e9rieux [\u2026]. Ces instituteurs \u00e9taient sortis du peuple, fils d&rsquo;ouvriers, mais surtout de paysans et de petits propri\u00e9taires [\u2026]. Ils restaient le m\u00eame peuple\u00a0&#8230;\u00a0\u00bb Cf. C. P\u00e9guy , <\/b><b><i>Les Cahiers de la quinzaine<\/i><\/b><b>, <\/b><b>16 f\u00e9vrier 1913).<\/b>\u00a0<b><\/b><\/p>\n<p class=\"x_ydp3f268fd9MsoNormal\"><b>Jean Savina faisait partie\u00a0 de ces \u00a0instituteurs des d\u00e9buts de III\u00e8 R\u00e9publique qui, selon Jules Ferry, faisait partie\u00a0 d\u2019une nouvelle g\u00e9n\u00e9ration de \u00ab\u00a0<\/b><b> serviteurs de la R\u00e9publique sociale ; des instituteurs de la libert\u00e9 qui doivent l\u2019enseigner \u00e0 l\u2019\u00e9cole et la r\u00e9pandre en dehors, notamment quand elle est menac\u00e9e\u00a0\u00bb(S\u00e9ance parlementaire du 20 juin1894).<\/b><\/p>\n<p class=\"x_ydp3f268fd9MsoNormal\"><b>Le parcours \u00a0hors norme\u00a0 de l\u2019 instituteur J. Savina devenu \u00a0historien de la Grande \u00a0R\u00e9volution (essentiellement pour son expression lib\u00e9ratrice dans les campagnes de Cornouaille) \u00e0 force de travail \u00a0et d\u2019engagement philosophique personnel \u00a0\u00a0a \u00e9t\u00e9 remis en lumi\u00e8re r\u00e9cemment \u00a0par nos adh\u00e9rents et amis <i>\u00a0Anne<\/i> et\u00a0 <i>Andr\u00e9 Le Goff<\/i>\u00a0. <\/b><\/p>\n<p class=\"x_ydp3f268fd9MsoNormal\"><b>Jean Savina \u00e9tait le grand oncle de <i>Anne Le Goff<\/i>\u2026 <\/b><\/p>\n<p class=\"x_ydp3f268fd9MsoNormal\"><b>Andr\u00e9 \u00a0a b\u00e9n\u00e9fici\u00e9 des \u00a0suggestions de \u00a0<i>Maurice Morlec<\/i> pour acc\u00e9der \u00e0 certains des travaux peu connus\u00a0 de J. Savina. <\/b><\/p>\n<p class=\"x_ydp3f268fd9MsoNormal\"><b>Nous avons\u00a0 pu d\u00e9couvrir des \u00e9l\u00e9ments ayant trait \u00e0 l\u2019implication \u00a0de J. Savina dans la vie politique \u00a0de la Cit\u00e9 gr\u00e2ce \u00e0 la compr\u00e9hension de <i>Bruno Le Gall<\/i> , conservateur des Archives Municipales de la ville de Quimper . <\/b><\/p>\n<p class=\"x_ydp3f268fd9MsoNormal\"><b>Que tous ces contributeurs\u00a0 soient chaleureusement remerci\u00e9s.<\/b><\/p>\n<p class=\"x_ydp3f268fd9MsoNormal\"><b>Pour en savoir un peu plus \u00a0sur J. Savina et son \u0153uvre\u00a0 embl\u00e9matique, les visiteurs de ce site \u00a0\u00a0pourront consulter\u00a0\u00a0 les quatre \u00a0documents suivants\u00a0 (Clic gauche\u00a0 sur Document)\u00a0:<\/b><\/p>\n<p class=\"x_ydp3f268fd9MsoNormal\"><span style=\"font-size: 14pt\"><strong><a href=\"http:\/\/asvpnf.com\/wp-content\/uploads\/2023\/04\/savina-moi-pdf-Copier-Copier.pdf\" target=\"_blank\" rel=\"noopener\">Document 1<\/a><\/strong><\/span><b>\u00a0. Jean Savina\u00a0; \u00e9l\u00e9ments de biographie et liste des\u00a0 travaux publi\u00e9s (Mise en page de <i>Laurence Cohuet<\/i>).<\/b><\/p>\n<p class=\"x_ydp3f268fd9MsoNormal\"><a href=\"http:\/\/asvpnf.com\/wp-content\/uploads\/2023\/04\/MOELAN-Doleances.pdf\" target=\"_blank\" rel=\"noopener\"><span style=\"font-size: 14pt\"><strong>Document 2<\/strong><\/span><\/a><b>\u00a0. Cahiers de dol\u00e9ances de Mo\u00eblan-sur-Mer par Jean Savina \u00a0( document des Archives d\u00e9partementales du Finist\u00e8re, mis en page par <i>Maurice Morlec<\/i>).<\/b><\/p>\n<p class=\"x_ydp3f268fd9MsoNormal\"><span style=\"font-size: 14pt\"><strong><a href=\"http:\/\/asvpnf.com\/wp-content\/uploads\/2023\/04\/Instituteurs-et-Ecoliers-a-Quimperl1.pdf\" target=\"_blank\" rel=\"noopener\">Document 3\u00a0<\/a><\/strong><\/span><b>. Instituteurs et \u00e9coliers \u00e0 Quimperl\u00e9 \u00e0 la fin de l\u2019ancien r\u00e9gime. Article de Jean Savina publi\u00e9 dans\u00a0 l\u2019 <i>Echo de Bretagne<\/i> du\u00a03 avril 1931, transcrit par <i>A\u00a0.Le Goff<\/i> et\u00a0 <i>F.R.Larher<\/i>.<\/b><\/p>\n<p class=\"x_ydp3f268fd9MsoNormal\"><span style=\"font-size: 14pt\"><strong><a href=\"http:\/\/asvpnf.com\/wp-content\/uploads\/2023\/04\/Au-pays-de-Quimperle.pdf\" target=\"_blank\" rel=\"noopener\">Document 4 <\/a><\/strong><\/span><b>.\u00a0 Au pays de Quimperl\u00e9 par Jean Savina . Extrait fondateur choisi par \u00a0<i>A. Le Goff.<\/i><\/b><\/p>\n","protected":false},"excerpt":{"rendered":"<p>Hussard de la R\u00e9publique et Historien autodidacte de la R\u00e9volution \u00a0 Jean Savin, fils de cultivateur,\u00a0 naquit \u00e0 la ferme de ses parents sise au village de Le Losquet en Plogastel-Saint-Germain le 14 f\u00e9vrier 1876. Apr\u00e8s une scolarit\u00e9 \u00e0 l\u2019Ecole <a class=\"more-link\" href=\"https:\/\/asvpnf.com\/index.php\/2023\/04\/02\/jean-savina\/\">En lire plus &#8230;<\/a><\/p>\n","protected":false},"author":9,"featured_media":0,"comment_status":"closed","ping_status":"closed","sticky":false,"template":"","format":"standard","meta":{"spay_email":""},"categories":[16,39],"tags":[],"jetpack_featured_media_url":"","_links":{"self":[{"href":"https:\/\/asvpnf.com\/index.php\/wp-json\/wp\/v2\/posts\/6878"}],"collection":[{"href":"https:\/\/asvpnf.com\/index.php\/wp-json\/wp\/v2\/posts"}],"about":[{"href":"https:\/\/asvpnf.com\/index.php\/wp-json\/wp\/v2\/types\/post"}],"author":[{"embeddable":true,"href":"https:\/\/asvpnf.com\/index.php\/wp-json\/wp\/v2\/users\/9"}],"replies":[{"embeddable":true,"href":"https:\/\/asvpnf.com\/index.php\/wp-json\/wp\/v2\/comments?post=6878"}],"version-history":[{"count":1,"href":"https:\/\/asvpnf.com\/index.php\/wp-json\/wp\/v2\/posts\/6878\/revisions"}],"predecessor-version":[{"id":6883,"href":"https:\/\/asvpnf.com\/index.php\/wp-json\/wp\/v2\/posts\/6878\/revisions\/6883"}],"wp:attachment":[{"href":"https:\/\/asvpnf.com\/index.php\/wp-json\/wp\/v2\/media?parent=6878"}],"wp:term":[{"taxonomy":"category","embeddable":true,"href":"https:\/\/asvpnf.com\/index.php\/wp-json\/wp\/v2\/categories?post=6878"},{"taxonomy":"post_tag","embeddable":true,"href":"https:\/\/asvpnf.com\/index.php\/wp-json\/wp\/v2\/tags?post=6878"}],"curies":[{"name":"wp","href":"https:\/\/api.w.org\/{rel}","templated":true}]}}