{"id":6896,"date":"2023-04-30T11:23:32","date_gmt":"2023-04-30T10:23:32","guid":{"rendered":"https:\/\/asvpnf.com\/?p=6896"},"modified":"2023-04-30T11:23:32","modified_gmt":"2023-04-30T10:23:32","slug":"la-laicite-un-principe-abime-par-celles-et-ceux-qui-en-font-commerce","status":"publish","type":"post","link":"https:\/\/asvpnf.com\/index.php\/2023\/04\/30\/la-laicite-un-principe-abime-par-celles-et-ceux-qui-en-font-commerce\/","title":{"rendered":"La la\u00efcit\u00e9, un principe ab\u00eem\u00e9 par celles et ceux qui en font commerce"},"content":{"rendered":"<p class=\"x_ydpecbb2565yiv3647873759ydp3aa84e0fyiv3243726107ydp84562b93yiv5409826979ydp348403fdMsoNormal\" align=\"center\"><b>Communiqu\u00e9 du 24 avril 2023<\/b><\/p>\n<p class=\"x_ydpecbb2565yiv3647873759ydp3aa84e0fyiv3243726107ydp84562b93yiv5409826979ydp348403fdMsoNormal\" align=\"center\"><b>\u00a0<\/b><\/p>\n<p class=\"x_ydpecbb2565yiv3647873759ydp3aa84e0fyiv3243726107ydp84562b93yiv5409826979ydp348403fdMsoNormal\" align=\"center\">de la<\/p>\n<p class=\"x_ydpecbb2565yiv3647873759ydp3aa84e0fyiv3243726107ydp84562b93yiv5409826979ydp348403fdMsoNormal\" align=\"center\">\n<p class=\"x_ydpecbb2565yiv3647873759ydp3aa84e0fyiv3243726107ydp84562b93yiv5409826979ydp348403fdMsoNormal\" align=\"center\">\u00a0<b><i>Vigie de la La\u00efcit\u00e9<\/i><\/b><\/p>\n<p class=\"x_ydpecbb2565yiv3647873759ydp3aa84e0fyiv3243726107ydp84562b93yiv5409826979ydp348403fdMsoNormal\" align=\"center\">\n<p class=\"x_ydpecbb2565yiv3647873759ydp3aa84e0fyiv3243726107ydp84562b93yiv5409826979ydp348403fdMsoNormal\" align=\"center\">: <i>https:\/\/www.vigie-laicite.fr\/<\/i><i><\/i><\/p>\n<p class=\"x_ydpecbb2565yiv3647873759ydp3aa84e0fyiv3243726107ydp84562b93yiv5409826979ydp348403fdMsoNormal\" align=\"center\"><i>\u00a0<\/i><\/p>\n<p class=\"x_ydpecbb2565yiv3647873759ydp3aa84e0fyiv3243726107ydp84562b93yiv5409826979ydp348403fdMsoNoSpacing\"><b>\u00a0 C\u2019est en \u00a0ces termes que fut lanc\u00e9 en avril 2021,\u00a0 sous l\u2019\u00e9gide de la Ministre d\u00e9l\u00e9gu\u00e9e aupr\u00e8s du Ministre de l\u2019Int\u00e9rieur, charg\u00e9e de la Citoyennet\u00e9, et au titre du Comit\u00e9 interminist\u00e9riel de pr\u00e9vention de la d\u00e9linquance et de la radicalisation (CIPDR) \u00a0<\/b><b>un\u00a0appel \u00e0 <\/b><b>projets dot\u00e9 d\u2019une enveloppe de 2,5\u00a0millions d\u2019euros pour promouvoir les valeurs r\u00e9publicaines et combattre les discours s\u00e9paratistes\u00a0: le \u00ab\u00a0Fonds MARIANNE\u00a0\u00bb<\/b><b>.<\/b><\/p>\n<p class=\"x_ydpecbb2565yiv3647873759ydp3aa84e0fyiv3243726107ydp84562b93yiv5409826979ydp348403fdMsoNoSpacing\"><strong>Les autorit\u00e9s de tutelle rappelaient l<i>e <\/i><\/strong><b>\u00a0contexte o\u00f9 prosp\u00e8rent, notamment sur les r\u00e9seaux sociaux, des discours de haine, divisant les Fran\u00e7ais, les valeurs r\u00e9publicaines \u00e9tant durement mises\u00a0\u00e0\u00a0l\u2019\u00e9preuve.<\/b><\/p>\n<p class=\"x_ydpecbb2565yiv3647873759ydp3aa84e0fyiv3243726107ydp84562b93yiv5409826979ydp348403fdMsoNoSpacing\"><b>Libert\u00e9 de conscience et d\u2019expression, \u00e9galit\u00e9 de tous les citoyens et de toutes les citoyennes sans distinction d\u2019origine, de race ou de religion, fraternit\u00e9, la\u00efcit\u00e9 doivent plus que jamais \u00eatre d\u00e9fendues.<\/b><\/p>\n<p class=\"x_ydpecbb2565yiv3647873759ydp3aa84e0fyiv3243726107ydp84562b93yiv5409826979ydp348403fdMsoNoSpacing\"><b>C\u2019est pourquoi le Minist\u00e8re de l\u2019Int\u00e9rieur lance cet appel \u00e0 projets national \u00ab Fonds MARIANNE \u00bb qui accompagnera ceux lanc\u00e9s par les pr\u00e9fets dans les territoires pour soutenir les initiatives locales. <\/b><b><span lang=\"EN-US\">Cf.<\/span><\/b> <b><i><span lang=\"EN-US\">https:\/\/www.cipdr.gouv.fr\/appel-a-projets-national-2021-fonds-marianne\/<\/span><\/i><\/b><\/p>\n<p class=\"x_ydpecbb2565yiv3647873759ydp3aa84e0fyiv3243726107ydp84562b93yiv5409826979ydp348403fdMsoNoSpacing\"><b><i><span lang=\"EN-US\">\u00a0<\/span><\/i><\/b><b>Etaient \u00e9ligibles des projets visant \u00e0 soutenir les jeunes de\u00a0<\/b><b>12 \u00e0 25 ans expos\u00e9s aux id\u00e9ologies s\u00e9paratistes et <\/b><b>\u00a0 contribuant \u00a0\u00a0\u00e0 la r\u00e9alisation de l\u2019un ou plusieurs des objectifs suivants :<\/b><\/p>\n<p class=\"x_ydpecbb2565yiv3647873759ydp3aa84e0fyiv3243726107ydp84562b93yiv5409826979ydp348403fdMsoNormal\"><b>\u2013<\/b><b>Riposter \u00e0 la propagande s\u00e9paratiste ainsi qu\u2019aux discours complotistes en ligne, en particulier sur les r\u00e9seaux sociaux\u00a0;\u00a0<br aria-hidden=\"true\" \/><\/b><b>\u2013<\/b><b>D\u00e9fendre les valeurs r\u00e9publicaines de libert\u00e9, de conscience et d\u2019expression, d\u2019\u00e9galit\u00e9, entre tous les hommes et entre toutes les femmes, de fraternit\u00e9 et de la\u00efcit\u00e9 qui sont le ciment de la concorde et de la coh\u00e9sion nationales.<\/b><b>\u00a0<\/b><\/p>\n<p class=\"x_ydpecbb2565yiv3647873759ydp3aa84e0fyiv3243726107ydp84562b93yiv5409826979ydp348403fdMsoNormal\"><b>\u00a0<\/b><b>Cependant le 29 mars 2023 l\u2019hebdomadaire <i>Marianne <\/i>titrait sous les plumes de \u00a0\u00a0<i>Gabriel Libert<\/i> et <i>G\u00e9rard Andrieu<\/i>\u00a0:<\/b><\/p>\n<p class=\"x_ydpecbb2565yiv3647873759ydp3aa84e0fyiv3243726107ydp84562b93yiv5409826979ydp348403fdMsoNormal\"><b>\u00a0<\/b><\/p>\n<p class=\"x_ydpecbb2565yiv3647873759ydp3aa84e0fyiv3243726107ydp84562b93yiv5409826979ydp348403fdMsoNoSpacing\" align=\"center\"><b><i>R\u00e9v\u00e9lations sur l&rsquo;argent \u00e9vapor\u00e9 du\u00a0fonds\u00a0contre le s\u00e9paratisme<\/i><\/b><\/p>\n<p class=\"x_ydpecbb2565yiv3647873759ydp3aa84e0fyiv3243726107ydp84562b93yiv5409826979ydp348403fdMsoNoSpacing\">\n<h2><span class=\"x_ydpecbb2565yiv3647873759ydp3aa84e0fyiv3243726107ydp84562b93yiv5409826979ydp348403fdSansinterligneCar\"><span lang=\"EN-US\">L\u2019enqu\u00eate\u00a0 de ces deux journalistes d\u00e9voile les dessous d\u2019un myst\u00e9rieux fonds gouvernemental lanc\u00e9 par Marl\u00e8ne Schiappa. En effet \u00a0la plus grosse dotation, a parfois r\u00e9v\u00e9l\u00e9 un intrigant usage des deniers<\/span><\/span> publics. <span lang=\"EN-US\">Cf.<\/span> <a href=\"https:\/\/www.marianne.net\/politique\/schiappa-gravel-sifaoui-revelations-sur-largent-evapore-du-fonds-contre-le-separatisme\" target=\"_blank\" rel=\"nofollow noopener noreferrer\" data-auth=\"NotApplicable\" data-linkindex=\"0\"><i><span lang=\"EN-US\">https:\/\/www.marianne.net\/politique\/schiappa-gravel-sifaoui-revelations-sur-largent-evapore-du-fonds-contre-le-separatisme<\/span><\/i><\/a><\/h2>\n<p class=\"x_ydpecbb2565yiv3647873759ydp3aa84e0fyiv3243726107ydp84562b93yiv5409826979ydp348403fdMsoNoSpacing\"><b><span lang=\"EN-US\">\u00a0<\/span><\/b><b>Dans cette m\u00eame perspective le pr\u00e9sident de la commission des Finances du S\u00e9nat, le socialiste Claude Raynal, a demand\u00e9 au gouvernement de lui transmettre d\u2019ici \u00e0 mercredi 19\u00a0avril tous les documents concernant le fonds Marianne\u00a0contre le s\u00e9paratisme, apr\u00e8s nos r\u00e9v\u00e9lations fin mars (voir l\u2019article mentionn\u00e9 ci-dessus) sur l&rsquo;utilisation suspecte des subventions allou\u00e9es. <\/b><b><span lang=\"EN-US\">Cf.<\/span><\/b><b><span lang=\"EN-US\"> <a href=\"https:\/\/www.marianne.net\/societe\/laicite-et-religions\/fonds-marianne-le-senateur-ps-claude-raynal-reclame-tous-les-documents-au-gouvernement-dici-mercredi\" target=\"_blank\" rel=\"nofollow noopener noreferrer\" data-auth=\"NotApplicable\" data-linkindex=\"1\"><i>https:\/\/www.marianne.net\/societe\/laicite-et-religions\/fonds-marianne-le-senateur-ps-claude-raynal-reclame-tous-les-documents-au-gouvernement-dici-mercredi<\/i><\/a><\/span><\/b><\/p>\n<p class=\"x_ydpecbb2565yiv3647873759ydp3aa84e0fyiv3243726107ydp84562b93yiv5409826979ydp348403fdMsoNoSpacing\"><b><span lang=\"EN-US\">\u00a0<\/span><\/b><b>On parle d\u00e9sormais d\u2019une gestion opaque dudit fonds\u00a0 l&rsquo;association qui aurait \u00e9t\u00e9 le principal b\u00e9n\u00e9ficiaire, l&rsquo;Union des soci\u00e9t\u00e9s d&rsquo;\u00e9ducation physique et de pr\u00e9paration militaire (USEPPM), aurait utilis\u00e9 l\u2019argent pour un site Internet et des publications sur les r\u00e9seaux sociaux tr\u00e8s peu suivies, et pour salarier deux ex-dirigeants\u2026.<\/b><\/p>\n<p class=\"x_ydpecbb2565yiv3647873759ydp3aa84e0fyiv3243726107ydp84562b93yiv5409826979ydp348403fdMsoNoSpacing\"><b>\u00a0<\/b><b>Ceci permettait au <i>Monde<\/i> du 24 avril 2023 de titrer :<\/b><\/p>\n<p class=\"x_ydpecbb2565yiv3647873759ydp3aa84e0fyiv3243726107ydp84562b93yiv5409826979ydp348403fdMsoNoSpacing\"><b>\u00a0<\/b><b><i>Fonds Marianne\u00a0: une commission d\u2019enqu\u00eate propos\u00e9e au S\u00e9nat<\/i><\/b><\/p>\n<p class=\"x_ydpecbb2565yiv3647873759ydp3aa84e0fyiv3243726107ydp84562b93yiv5409826979ydp348403fdMsoNoSpacing\"><b>\u00a0<\/b><\/p>\n<p class=\"x_ydpecbb2565yiv3647873759ydp3aa84e0fyiv3243726107ydp84562b93yiv5409826979ydp348403fdMsoNoSpacing\"><b>Deux associations b\u00e9n\u00e9ficiaires du fonds, cr\u00e9\u00e9 apr\u00e8s l\u2019assassinat de Samuel Paty pour \u00ab\u00a0d\u00e9fendre les valeurs de la R\u00e9publique\u00a0\u00bb, sont soup\u00e7onn\u00e9es d\u2019avoir ind\u00fbment per\u00e7u ou utilis\u00e9 leurs subventions. Ils\u2019agit de\u00a0 l\u2019USEPPM d\u00e9j\u00e0 nomm\u00e9e et de l\u2019 association \u00ab\u00a0Reconstruire le commun\u00a0\u00bb. <\/b><\/p>\n<p class=\"x_ydpecbb2565yiv3647873759ydp3aa84e0fyiv3243726107ydp84562b93yiv5409826979ydp348403fdMsoNoSpacing\"><b><span lang=\"EN-US\">En clair , le citoyen ordinaire d\u00e9couvre\u00a0 \u00ab\u00a0une nouvelle affaire\u00a0\u00bb\u2026 en cours d\u2019instruction parlementaire . C\u2019est dans ce contexte\u00a0 qu\u2019est publi\u00e9 le 24 avril le communiqu\u00e9 de la \u00ab\u00a0<i>Vigie de la la\u00efcit\u00e9<\/i>\u00a0\u00bb que nous\u00a0 avons reproduit avec l\u2019accord des dirigeants de cette association. Ceux-ci\u00a0 soulignent que\u00a0:<\/span><\/b><\/p>\n<p class=\"x_ydpecbb2565yiv3647873759ydp3aa84e0fyiv3243726107ydp84562b93yiv5409826979ydp348403fdMsoNoSpacing\"><b>\u00a0\u00ab\u00a0<\/b><b><span lang=\"EN-US\">La concomitance de la cr\u00e9ation du \u00ab fonds Marianne \u00bb en 2021 et de la suppression de l\u2019<i>Observatoire de la la\u00efcit\u00e9<\/i> la m\u00eame ann\u00e9e interroge et laisse dubitatif sur la place que tient aujourd\u2019hui la question de la la\u00efcit\u00e9 dans les politiques publiques gouvernementales. Outil pour diffuser des id\u00e9es r\u00e9actionnaires ? Commerce de la la\u00efcit\u00e9 ? Cette derni\u00e8re appara\u00eet de plus en plus comme un camouflage id\u00e9ologique pouvant rapporter, comme on le voit, de la plus sordide des mani\u00e8res, de l\u2019argent. Cf.<\/span><\/b><b><span lang=\"EN-US\"> <a class=\"x_ydpecbb2565yiv3647873759ydp3aa84e0fyiv3243726107ydp84562b93yiv5409826979ydpe8c87a1aenhancr_card_2633976027\" href=\"https:\/\/www.cipdr.gouv.fr\/appel-a-projets-national-2021-fonds-marianne\/\" target=\"_blank\" rel=\"nofollow noopener noreferrer\" data-auth=\"NotApplicable\" data-linkindex=\"2\">Appel \u00e0 projets national 2021 &#8211; \u00ab Fonds MARIANNE \u00bb &#8211; Comit\u00e9 Interminist\u00e9riel de Pr\u00e9vention de la D\u00e9linquance et de la Radicalisation<\/a>,<\/span><\/b><\/p>\n<div><b>\u00a0<\/b><\/div>\n<div><b>Les visiteurs de ce site pourront consulter ledit communiqu\u00e9 <\/b><b><span style=\"font-size: 14pt\"><a href=\"http:\/\/asvpnf.com\/wp-content\/uploads\/2023\/04\/La-laicite.pdf\" target=\"_blank\" rel=\"noopener\">en cliquant ici<\/a><\/span>.<\/b><\/div>\n<p class=\"x_ydpecbb2565yiv3647873759ydp3aa84e0fyiv3243726107ydp84562b93yiv5409826979ydp348403fdMsoNoSpacing\"><b>\u00a0<\/b><b>Que les dirigeants de <i>La Vigie de la La\u00efcit\u00e9 <\/i>soient remerci\u00e9s de nous autoriser cet emprunt<\/b>.<\/p>\n","protected":false},"excerpt":{"rendered":"<p>Communiqu\u00e9 du 24 avril 2023 \u00a0 de la \u00a0Vigie de la La\u00efcit\u00e9 : https:\/\/www.vigie-laicite.fr\/ \u00a0 \u00a0 C\u2019est en \u00a0ces termes que fut lanc\u00e9 en avril 2021,\u00a0 sous l\u2019\u00e9gide de la Ministre d\u00e9l\u00e9gu\u00e9e aupr\u00e8s du Ministre de l\u2019Int\u00e9rieur, charg\u00e9e de la <a class=\"more-link\" href=\"https:\/\/asvpnf.com\/index.php\/2023\/04\/30\/la-laicite-un-principe-abime-par-celles-et-ceux-qui-en-font-commerce\/\">En lire plus &#8230;<\/a><\/p>\n","protected":false},"author":9,"featured_media":0,"comment_status":"closed","ping_status":"closed","sticky":false,"template":"","format":"standard","meta":{"spay_email":""},"categories":[11],"tags":[],"jetpack_featured_media_url":"","_links":{"self":[{"href":"https:\/\/asvpnf.com\/index.php\/wp-json\/wp\/v2\/posts\/6896"}],"collection":[{"href":"https:\/\/asvpnf.com\/index.php\/wp-json\/wp\/v2\/posts"}],"about":[{"href":"https:\/\/asvpnf.com\/index.php\/wp-json\/wp\/v2\/types\/post"}],"author":[{"embeddable":true,"href":"https:\/\/asvpnf.com\/index.php\/wp-json\/wp\/v2\/users\/9"}],"replies":[{"embeddable":true,"href":"https:\/\/asvpnf.com\/index.php\/wp-json\/wp\/v2\/comments?post=6896"}],"version-history":[{"count":1,"href":"https:\/\/asvpnf.com\/index.php\/wp-json\/wp\/v2\/posts\/6896\/revisions"}],"predecessor-version":[{"id":6898,"href":"https:\/\/asvpnf.com\/index.php\/wp-json\/wp\/v2\/posts\/6896\/revisions\/6898"}],"wp:attachment":[{"href":"https:\/\/asvpnf.com\/index.php\/wp-json\/wp\/v2\/media?parent=6896"}],"wp:term":[{"taxonomy":"category","embeddable":true,"href":"https:\/\/asvpnf.com\/index.php\/wp-json\/wp\/v2\/categories?post=6896"},{"taxonomy":"post_tag","embeddable":true,"href":"https:\/\/asvpnf.com\/index.php\/wp-json\/wp\/v2\/tags?post=6896"}],"curies":[{"name":"wp","href":"https:\/\/api.w.org\/{rel}","templated":true}]}}