{"id":6901,"date":"2023-04-30T19:11:06","date_gmt":"2023-04-30T18:11:06","guid":{"rendered":"https:\/\/asvpnf.com\/?p=6901"},"modified":"2023-04-30T19:11:06","modified_gmt":"2023-04-30T18:11:06","slug":"les-petits-accommodements-de-circonstance-au-conseil-des-sages-de-la-laicite","status":"publish","type":"post","link":"https:\/\/asvpnf.com\/index.php\/2023\/04\/30\/les-petits-accommodements-de-circonstance-au-conseil-des-sages-de-la-laicite\/","title":{"rendered":"Les petits accommodements de circonstance au Conseil des sages de la la\u00efcit\u00e9"},"content":{"rendered":"<p><b>Ledit conseil\u00a0 fut install\u00e9 en 2018 par le Ministre de l\u2019Education nationale de\u00a0 l\u2019\u00e9poque. Dans un \u00e9ditorial r\u00e9cent sa pr\u00e9sidente en titre, <\/b><b>Dominique Schappner<\/b><b>, rappelait\u00a0:\u00a0\u00abEn installant, le 8 janvier 2018, un \u00ab\u00a0Conseil des sages de la la\u00efcit\u00e9\u00a0\u00bb, le ministre de l\u2019\u00c9ducation nationale Jean-Michel Blanquer a exprim\u00e9 une exigence claire <i>: pilier de notre R\u00e9publique, indissociable de la formation des futurs citoyens, la la\u00efcit\u00e9 doit \u00eatre pr\u00e9serv\u00e9e, transmise et explicit\u00e9e par nos institutions, au premier rang desquelles, l\u2019\u00c9cole<\/i>. Face aux atteintes au principe de la\u00efcit\u00e9 qui \u00e9branlent l&rsquo;institution scolaire, il ne faut pas \u00ab\u00a0mettre la poussi\u00e8re sous le tapis\u00a0\u00bb. Il s\u2019agit au contraire de renforcer le mod\u00e8le r\u00e9publicain, en apportant une r\u00e9ponse syst\u00e9matique et un soutien clair \u00e0 tous les personnels d\u2019enseignement et d\u2019\u00e9ducation parfois mal arm\u00e9s face aux nouvelles contestations du principe de la\u00efcit\u00e9.<\/b><\/p>\n<p><b>Fort de son bilan de cinq ann\u00e9es d\u2019activit\u00e9 au service de la communaut\u00e9 \u00e9ducative, il \u00e9tait souhaitable qu\u2019un texte v\u00eent pr\u00e9ciser et consacrer les pratiques que le Conseil des sages a d\u00e9ploy\u00e9es dans divers domaines (conseil, publications, formation), souvent en r\u00e9ponse \u00e0 des faits pr\u00e9occupants \u00e9manant du terrain scolaire.<br aria-hidden=\"true\" \/>C\u2019est pourquoi, dans un arr\u00eat\u00e9 publi\u00e9 le 13 avril 2023, le ministre Pap Ndiaye a confirm\u00e9 les fonctions du Conseil des sages de la la\u00efcit\u00e9 et des valeurs de la R\u00e9publique, en compl\u00e9tant sa composition fix\u00e9e \u00e0 vingt membres et en \u00e9largissant son p\u00e9rim\u00e8tre d\u2019action.\u00a0\u00bbCf. <\/b><span lang=\"en-US\"><a href=\"https:\/\/www.education.gouv.fr\/le-conseil-des-sages-de-la-laicite-et-des-valeurs-de-la-republique-41537\" target=\"_blank\" rel=\"noopener noreferrer\" data-auth=\"NotApplicable\" data-linkindex=\"0\"><b><i>https:\/\/www.education.gouv.fr\/le-conseil-des-sages-de-la-laicite-et-des-valeurs-de-la-republique-41537<\/i><\/b><\/a><\/span><b><\/b><\/p>\n<p><b><span lang=\"en-US\">\u00a0<\/span><\/b><\/p>\n<p><b>D\u00e8s le 14 avril 2023,<i> Le Point<\/i> titrait \u00e0 ce propos , sous la plume d\u2019 \u00a0<i>Alice<\/i> <i>Pairo-Vasseur<\/i>\u00a0:<\/b><\/p>\n<p align=\"center\"><b>Conseil des Sages de la la\u00efcit\u00e9 : l&rsquo;inflexion de Pap Ndiaye<\/b><\/p>\n<p><b>On soulignait \u00a0au passage que le ministre de l&rsquo;\u00c9ducation nationale remod\u00e8le l&rsquo;organisme consultatif cr\u00e9\u00e9 par son pr\u00e9d\u00e9cesseur. Des changements qui pourraient en dire long\u2026. (Cf. <\/b><span lang=\"en-US\"><a href=\"https:\/\/www.lepoint.fr\/societe\/conseil-des-sages-de-la-laicite-l-inflexion-de-pap-ndiaye-14-04-2023-2516379_23.php\" target=\"_blank\" rel=\"noopener noreferrer\" data-auth=\"NotApplicable\" data-linkindex=\"1\"><b><i><span lang=\"fr\">https:\/\/www.lepoint.fr\/societe\/conseil-des-sages-de-la-laicite-l-inflexion-de-pap-ndiaye-14-04-2023-2516379_23.php<\/span><\/i><\/b><\/a><\/span><b>)<\/b><\/p>\n<p><b>\u00a0<\/b><\/p>\n<p><b>Selon <i>Le Monde<\/i> du m\u00eame jour\u00a0:\u00a0<\/b><\/p>\n<p align=\"center\"><b>\u00a0 Pap Ndiaye \u00e9largit les missions du conseil des sages de la la\u00efcit\u00e9 \u00e0 la lutte contre le racisme et l\u2019antis\u00e9mitisme<\/b><b>\u00a0<\/b><\/p>\n<p align=\"center\"><b><span lang=\"en-US\">\u00a0Cf. <\/span><\/b><span lang=\"en-US\"><a href=\"https:\/\/www.lemonde.fr\/societe\/article\/2023\/04\/14\/pap-ndiaye-elargit-les-missions-du-conseil-des-sages-de-la-laicite-a-la-lutte-contre-le-racisme-et-l-antisemitisme_6169496_3224.html\" target=\"_blank\" rel=\"noopener noreferrer\" data-auth=\"NotApplicable\" data-linkindex=\"2\"><b><i>https:\/\/www.lemonde.fr\/societe\/article\/2023\/04\/14\/pap-ndiaye-elargit-les-missions-du-conseil-des-sages-de-la-laicite-a-la-lutte-contre-le-racisme-et-l-antisemitisme_6169496_3224.html<\/i><\/b><\/a><\/span><b><i><\/i><\/b><\/p>\n<p><b>Pendant ce temps <i>La Croix<\/i> notait\u00a0 \u00e0 ce propos\u00a0:\u00a0<\/b><\/p>\n<p align=\"center\"><b>\u00c9ducation nationale\u2009: Pap Ndiaye \u00e9tend les missions du Conseil des sages de la la\u00efcit\u00e9<\/b><b><\/b><\/p>\n<p align=\"center\"><b>Le ministre de l\u2019\u00e9ducation nationale a install\u00e9 un Conseil des sages de la la\u00efcit\u00e9 renouvel\u00e9, vendredi 14\u00a0avril. Il r\u00e9oriente ses missions qui ne se limiteront plus \u00e0 la d\u00e9fense de la la\u00efcit\u00e9 mais s\u2019\u00e9tendront \u00e0 la lutte contre les discriminations. <\/b><\/p>\n<p align=\"center\"><b><span lang=\"en-US\">Cf. <\/span><\/b><span lang=\"en-US\"><a href=\"https:\/\/www.la-croix.com\/Famille\/Education-nationale-Pap-Ndiaye-etend-missions-Conseil-sages-laicite-2023-04-14-1201263478\" target=\"_blank\" rel=\"noopener noreferrer\" data-auth=\"NotApplicable\" data-linkindex=\"3\"><b><i>https:\/\/www.la-croix.com\/Famille\/Education-nationale-Pap-Ndiaye-etend-missions-Conseil-sages-laicite-2023-04-14-1201263478<\/i><\/b><\/a><\/span><b><i><\/i><\/b><\/p>\n<p><b>En parall\u00e8le on note\u00a0 des r\u00e9actions plus r\u00e9serv\u00e9es c\u00f4t\u00e9 <i>Caf\u00e9 p\u00e9dagogique <\/i>\u00a0lequel\u00a0 pointe\u00a0:\u00a0<\/b><\/p>\n<p><b>\u00a0Pap Ndiaye contr\u00f4le le Conseil des sages de la la\u00efcit\u00e9<\/b><b>\u00a0<\/b><\/p>\n<p><b>A<\/b><b>pr\u00e8s la publication d\u2019une circulaire sur la la\u00efcit\u00e9 fin 2022, Pap Ndiaye recadre le conseil des sages de la la\u00efcit\u00e9, un organisme cr\u00e9\u00e9 par JM. Blanquer en<\/b><b> 2018. Un arr\u00eat\u00e9, publi\u00e9 au BO, <\/b><b>limite la capacit\u00e9 d\u2019expression et d\u2019action du conseil et pr\u00e9pare le renouvellement de ses membres. Pap Ndiaye tourne enfin la page Blanquer sur ce sujet.<\/b><\/p>\n<p><b><span lang=\"en-US\">Cf\u00a0. <\/span><\/b><span lang=\"en-US\"><a href=\"https:\/\/www.cafepedagogique.net\/2023\/04\/14\/pap-ndiaye-controle-le-conseil-des-sages-de-la-laicite\/\" target=\"_blank\" rel=\"noopener noreferrer\" data-auth=\"NotApplicable\" data-linkindex=\"4\"><b><i>https:\/\/www.cafepedagogique.net\/2023\/04\/14\/pap-ndiaye-controle-le-conseil-des-sages-de-la-laicite\/<\/i><\/b><\/a><\/span><b><i><\/i><\/b><\/p>\n<p><b><span lang=\"en-US\">\u00a0<\/span><\/b><\/p>\n<p><b>Mais d\u00e9j\u00e0 sur <i>Public S\u00e9nat<\/i> du 19 avril 2023 on attire l\u2019attention sur le fait que\u00a0: En \u00e9largissant la composition et les missions du Conseil des sages de la la\u00efcit\u00e9, le ministre de l\u2019Education Pap Ndiaye a scandalis\u00e9 la droite s\u00e9natoriale qui l\u2019accuse de d\u00e9naturer cette instance mise en place par Jean-Michel Blanquer. <\/b><\/p>\n<p><b><span lang=\"en-US\">Cf. <i>https:\/\/www.publicsenat.fr\/actualites\/education\/la-reprise-en-main-du-conseil-des-sages-de-la-laicite-par-pap-ndiaye-scandali<\/i>se<\/span><\/b><\/p>\n<p><b><span lang=\"en-US\">\u00a0<\/span><\/b><b>Dans le droit fil de ce propos\u00a0 on ne peut \u00eatre\u00a0 surpris de d\u00e9couvrir dans <i>Front populaire<\/i> du 25 avril\u00a0:<\/b><\/p>\n<p align=\"center\"><b>Pap Ndiaye accus\u00e9 de d\u00e9faire le Conseil des sages de la la\u00efcit\u00e9<\/b><b>\u00a0 <\/b><\/p>\n<p><b>Le ministre de l\u2019\u00c9ducation Pap Ndiaye a remodel\u00e9 le Conseil des sages de la la\u00efcit\u00e9 en modifiant sa composition, ses missions et ses moyens d\u2019action. La nomination r\u00e9cente d\u2019Alain Policar, favorable au mod\u00e8le multiculturaliste \u00e0 l\u2019anglo-saxonne, a mis le feu aux poudres. Un des membres dudit conseil donne sa d\u00e9mission\u2026<\/b><\/p>\n<p><b>\u00a0Dans ce contexte, les visiteurs de ce site\u00a0 pourront rester inform\u00e9s des \u00e9volutions en cours et de leur signification en consultant l\u2019article\u00a0 de la philosophe <\/b><b><i>Catherine Kintzler<\/i><\/b><b> , membre\u00a0 du Conseil des Sages, qu\u2019elle a publi\u00e9\u00a0 le 24 avril 2023 dans son blog revue <i>Mezetulle<\/i>. Ledit article est \u00a0intitul\u00e9\u00a0:<\/b><\/p>\n<p align=\"center\"><b>Conseil des sages de la la\u00efcit\u00e9 \u2026deux textes officiels \u00e0 comparer<\/b><\/p>\n<p><b>Il est accessible soit\u00a0\u00a0<\/b><b><span style=\"font-size: 14pt\"><a href=\"http:\/\/asvpnf.com\/wp-content\/uploads\/2023\/04\/Conseil-des-sages-de-la-laicite-brut.pdf\" target=\"_blank\" rel=\"noopener\">en cliquant ici<\/a><\/span> soit\u00a0 en se rendant \u00e0 l\u2019adresse : <i><a href=\"https:\/\/www.mezetulle.fr\/conseil-des-sages-de-la-laicite-deux-textes-officiels-a-comparer\/\" target=\"_blank\" rel=\"noopener noreferrer\" data-auth=\"NotApplicable\" data-linkindex=\"5\">https:\/\/www.mezetulle.fr\/conseil-des-sages-de-la-laicite-deux-textes-officiels-a-comparer\/<\/a><\/i><\/b><\/p>\n<p><b>La comparaison faite, les visiteurs tireront les conclusions qui s\u2019imposent.<\/b><\/p>\n<p><b>Que <i>Catherine Kintzler<\/i> soit \u00a0remerci\u00e9e de nous autoriser \u00e0 reproduire et \u00a0\u00e0 repr\u00e9senter ce nouvel article publi\u00e9 sur son blog revue.<\/b><\/p>\n","protected":false},"excerpt":{"rendered":"<p>Ledit conseil\u00a0 fut install\u00e9 en 2018 par le Ministre de l\u2019Education nationale de\u00a0 l\u2019\u00e9poque. Dans un \u00e9ditorial r\u00e9cent sa pr\u00e9sidente en titre, Dominique Schappner, rappelait\u00a0:\u00a0\u00abEn installant, le 8 janvier 2018, un \u00ab\u00a0Conseil des sages de la la\u00efcit\u00e9\u00a0\u00bb, le ministre de <a class=\"more-link\" href=\"https:\/\/asvpnf.com\/index.php\/2023\/04\/30\/les-petits-accommodements-de-circonstance-au-conseil-des-sages-de-la-laicite\/\">En lire plus &#8230;<\/a><\/p>\n","protected":false},"author":9,"featured_media":0,"comment_status":"closed","ping_status":"closed","sticky":false,"template":"","format":"standard","meta":{"spay_email":""},"categories":[11],"tags":[],"jetpack_featured_media_url":"","_links":{"self":[{"href":"https:\/\/asvpnf.com\/index.php\/wp-json\/wp\/v2\/posts\/6901"}],"collection":[{"href":"https:\/\/asvpnf.com\/index.php\/wp-json\/wp\/v2\/posts"}],"about":[{"href":"https:\/\/asvpnf.com\/index.php\/wp-json\/wp\/v2\/types\/post"}],"author":[{"embeddable":true,"href":"https:\/\/asvpnf.com\/index.php\/wp-json\/wp\/v2\/users\/9"}],"replies":[{"embeddable":true,"href":"https:\/\/asvpnf.com\/index.php\/wp-json\/wp\/v2\/comments?post=6901"}],"version-history":[{"count":1,"href":"https:\/\/asvpnf.com\/index.php\/wp-json\/wp\/v2\/posts\/6901\/revisions"}],"predecessor-version":[{"id":6903,"href":"https:\/\/asvpnf.com\/index.php\/wp-json\/wp\/v2\/posts\/6901\/revisions\/6903"}],"wp:attachment":[{"href":"https:\/\/asvpnf.com\/index.php\/wp-json\/wp\/v2\/media?parent=6901"}],"wp:term":[{"taxonomy":"category","embeddable":true,"href":"https:\/\/asvpnf.com\/index.php\/wp-json\/wp\/v2\/categories?post=6901"},{"taxonomy":"post_tag","embeddable":true,"href":"https:\/\/asvpnf.com\/index.php\/wp-json\/wp\/v2\/tags?post=6901"}],"curies":[{"name":"wp","href":"https:\/\/api.w.org\/{rel}","templated":true}]}}