{"id":7115,"date":"2023-11-05T17:27:40","date_gmt":"2023-11-05T16:27:40","guid":{"rendered":"https:\/\/asvpnf.com\/?p=7115"},"modified":"2023-11-05T17:27:40","modified_gmt":"2023-11-05T16:27:40","slug":"elements-de-chronique-explicative-non-justificative-dune-actualite-dramatique-et-anxiogene","status":"publish","type":"post","link":"https:\/\/asvpnf.com\/index.php\/2023\/11\/05\/elements-de-chronique-explicative-non-justificative-dune-actualite-dramatique-et-anxiogene\/","title":{"rendered":"El\u00e9ments de chronique explicative non justificative  .d\u2019une actualit\u00e9 dramatique et anxiog\u00e8ne"},"content":{"rendered":"<p class=\"x_ydp8f3c7a65yiv2387949978ydp5967c400MsoNormal\"><span style=\"font-size: 12pt\">\u00ab\u00a0L&rsquo;information et la communication sont indispensables \u00e0 l&rsquo;existence de la d\u00e9mocratie; il suffit de dire que pour se d\u00e9velopper pleinement, toute d\u00e9mocratie doit garantir la participation des citoyens aux affaires publiques et que cette participation est impossible quand les citoyens et les institutions ne peuvent recevoir l&rsquo;information dont ils ont besoin pour s&rsquo;exprimer publiquement\u00a0\u00bb<b><i><\/i><\/b><\/span><\/p>\n<p><span style=\"font-size: 12pt\">\u00a0Rappelons aussi quelques principes \u00a0\u00e9thiques du journalisme\u00a0dans le domaine des Informations et des Opinions n\u00e9cessaires \u00e0 l\u2019exercice du droit \u00e0 l&rsquo;information comme droit fondamental\u00a0(Cf. <a href=\"https:\/\/assembly.coe.int\/nw\/xml\/XRef\/X2H-Xref-ViewHTML.asp?FileID=7207&amp;lang=fr\" target=\"_blank\" rel=\"nofollow noopener noreferrer\" data-auth=\"NotApplicable\" data-linkindex=\"0\"><b><i>https:\/\/assembly.coe.int\/nw\/xml\/XRef\/X2H-Xref-ViewHTML.asp?FileID=7207&amp;lang=fr<\/i><\/b><\/a><\/span><\/p>\n<p class=\"x_ydp8f3c7a65yiv2387949978ydp5967c400MsoNormal\">\n<p><b><i>\u00a0\u00ab\u00a01.\u00a0\u00a0\u00a0\u00a0\u00a0\u00a0 Outre les droits et les devoirs juridiques stipul\u00e9s par les normes juridiques pertinentes, les m\u00e9dias assument, face aux citoyens et \u00e0 la soci\u00e9t\u00e9, une responsabilit\u00e9 morale qu&rsquo;il faut garder \u00e0 l&rsquo;esprit dans les moments actuels o\u00f9 l&rsquo;information et la communication ont une grande importance tant pour le d\u00e9veloppement de la personnalit\u00e9 des citoyens que pour l&rsquo;\u00e9volution de la soci\u00e9t\u00e9 et de la vie d\u00e9mocratique.<\/i><\/b><\/p>\n<p><b><i>2.\u00a0\u00a0\u00a0\u00a0\u00a0\u00a0 L&rsquo;exercice du journalisme comporte des droits et des devoirs, des libert\u00e9s et des responsabilit\u00e9s.<\/i><\/b><\/p>\n<p><b><i>3.\u00a0\u00a0\u00a0\u00a0\u00a0\u00a0 Le principe de base de toute r\u00e9flexion morale sur le journalisme doit partir d&rsquo;une claire diff\u00e9renciation entre nouvelles et opinions, en \u00e9vitant toute confusion. Les nouvelles sont les informations, des faits et des donn\u00e9es et les opinions sont l&rsquo;expression de pens\u00e9es, d&rsquo;id\u00e9es, de croyances ou de jugements de valeur par les m\u00e9dias, les \u00e9diteurs ou les journalistes.<\/i><\/b><\/p>\n<p><b><i>4.\u00a0\u00a0\u00a0\u00a0\u00a0\u00a0 La diffusion des nouvelles doit se faire dans le respect de la v\u00e9rit\u00e9 apr\u00e8s avoir fait l&rsquo;objet des v\u00e9rifications de rigueur, les faits doivent \u00eatre expos\u00e9s, d\u00e9crits et pr\u00e9sent\u00e9s avec impartialit\u00e9. Les informations ne doivent pas se confondre avec les rumeurs. Les titres et les \u00e9nonc\u00e9s d&rsquo;informations doivent \u00eatre l&rsquo;expression la plus fid\u00e8le possible du contenu des faits et des donn\u00e9es.<\/i><\/b><\/p>\n<p><b><i>5.\u00a0\u00a0\u00a0\u00a0\u00a0\u00a0 L&rsquo;expression d&rsquo;opinions peut consister en r\u00e9flexions ou commentaires sur des id\u00e9es g\u00e9n\u00e9rales ou se r\u00e9f\u00e9rer \u00e0 des commentaires sur des informations en rapport avec des \u00e9v\u00e9nements concrets. Mais, s&rsquo;il est vrai que l&rsquo;expression d&rsquo;opinions \u00e9tant subjective on ne peut ni ne doit exiger la v\u00e9racit\u00e9, on peut exiger en revanche que l&rsquo;expression d&rsquo;opinions se fasse \u00e0 partir d&rsquo;expos\u00e9s honn\u00eates et \u00e9thiquement corrects.<\/i><\/b><\/p>\n<p><b><i>6.\u00a0\u00a0\u00a0\u00a0\u00a0\u00a0 Les opinions sous forme de commentaires sur des \u00e9v\u00e9nements ou des actions de personnes ou d&rsquo;institutions ne doivent pas viser \u00e0 nier ou \u00e0 cacher la r\u00e9alit\u00e9 des faits ou des donn\u00e9es.\u00a0\u00bb<\/i><\/b><\/p>\n<p><b><i>\u00a0<\/i><\/b><\/p>\n<div><span style=\"font-size: 12pt\">On retiendra ici , dans le contexte international pr\u00e9sent, que\u00a0:<\/span><\/div>\n<div><\/div>\n<div><span style=\"font-size: 12pt\">-Les titres et les \u00e9nonc\u00e9s d&rsquo;informations doivent \u00eatre l&rsquo;expression la plus fid\u00e8le possible du contenu des faits et des donn\u00e9es.<\/span><\/div>\n<p><span style=\"font-size: 12pt\">-L&rsquo;expression d&rsquo;opinions devrait se faire \u00e0 partir d&rsquo;expos\u00e9s honn\u00eates et \u00e9thiquement corrects.<\/span><\/p>\n<p><span style=\"font-size: 12pt\">En toute hypoth\u00e8se, on\u00a0 remettra en exergue le propos fondateur de Charles P\u00e9guy\u00a0; <b>\u00ab\u00a0<\/b><b><i>Il faut toujours dire ce que l&rsquo;on voit ; surtout, il faut toujours, ce qui est plus difficile, voir ce que l&rsquo;on voit<\/i><\/b><b>\u00a0\u00bb.<\/b><\/span><b><\/b><\/p>\n<p>&nbsp;<\/p>\n<p class=\"x_ydp8f3c7a65yiv2387949978ydp5967c400MsoNormal\"><span style=\"font-size: 12pt\">Compte-tenu du contenu de cet \u00e9nonc\u00e9 liminaire qui \u00a0ne vaut qu\u2019avertissement, les visiteurs-citoyens de ce site pourront consulter les trois fichiers\u00a0 suivants (accessibles en cliquant sur<\/span> <b><span style=\"color: #3366ff;font-size: 12pt\">Fichier<\/span>\u00a0<\/b>\u2026)<b>\u00a0:<\/b><\/p>\n<p class=\"x_ydp8f3c7a65yiv2387949978ydp5967c400MsoNormal\"><span style=\"font-size: 14pt\"><strong><a href=\"http:\/\/asvpnf.com\/wp-content\/uploads\/2023\/11\/Fichier-1.pdf\" target=\"_blank\" rel=\"noopener\">Fichier 1<\/a><\/strong><\/span><b>.<\/b><b> <\/b><b><i>Voir ce que\u00a0l&rsquo;on voit<\/i><\/b><b> <\/b>par <b><i>Le Printemps R\u00e9publicain<\/i><\/b><b><i>\u00a0,<\/i><\/b>27 octobre 2023<\/p>\n<p class=\"x_ydp8f3c7a65yiv2387949978ydp5967c400MsoNormal\"><span style=\"color: #3366ff\"><b>URL\u00a0;<\/b><b><i>https:\/\/www.printempsrepublicain.fr\/nos-publications\/2023\/10\/26\/voir-ce-que-lon-voit<\/i><\/b><\/span><b><\/b><\/p>\n<div><b>\u00a0<\/b><\/div>\n<div><b><span style=\"font-size: 14pt\"><a href=\"http:\/\/asvpnf.com\/wp-content\/uploads\/2023\/11\/Crimes-et-delires.pdf\" target=\"_blank\" rel=\"noopener\">Fichier 2<\/a><\/span>. <\/b><b><i>Crimes et d\u00e9lires<\/i><\/b><b> \u00a0de <\/b><b><i>Rapha\u00ebl Enthoven,<\/i><\/b><b> <\/b><b><i>Franc-Tireur<\/i><\/b><b> , <\/b>25 octobre 2023<\/div>\n<p class=\"x_ydp8f3c7a65yiv2387949978ydp5967c400MsoNormal\"><span style=\"color: #3366ff\"><b>URL\u00a0<\/b>:<b><i>https:\/\/www.franc-tireur.fr\/crimes-et-delires-ledito-de-raphael-enthoven<\/i><\/b><\/span><\/p>\n<p class=\"x_ydp8f3c7a65yiv2387949978ydp5967c400MsoNormal\"><span style=\"color: #3366ff\"><b>URL<\/b>\u00a0<b><i>:https:\/\/www.desinfos.com\/la-revue-des-infos\/crimes-et-delires-de-raphael-enthoven.html<\/i><\/b><\/span><\/p>\n<p class=\"x_ydp8f3c7a65yiv2387949978ydp5967c400MsoNormal\">\n<div><b>\u00a0<\/b><\/div>\n<div><span style=\"font-size: 14pt;color: #3366ff\"><b><a href=\"http:\/\/asvpnf.com\/wp-content\/uploads\/2023\/11\/Fichier-3.pdf\" target=\"_blank\" rel=\"noopener\">Fichier 3<\/a>.<\/b><b> <\/b><\/span><b><i>De l\u2019utilit\u00e9 du \u00abcrime de guerre\u00bb dans le d\u00e9bat politique<\/i><\/b><b> <\/b>par<b> <\/b><span lang=\"EN-US\"><a class=\"x_ydp8f3c7a65yiv2387949978\" href=\"https:\/\/www.telos-eu.com\/auteur\/66\/olivier-galland.html\" target=\"_blank\" rel=\"nofollow noopener noreferrer\" data-auth=\"NotApplicable\" data-linkindex=\"1\">Olivier Galland<\/a><\/span><i>, <\/i><b><i>Telos<\/i><\/b>, 26 octobre 2023<\/div>\n<p>&nbsp;<\/p>\n<p class=\"x_ydp8f3c7a65yiv2387949978ydp5967c400MsoNormal\"><span style=\"color: #3366ff\"><b>URL<\/b>:<b><i>https:\/\/www.telos-eu.com\/fr\/politique-francaise-et-internationale\/politique-francaise\/de-lutilite-du-crime-de-guerre-dans-le-debat-polit.htm<\/i><\/b>l<\/span><\/p>\n<p class=\"x_ydp8f3c7a65yiv2387949978ydp5967c400MsoNormal\"><i><span style=\"font-size: small\">Que les auteurs ou responsables de r\u00e9daction qui nous ont autoris\u00e9 \u00e0 reproduire leurs articles de fa\u00e7on \u00e0 les repr\u00e9senter sur ce site soient tr\u00e8s sinc\u00e8rement remerci\u00e9s.<\/span><\/i><\/p>\n","protected":false},"excerpt":{"rendered":"<p>\u00ab\u00a0L&rsquo;information et la communication sont indispensables \u00e0 l&rsquo;existence de la d\u00e9mocratie; il suffit de dire que pour se d\u00e9velopper pleinement, toute d\u00e9mocratie doit garantir la participation des citoyens aux affaires publiques et que cette participation est impossible quand les citoyens <a class=\"more-link\" href=\"https:\/\/asvpnf.com\/index.php\/2023\/11\/05\/elements-de-chronique-explicative-non-justificative-dune-actualite-dramatique-et-anxiogene\/\">En lire plus &#8230;<\/a><\/p>\n","protected":false},"author":9,"featured_media":0,"comment_status":"closed","ping_status":"closed","sticky":false,"template":"","format":"standard","meta":{"spay_email":""},"categories":[10],"tags":[47],"jetpack_featured_media_url":"","_links":{"self":[{"href":"https:\/\/asvpnf.com\/index.php\/wp-json\/wp\/v2\/posts\/7115"}],"collection":[{"href":"https:\/\/asvpnf.com\/index.php\/wp-json\/wp\/v2\/posts"}],"about":[{"href":"https:\/\/asvpnf.com\/index.php\/wp-json\/wp\/v2\/types\/post"}],"author":[{"embeddable":true,"href":"https:\/\/asvpnf.com\/index.php\/wp-json\/wp\/v2\/users\/9"}],"replies":[{"embeddable":true,"href":"https:\/\/asvpnf.com\/index.php\/wp-json\/wp\/v2\/comments?post=7115"}],"version-history":[{"count":1,"href":"https:\/\/asvpnf.com\/index.php\/wp-json\/wp\/v2\/posts\/7115\/revisions"}],"predecessor-version":[{"id":7119,"href":"https:\/\/asvpnf.com\/index.php\/wp-json\/wp\/v2\/posts\/7115\/revisions\/7119"}],"wp:attachment":[{"href":"https:\/\/asvpnf.com\/index.php\/wp-json\/wp\/v2\/media?parent=7115"}],"wp:term":[{"taxonomy":"category","embeddable":true,"href":"https:\/\/asvpnf.com\/index.php\/wp-json\/wp\/v2\/categories?post=7115"},{"taxonomy":"post_tag","embeddable":true,"href":"https:\/\/asvpnf.com\/index.php\/wp-json\/wp\/v2\/tags?post=7115"}],"curies":[{"name":"wp","href":"https:\/\/api.w.org\/{rel}","templated":true}]}}