{"id":7545,"date":"2024-11-25T19:55:22","date_gmt":"2024-11-25T18:55:22","guid":{"rendered":"https:\/\/asvpnf.com\/?p=7545"},"modified":"2024-11-25T19:55:22","modified_gmt":"2024-11-25T18:55:22","slug":"pour-labrogation-de-la-loi-debre","status":"publish","type":"post","link":"https:\/\/asvpnf.com\/index.php\/2024\/11\/25\/pour-labrogation-de-la-loi-debre\/","title":{"rendered":"Pour l&rsquo;abrogation de la Loi Debr\u00e9"},"content":{"rendered":"<div><strong><span style=\"font-size: 14pt;font-family: arial, helvetica, sans-serif\" data-olk-copy-source=\"MessageBody\">\u00a0\u00a0\u00a0\u00a0\u00a0\u00a0\u00a0\u00a0\u00a0\u00a0\u00a0\u00a0\u00a0\u00a0\u00a0\u00a0\u00a0\u00a0\u00a0\u00a0\u00a0\u00a0\u00a0\u00a0\u00a0\u00a0\u00a0 ( loi du 29 d\u00e9cembre 1959)<\/span><\/strong><\/div>\n<div><\/div>\n<div><span style=\"font-size: 12pt;font-family: arial, helvetica, sans-serif\">La demande d&rsquo;abrogation mise en exergue ici n&rsquo;est pas une nouveaut\u00e9 sur ce site d\u00e9di\u00e9 \u00e0 la d\u00e9fense de l&rsquo;\u00e9cole publique la\u00efque et\u00a0 de ses ma\u00eetres.\u00a0 65 ans apr\u00e8s son vote ,elle demeure une loi sc\u00e9l\u00e9rate m\u00eame si elle est consid\u00e9r\u00e9e,\u00a0 par les tenants de l&rsquo;\u00e9cole catholique confessionnelle, comme\u00a0 une des\u00a0des grandes lois\u00a0\u00e9ducatives fran\u00e7aises .\u00a0<\/span><\/div>\n<div><span style=\"font-size: 12pt;font-family: arial, helvetica, sans-serif\">Mettant en \u0153uvre des fonds publics ,elle \u00e9tait cens\u00e9e r\u00e9gir les rapports entre l\u2019\u00c9tat et les \u00e9tablissements d&rsquo;enseignement priv\u00e9s. On verra dans ce qui suit que le compte n&rsquo;y est pas et que seule l&rsquo;abrogation permettrait d&rsquo;y mettre de l&rsquo;ordre. Si ce n&rsquo;est trop tard , une telle mesure contribuerait \u00e0\u00a0 sauver l\u2019\u00c9cole publique ,la premi\u00e8re institution de la R\u00e9publique.<\/span><\/div>\n<div><span style=\"font-size: 12pt;font-family: arial, helvetica, sans-serif\">\u00a0<\/span><\/div>\n<div><span style=\"font-size: 12pt;font-family: arial, helvetica, sans-serif\">Aussi\u00a0 comprendra-ton\u00a0 \u00a0ais\u00e9ment que l&rsquo;on puisse sur ce site, accueillir sans ambages\u00a0 toute contribution\u00a0 stigmatisant plus ou moins ouvertement les effets pervers\u00a0 de cette Loi dite Debr\u00e9. C&rsquo;est le cas de la tribune mise en ligne sur le site de \u00ab\u00a0<i>Caf\u00e9 p\u00e9dagogique<\/i>\u00a0\u00bb ce lundi 25 septembre\u00a0 2024.<\/span><\/div>\n<div><span style=\"font-size: 12pt;font-family: arial, helvetica, sans-serif\">\u00a0<\/span><\/div>\n<div><span style=\"font-size: 12pt;font-family: arial, helvetica, sans-serif\">Elle s&rsquo;intitule :<\/span><\/div>\n<div><span style=\"font-size: 12pt;font-family: arial, helvetica, sans-serif\">\u00a0<\/span><\/div>\n<div>\n<p class=\"x_ydpa3f1b750yiv9161108256ydp4f13cfeayiv1678635757ydpaeccd106MsoNormal\" align=\"center\"><span style=\"font-family: arial, helvetica, sans-serif;font-size: 14pt\"><b><i>\u00ab\u00a0L\u2019argent public doit servir l\u2019int\u00e9r\u00eat g\u00e9n\u00e9ral, pas nourrir une \u00e9cole \u00e0 deux vitesses \u00ab\u00a0<\/i><\/b><\/span><\/p>\n<\/div>\n<div><span style=\"font-size: 12pt;font-family: arial, helvetica, sans-serif\">\u00a0<\/span><\/div>\n<div><span style=\"font-family: arial, helvetica, sans-serif;font-size: 12pt\">\u00a0 \u00a0Nous l&rsquo; avons reproduite afin de la repr\u00e9senter sur<i> asvpnf.com<\/i>. On pourra y acc\u00e9der <b><span style=\"color: #4c76a2\"><span style=\"font-size: 18pt\"><a href=\"http:\/\/asvpnf.com\/wp-content\/uploads\/2024\/11\/Chapo-2024-B-32.pdf\" target=\"_blank\" rel=\"noopener\">en cliquant ici<\/a><\/span>.<\/span><\/b><\/span><\/div>\n<div><span style=\"font-size: medium\">\u00a0<\/span><\/div>\n<div><span style=\"font-size: medium\">Que <i>Dj\u00e9hanne Gani<\/i>, r\u00e9dactrice en chef,\u00a0 soit remerci\u00e9e de nous permettre\u00a0 cet emprunt .<\/span><\/div>\n<div><\/div>\n","protected":false},"excerpt":{"rendered":"<p>\u00a0\u00a0\u00a0\u00a0\u00a0\u00a0\u00a0\u00a0\u00a0\u00a0\u00a0\u00a0\u00a0\u00a0\u00a0\u00a0\u00a0\u00a0\u00a0\u00a0\u00a0\u00a0\u00a0\u00a0\u00a0\u00a0\u00a0 ( loi du 29 d\u00e9cembre 1959) La demande d&rsquo;abrogation mise en exergue ici n&rsquo;est pas une nouveaut\u00e9 sur ce site d\u00e9di\u00e9 \u00e0 la d\u00e9fense de l&rsquo;\u00e9cole publique la\u00efque et\u00a0 de ses ma\u00eetres.\u00a0 65 ans apr\u00e8s son vote ,elle demeure <a class=\"more-link\" href=\"https:\/\/asvpnf.com\/index.php\/2024\/11\/25\/pour-labrogation-de-la-loi-debre\/\">En lire plus &#8230;<\/a><\/p>\n","protected":false},"author":9,"featured_media":0,"comment_status":"closed","ping_status":"closed","sticky":false,"template":"","format":"standard","meta":{"spay_email":""},"categories":[11],"tags":[],"jetpack_featured_media_url":"","_links":{"self":[{"href":"https:\/\/asvpnf.com\/index.php\/wp-json\/wp\/v2\/posts\/7545"}],"collection":[{"href":"https:\/\/asvpnf.com\/index.php\/wp-json\/wp\/v2\/posts"}],"about":[{"href":"https:\/\/asvpnf.com\/index.php\/wp-json\/wp\/v2\/types\/post"}],"author":[{"embeddable":true,"href":"https:\/\/asvpnf.com\/index.php\/wp-json\/wp\/v2\/users\/9"}],"replies":[{"embeddable":true,"href":"https:\/\/asvpnf.com\/index.php\/wp-json\/wp\/v2\/comments?post=7545"}],"version-history":[{"count":1,"href":"https:\/\/asvpnf.com\/index.php\/wp-json\/wp\/v2\/posts\/7545\/revisions"}],"predecessor-version":[{"id":7547,"href":"https:\/\/asvpnf.com\/index.php\/wp-json\/wp\/v2\/posts\/7545\/revisions\/7547"}],"wp:attachment":[{"href":"https:\/\/asvpnf.com\/index.php\/wp-json\/wp\/v2\/media?parent=7545"}],"wp:term":[{"taxonomy":"category","embeddable":true,"href":"https:\/\/asvpnf.com\/index.php\/wp-json\/wp\/v2\/categories?post=7545"},{"taxonomy":"post_tag","embeddable":true,"href":"https:\/\/asvpnf.com\/index.php\/wp-json\/wp\/v2\/tags?post=7545"}],"curies":[{"name":"wp","href":"https:\/\/api.w.org\/{rel}","templated":true}]}}