{"id":7890,"date":"2025-09-10T13:16:51","date_gmt":"2025-09-10T12:16:51","guid":{"rendered":"https:\/\/asvpnf.com\/?p=7890"},"modified":"2025-09-10T13:16:51","modified_gmt":"2025-09-10T12:16:51","slug":"le-wokisme-lindifferenciation-et-la-logique-inversee-de-la-victime-expiatoire","status":"publish","type":"post","link":"https:\/\/asvpnf.com\/index.php\/2025\/09\/10\/le-wokisme-lindifferenciation-et-la-logique-inversee-de-la-victime-expiatoire\/","title":{"rendered":"Le wokisme, l\u2019indiff\u00e9renciation et la logique invers\u00e9e de la victime expiatoire\u00a0"},"content":{"rendered":"<div><span style=\"font-size: 14pt;font-family: arial, helvetica, sans-serif\"><b>Ainsi s&rsquo;intitule l&rsquo;article\u00a0<\/b><b>d&rsquo;<i>Olivier Klein<\/i> mis en ligne le 2 ao\u00fbt 2025 sur <i>Mezetulle<\/i> , le blog revue de <i>Catherine Kintzler.<\/i><\/b><\/span><\/div>\n<div><span style=\"font-family: arial, helvetica, sans-serif;font-size: 14pt\"><b><i>\u00a0<\/i><\/b><\/span><\/div>\n<div><span style=\"font-family: arial, helvetica, sans-serif;font-size: 14pt\"><b>D\u00e9j\u00e0 en 2024, cet auteur pointait les dangers du wokisme\u00a0 (<a id=\"LPlnk251881\" class=\"x_ydp6c028d0yiv3815802200ydp32c3f327yiv4463395908\" title=\"https:\/\/www.oklein.fr\/du-danger-du-wokisme\/\" href=\"https:\/\/www.oklein.fr\/du-danger-du-wokisme\/\" target=\"_blank\" rel=\"nofollow noopener noreferrer\" data-auth=\"NotApplicable\" data-linkindex=\"0\">https:\/\/www.oklein.fr\/du-danger-du-wokisme\/<\/a>) , soulignant\u00a0 que \u00ab\u00a0<i>notre civilisation a bien des progr\u00e8s \u00e0 faire encore. Mais elle n\u2019a pas, \u00e0 de nombreux titres, \u00e0 rougir d\u2019elle-m\u00eame. Ni \u00e0 accepter une d\u00e9rive mortif\u00e8re. Ni \u00e0 subir une contre-r\u00e9action populiste qui n\u2019apporterait que son bien pauvre double sym\u00e9trique. Tout autant illib\u00e9ral, a-scientifique et anti-d\u00e9mocratique.<\/i>\u00ab\u00a0<\/b><\/span><\/div>\n<div><span style=\"font-family: arial, helvetica, sans-serif;font-size: 14pt\"><b>Il avait \u00e9galement not\u00e9 que \u00a0\u00bb <i>le wokisme \u00e9tait une maladie s\u00e9nile de la d\u00e9mocratie\u00a0\u00bb.<\/i><\/b><\/span><\/div>\n<div><span style=\"font-family: arial, helvetica, sans-serif;font-size: 14pt\"><b>Les visiteurs ,souvent indign\u00e9s par la mont\u00e9e de ce syst\u00e8me id\u00e9ologique venu des Etats-Unis pourront consulter,\u00a0<\/b><\/span><\/div>\n<div><span style=\"font-family: arial, helvetica, sans-serif;font-size: 14pt\"><b><a href=\"http:\/\/asvpnf.com\/wp-content\/uploads\/2025\/09\/Le-wokismelindidfferenciation-et-la-logique-de-la-victime-expiatoire.pdf\" target=\"_blank\" rel=\"noopener\">en cliquant ici<\/a> le r\u00e9cent article\u00a0 d\u00e9volu \u00e0 la question et o\u00f9 il appara\u00eet que :<\/b><\/span><\/div>\n<div><span style=\"font-family: arial, helvetica, sans-serif;font-size: 14pt\"><b>\u00a0\u00bb Olivier<i> <\/i>Klein<i>\u00a0<\/i><\/b><i>\u00a0analyse le wokisme, consid\u00e9r\u00e9 en tant qu\u2019id\u00e9ologie, \u00e0 la lumi\u00e8re de la th\u00e9orie mim\u00e9tique de <\/i>Ren\u00e9 Girard<i> dont il rappelle d\u2019abord les \u00e9l\u00e9ments essentiels. La structure mim\u00e9tique du d\u00e9sir est d\u2019autant plus efficiente et violente que les agents se ressemblent, de sorte que \u00ab\u00a0l\u2019indiff\u00e9renciation acc\u00e9l\u00e8re le processus mim\u00e9tique et son issue violente\u00a0\u00bb\u00a0; le groupe \u00e9chappe \u00e0 l\u2019auto-destruction par la d\u00e9signation d\u2019une victime expiatoire. \u00ab\u00a0En visant l\u2019effacement de toutes les diff\u00e9rences quelles qu\u2019elles soient, per\u00e7ues comme discriminatoires\u00a0\u00bb, le wokisme accentue le mim\u00e9tisme, installe la concurrence victimaire, et s\u2019en prend alors \u00e0 une nouvelle figure du bouc \u00e9missaire \u2013 l\u2019oppresseur\u00a0 \u2013 ce faisant, il restaure, en l\u2019inversant, la logique sacrificielle.\u00a0\u00bb<\/i><\/span><\/div>\n<div>\n<div><span style=\"color: #444444;font-family: arial, helvetica, sans-serif;font-size: 14pt\"><b><i>\u00a0<\/i><\/b><\/span><\/div>\n<div dir=\"ltr\"><span style=\"color: #444444;font-family: arial, helvetica, sans-serif;font-size: 14pt\"><b>Que <i>Catherine Kintzler<\/i> soit remerci\u00e9e d&rsquo;autoriser ce nouvel emprunt \u00e0 <i>Mezetulle.<\/i><\/b><\/span><\/div>\n<div><\/div>\n<\/div>\n","protected":false},"excerpt":{"rendered":"<p>Ainsi s&rsquo;intitule l&rsquo;article\u00a0d&rsquo;Olivier Klein mis en ligne le 2 ao\u00fbt 2025 sur Mezetulle , le blog revue de Catherine Kintzler. \u00a0 D\u00e9j\u00e0 en 2024, cet auteur pointait les dangers du wokisme\u00a0 (https:\/\/www.oklein.fr\/du-danger-du-wokisme\/) , soulignant\u00a0 que \u00ab\u00a0notre civilisation a bien des <a class=\"more-link\" href=\"https:\/\/asvpnf.com\/index.php\/2025\/09\/10\/le-wokisme-lindifferenciation-et-la-logique-inversee-de-la-victime-expiatoire\/\">En lire plus &#8230;<\/a><\/p>\n","protected":false},"author":9,"featured_media":0,"comment_status":"closed","ping_status":"closed","sticky":false,"template":"","format":"standard","meta":{"spay_email":""},"categories":[1,10],"tags":[47],"jetpack_featured_media_url":"","_links":{"self":[{"href":"https:\/\/asvpnf.com\/index.php\/wp-json\/wp\/v2\/posts\/7890"}],"collection":[{"href":"https:\/\/asvpnf.com\/index.php\/wp-json\/wp\/v2\/posts"}],"about":[{"href":"https:\/\/asvpnf.com\/index.php\/wp-json\/wp\/v2\/types\/post"}],"author":[{"embeddable":true,"href":"https:\/\/asvpnf.com\/index.php\/wp-json\/wp\/v2\/users\/9"}],"replies":[{"embeddable":true,"href":"https:\/\/asvpnf.com\/index.php\/wp-json\/wp\/v2\/comments?post=7890"}],"version-history":[{"count":2,"href":"https:\/\/asvpnf.com\/index.php\/wp-json\/wp\/v2\/posts\/7890\/revisions"}],"predecessor-version":[{"id":7893,"href":"https:\/\/asvpnf.com\/index.php\/wp-json\/wp\/v2\/posts\/7890\/revisions\/7893"}],"wp:attachment":[{"href":"https:\/\/asvpnf.com\/index.php\/wp-json\/wp\/v2\/media?parent=7890"}],"wp:term":[{"taxonomy":"category","embeddable":true,"href":"https:\/\/asvpnf.com\/index.php\/wp-json\/wp\/v2\/categories?post=7890"},{"taxonomy":"post_tag","embeddable":true,"href":"https:\/\/asvpnf.com\/index.php\/wp-json\/wp\/v2\/tags?post=7890"}],"curies":[{"name":"wp","href":"https:\/\/api.w.org\/{rel}","templated":true}]}}