{"id":7980,"date":"2025-10-12T18:50:19","date_gmt":"2025-10-12T17:50:19","guid":{"rendered":"https:\/\/asvpnf.com\/?p=7980"},"modified":"2025-10-12T18:50:19","modified_gmt":"2025-10-12T17:50:19","slug":"les-80-ans-de-la-securite-sociale","status":"publish","type":"post","link":"https:\/\/asvpnf.com\/index.php\/2025\/10\/12\/les-80-ans-de-la-securite-sociale\/","title":{"rendered":"Les 80 ans de la SECURITE SOCIALE"},"content":{"rendered":"<div dir=\"ltr\"><span style=\"font-size: x-large\"><b data-olk-copy-source=\"MessageBody\"><\/b><span style=\"font-family: arial, helvetica, sans-serif;font-size: 14pt\"><i>Apr\u00e8s des jours heureux fondateurs<\/i><\/span><\/span><\/div>\n<div dir=\"ltr\">\n<div>\n<div><span style=\"font-family: arial, helvetica, sans-serif;font-size: 14pt\"><b><i>\u00a0<\/i><\/b><\/span><\/div>\n<div><span style=\"font-family: arial, helvetica, sans-serif;font-size: 14pt\"><b><i>\u00a0<\/i><\/b><\/span><\/div>\n<div><span style=\"font-family: arial, helvetica, sans-serif;font-size: 18pt\"><b><i>La S\u00e9curit\u00e9 sociale : 80 ans au service de la solidarit\u00e9 nationale<\/i><\/b> !<\/span><\/div>\n<p class=\"x_ydp3ec60968yiv2642795507ydpd4183b75yiv7510173985ydp96480017MsoNormal\">\n<p class=\"x_ydp3ec60968yiv2642795507ydpd4183b75yiv7510173985ydp96480017MsoNormal\"><span style=\"font-family: arial, helvetica, sans-serif;font-size: 14pt\"><i><span lang=\"EN-US\">SECURITE SOCIALE &#8211; 19.05.2025<\/span><\/i><\/span><\/p>\n<p class=\"x_ydp3ec60968yiv2642795507ydpd4183b75yiv7510173985ydp96480017MsoNormal\"><span lang=\"EN-US\" style=\"font-family: arial, helvetica, sans-serif;font-size: 14pt\">En 2025, la S\u00e9curit\u00e9 sociale f\u00eate ses\u00a080 ans. Cr\u00e9\u00e9e en 1945, au sortir de la Seconde Guerre mondiale, elle incarne depuis 8 d\u00e9cennies une ambition forte :\u00a0prot\u00e9ger chacun face aux al\u00e9as de la vie. Prot\u00e9ger et soigner, faciliter le quotidien, suivre les carri\u00e8res, soutenir l\u2019autonomie, financer les aides\u2026 la S\u00e9curit\u00e9 sociale est au c\u0153ur de notre mod\u00e8le r\u00e9publicain et continue d\u2019\u00e9voluer pour r\u00e9pondre aux besoins des citoyens d\u2019aujourd\u2019hui et de demain.<\/span><\/p>\n<p class=\"x_ydp3ec60968yiv2642795507ydpd4183b75yiv7510173985ydp96480017MsoNormal\" align=\"center\"><span style=\"font-family: arial, helvetica, sans-serif;font-size: 14pt\"><i><span lang=\"EN-US\">\u00a0<\/span><\/i><\/span><\/p>\n<p class=\"x_ydp3ec60968yiv2642795507ydpd4183b75yiv7510173985ydp96480017MsoNormal\" align=\"center\"><span style=\"font-family: arial, helvetica, sans-serif;font-size: 14pt\"><i><span lang=\"EN-US\"><b>Le manifeste d\u2019anniversaire<\/b><\/span><\/i><\/span><\/p>\n<p class=\"x_ydp3ec60968yiv2642795507ydpd4183b75yiv7510173985ydp96480017MsoNormal\"><span style=\"font-family: arial, helvetica, sans-serif;font-size: 14pt\"><b><i>\u201c\u00c0 l\u2019occasion de cet anniversaire, les branches de la S\u00e9curit\u00e9 sociale ont r\u00e9dig\u00e9\u00a0un manifeste\u00a0collectif, le voici\u00a0:<\/i><\/b><\/span><\/p>\n<p class=\"x_ydp3ec60968yiv2642795507ydpd4183b75yiv7510173985ydp96480017MsoNormal\"><span style=\"font-family: arial, helvetica, sans-serif;font-size: 14pt\"><b><i><span lang=\"EN-US\">H\u00e9rit\u00e9e des g\u00e9n\u00e9rations qui nous ont pr\u00e9c\u00e9d\u00e9s, la S\u00e9curit\u00e9 sociale est le fruit d\u2019une ambition commune\u202f: garantir \u00e0 toutes et tous l\u2019acc\u00e8s aux soins, l\u2019accompagnement aux diff\u00e9rents moments de la vie, et la possibilit\u00e9 de vieillir dignement.<br \/>\nLa S\u00e9curit\u00e9 sociale est un mod\u00e8le solidaire au c\u0153ur de notre pacte r\u00e9publicain, qui prot\u00e8ge sans exclure, qui accompagne sans distinction, qui unit sans diviser.<br \/>\nLa S\u00e9curit\u00e9 sociale est un bien collectif qui doit s&rsquo;adapter aux nouveaux besoins et qu\u2019il s\u2019agit de faire \u00e9voluer sans cesse face aux d\u00e9fis \u00e9conomiques, d\u00e9mographiques, \u00e9cologiques&#8230; Nous en sommes toutes et tous responsables.<br \/>\nLa S\u00e9curit\u00e9 sociale est plus qu&rsquo;un droit, c&rsquo;est un choix de soci\u00e9t\u00e9. <\/span><\/i><\/b><b><i>\u00c0 nous de la pr\u00e9server et de la transmettre aux g\u00e9n\u00e9rations futures<\/i><\/b>.\u201d\u00a0<\/span><\/p>\n<p class=\"x_ydp3ec60968yiv2642795507ydpd4183b75yiv7510173985ydp96480017MsoNormal\"><span style=\"font-family: arial, helvetica, sans-serif;font-size: 14pt\"><b><span lang=\"EN-US\">La S\u00e9curit\u00e9 sociale. Citoyenne et solidaire depuis 80 ans.<\/span><\/b><\/span><\/p>\n<p class=\"x_ydp3ec60968yiv2642795507ydpd4183b75yiv7510173985ydp96480017MsoNormal\"><span lang=\"EN-US\" style=\"font-family: arial, helvetica, sans-serif;font-size: 14pt\">Un site d\u00e9di\u00e9 pour revivre 80 ans d\u2019histoire\u2026et regarder vers l\u2019avenir<\/span><\/p>\n<p class=\"x_ydp3ec60968yiv2642795507ydpd4183b75yiv7510173985ydp96480017MsoNormal\"><span lang=\"EN-US\" style=\"font-family: arial, helvetica, sans-serif;font-size: 14pt\">Pour c\u00e9l\u00e9brer cet anniversaire,\u00a0<a title=\"https:\/\/80ans.securite-sociale.fr\/\" href=\"https:\/\/80ans.securite-sociale.fr\/\" target=\"_blank\" rel=\"nofollow noopener noreferrer\" data-auth=\"NotApplicable\" data-linkindex=\"0\">un site d\u00e9di\u00e9\u00a0<\/a>a \u00e9t\u00e9 mis en ligne. Vous y trouverez :<br \/>\n\u2022\u00a0\u00a0\u00a0\u00a0les grandes dates de la S\u00e9curit\u00e9 sociale<br \/>\n\u2022\u00a0\u00a0\u00a0\u00a0les \u00e9v\u00e9nements anniversaires organis\u00e9s partout en France<br \/>\n\u2022\u00a0\u00a0\u00a0\u00a0des portraits de collaborateurs<br \/>\n\u2022\u00a0\u00a0\u00a0\u00a0des ressources in\u00e9dites pour comprendre l\u2019\u00e9volution et les enjeux de la S\u00e9curit\u00e9 sociale.<\/span><\/p>\n<p class=\"x_ydp3ec60968yiv2642795507ydpd4183b75yiv7510173985ydp96480017MsoNormal\"><span style=\"font-family: arial, helvetica, sans-serif;font-size: 14pt\"><span lang=\"EN-US\">D\u00e9couvrir le site anniversaire <\/span><b><i><span lang=\"EN-US\">:\u00a0<a title=\"https:\/\/80ans.securite-sociale.fr\/\" href=\"https:\/\/80ans.securite-sociale.fr\/\" target=\"_blank\" rel=\"nofollow noopener noreferrer\" data-auth=\"NotApplicable\" data-linkindex=\"1\">https:\/\/80ans.securite-sociale.fr\/<\/a><\/span><\/i><\/b><\/span><\/p>\n<p><span style=\"font-family: arial, helvetica, sans-serif;font-size: 14pt\">Les visiteurs pourront en conna\u00eetre davantage en se rendant <i>\u00e0 <b>https:\/\/sante.gouv.fr\/actualites-presse\/actualites-du-ministere\/article\/solidaire-et-citoyenne-la-securite-sociale-fete-ses-80-ans\u00a0. <\/b><\/i><\/span><\/p>\n<p><span style=\"font-family: arial, helvetica, sans-serif;font-size: 14pt\">On y souligne notamment que<b><i> <\/i><\/b>\u00a0\u00ab\u00a0cr\u00e9\u00e9e par\u00a0<strong>les ordonnances des 4 et 19 octobre 1945<\/strong>, au lendemain de la Seconde Guerre mondiale, la S\u00e9curit\u00e9 sociale est un socle essentiel du pacte r\u00e9publicain. Elle est b\u00e2tie sur des valeurs fondatrices\u00a0:\u00a0<strong>un syst\u00e8me solidaire, universel et \u00e9quitable.<\/strong><\/span><\/p>\n<p><span style=\"font-family: arial, helvetica, sans-serif;font-size: 14pt\">\u00ab\u00a0Fond\u00e9 sur le principe de solidarit\u00e9 nationale, le syst\u00e8me a introduit la notion de r<strong>edistribution, cl\u00e9 de vo\u00fbte de notre mod\u00e8le de protection sociale<\/strong>. L\u2019argent collect\u00e9 via les cotisations sociales est utilis\u00e9 pour aider ceux qui en ont le plus besoin (jeunes, familles monoparentales, personnes en situation de handicap, ch\u00f4meurs\u2026) afin b\u00e9n\u00e9ficier \u00e0 tous, de r\u00e9duire la pauvret\u00e9 et de lutter contre les in\u00e9galit\u00e9s. En effet, la \u00ab\u00a0S\u00e9cu\u00a0\u00bb repose sur un contrat implicite qui lie tous les citoyens\u00a0:\u00a0<strong>chacun y contribue selon ses moyens et en b\u00e9n\u00e9ficie selon ses besoins.<\/strong><strong>\u00a0\u00bb<\/strong><\/span><\/p>\n<p><span style=\"font-family: arial, helvetica, sans-serif;font-size: 14pt\"><strong>Les visiteurs sont \u00e9galement invit\u00e9s \u00e0 consulter,\u00a0<span style=\"font-size: 18pt\"><a href=\"http:\/\/asvpnf.com\/wp-content\/uploads\/2025\/10\/Les-80-ans-de-la-Securite-social1.pdf\" target=\"_blank\" rel=\"noopener\">en cliquant ici<\/a><\/span>,<\/strong><strong> l\u2019article \u00e0 ce propos publi\u00e9 sur le \u00a0site du <i>Centre Henri Aigueperse<\/i> et intitul\u00e9\u00a0:<\/strong><\/span><\/p>\n<p class=\"x_ydp3ec60968yiv2642795507ydpd4183b75yiv7510173985ydp96480017MsoNormal\" align=\"center\"><span style=\"font-family: arial, helvetica, sans-serif;font-size: 14pt\"><b><i>\u201c<\/i><\/b><b><i><span lang=\"EN-US\"><a title=\"https:\/\/centrehenriaigueperse.com\/2025\/10\/07\/les-80-ans-de-la-securite-sociale-retour-sur-le-passe-et-regard-vers-lavenir\/\" href=\"https:\/\/centrehenriaigueperse.com\/2025\/10\/07\/les-80-ans-de-la-securite-sociale-retour-sur-le-passe-et-regard-vers-lavenir\/\" target=\"_blank\" rel=\"nofollow noopener noreferrer\" data-auth=\"NotApplicable\" data-linkindex=\"2\"><span lang=\"FR\">Les 80 ans de la S\u00e9curit\u00e9 sociale\u00a0: retour sur le pass\u00e9, et regard vers\u00a0l\u2019avenir<\/span><\/a><\/span><\/i><\/b><b><i>\u201d<\/i><\/b><b><i><\/i><\/b><\/span><\/p>\n<p><span style=\"font-family: arial, helvetica, sans-serif;font-size: 14pt\"><strong>\u00a0<\/strong><span style=\"font-size: 12pt\"><strong>Que le r\u00e9dacteur en chef du <i>Centre Henri Aigueperse<\/i> soit remerci\u00e9 de nous permettre la reproduction de l\u2019article mis en ligne sur le site de son centre de recherche.<\/strong><\/span><\/span><\/p>\n<\/div>\n<\/div>\n","protected":false},"excerpt":{"rendered":"<p>Apr\u00e8s des jours heureux fondateurs \u00a0 \u00a0 La S\u00e9curit\u00e9 sociale : 80 ans au service de la solidarit\u00e9 nationale ! SECURITE SOCIALE &#8211; 19.05.2025 En 2025, la S\u00e9curit\u00e9 sociale f\u00eate ses\u00a080 ans. Cr\u00e9\u00e9e en 1945, au sortir de la Seconde <a class=\"more-link\" href=\"https:\/\/asvpnf.com\/index.php\/2025\/10\/12\/les-80-ans-de-la-securite-sociale\/\">En lire plus &#8230;<\/a><\/p>\n","protected":false},"author":9,"featured_media":0,"comment_status":"closed","ping_status":"closed","sticky":false,"template":"","format":"standard","meta":{"spay_email":""},"categories":[10],"tags":[47],"jetpack_featured_media_url":"","_links":{"self":[{"href":"https:\/\/asvpnf.com\/index.php\/wp-json\/wp\/v2\/posts\/7980"}],"collection":[{"href":"https:\/\/asvpnf.com\/index.php\/wp-json\/wp\/v2\/posts"}],"about":[{"href":"https:\/\/asvpnf.com\/index.php\/wp-json\/wp\/v2\/types\/post"}],"author":[{"embeddable":true,"href":"https:\/\/asvpnf.com\/index.php\/wp-json\/wp\/v2\/users\/9"}],"replies":[{"embeddable":true,"href":"https:\/\/asvpnf.com\/index.php\/wp-json\/wp\/v2\/comments?post=7980"}],"version-history":[{"count":1,"href":"https:\/\/asvpnf.com\/index.php\/wp-json\/wp\/v2\/posts\/7980\/revisions"}],"predecessor-version":[{"id":7982,"href":"https:\/\/asvpnf.com\/index.php\/wp-json\/wp\/v2\/posts\/7980\/revisions\/7982"}],"wp:attachment":[{"href":"https:\/\/asvpnf.com\/index.php\/wp-json\/wp\/v2\/media?parent=7980"}],"wp:term":[{"taxonomy":"category","embeddable":true,"href":"https:\/\/asvpnf.com\/index.php\/wp-json\/wp\/v2\/categories?post=7980"},{"taxonomy":"post_tag","embeddable":true,"href":"https:\/\/asvpnf.com\/index.php\/wp-json\/wp\/v2\/tags?post=7980"}],"curies":[{"name":"wp","href":"https:\/\/api.w.org\/{rel}","templated":true}]}}